{"id":218476,"date":"2019-10-22T14:33:41","date_gmt":"2019-10-22T11:33:41","guid":{"rendered":"http:\/\/www.tvturk.com\/index.php\/kulupler-birliginden-fikret-ormana-plaket\/"},"modified":"2019-10-22T14:33:41","modified_gmt":"2019-10-22T11:33:41","slug":"kulupler-birliginden-fikret-ormana-plaket","status":"publish","type":"post","link":"http:\/\/www.tvturk.com\/index.php\/kulupler-birliginden-fikret-ormana-plaket\/","title":{"rendered":"Kul\u00fcpler Birli\u011fi\u2019nden Fikret Orman\u2019a plaket"},"content":{"rendered":"<p>Be\u015fikta\u015f Kul\u00fcb\u00fc Ba\u015fkanl\u0131\u011f\u0131ndan istifa eden ve Kul\u00fcpler Birli\u011fi Ba\u015fkanl\u0131k g\u00f6revi de d\u00fc\u015fen Fikret Orman\u2019a, Vakf\u0131n Ba\u015fkan Yard\u0131mc\u0131s\u0131 Adil Gevrek, te\u015fekk\u00fcr plaketi verdi.<\/p>\n<p>Be\u015fikta\u015f Ba\u015fkanl\u0131k g\u00f6revinden istifa eden ve ge\u00e7ti\u011fimiz g\u00fcn yap\u0131lan se\u00e7imli ola\u011fan\u00fcst\u00fc genel kurulda koltu\u011funu Ahmet Nur \u00c7ebi\u2019ye b\u0131rakan Fikret Orman\u2019a, Kul\u00fcpler Birli\u011fi Vakf\u0131\u2019ndan hizmetleri i\u00e7in te\u015fekk\u00fcr plaketi verildi. 1 \u015eubat 2018 tarihinden beri Kul\u00fcpler Birli\u011fi Vakf\u0131\u2019n\u0131n ba\u015fkanl\u0131k g\u00f6revini y\u00fcr\u00fcten Fikret Orman\u2019a, te\u015fekk\u00fcr plaketini Vakf\u0131n Ba\u015fkan Yard\u0131mc\u0131s\u0131 Adil Gevrek takdim etti.<\/p>\n","protected":false},"excerpt":{"rendered":"<p>BE\u015e\u0130KTA\u015e KUL\u00dcB\u00dc BA\u015eKANLI\u011eINDAN \u0130ST\u0130FA EDEN VE KUL\u00dcPLER B\u0130RL\u0130\u011e\u0130 BA\u015eKANLIK G\u00d6REV\u0130 DE D\u00dc\u015eEN F\u0130KRET ORMAN&#8217;A, VAKFIN BA\u015eKAN YARDIMCISI AD\u0130L GEVREK TARAFINDAN TE\u015eEKK\u00dcR PLAKET\u0130 VER\u0130LD\u0130.<\/p>\n","protected":false},"author":1,"featured_media":218477,"comment_status":"closed","ping_status":"open","sticky":false,"template":"","format":"standard","meta":{"jetpack_post_was_ever_published":false,"_jetpack_newsletter_access":"","_jetpack_dont_email_post_to_subs":false,"_jetpack_newsletter_tier_id":0,"_jetpack_memberships_contains_paywalled_content":false,"_jetpack_memberships_contains_paid_content":false,"footnotes":"","jetpack_publicize_message":"","jetpack_publicize_feature_enabled":true,"jetpack_social_post_already_shared":true,"jetpack_social_options":{"image_generator_settings":{"template":"highway","default_image_id":0,"font":"","enabled":false},"version":2}},"categories":[657],"tags":[8756,4919,906,4427,2793],"class_list":["post-218476","post","type-post","status-publish","format-standard","has-post-thumbnail","hentry","category-spor","tag-birliginden","tag-fikret","tag-kulupler","tag-ormana","tag-plaket"],"jetpack_publicize_connections":[],"jetpack_featured_media_url":"https:\/\/i0.wp.com\/www.tvturk.com\/wp-content\/uploads\/2019\/10\/kulupler-birliginden-fikret-ormana-plaket_3069a43.jpg?fit=768%2C608","jetpack_sharing_enabled":true,"jetpack_shortlink":"https:\/\/wp.me\/paKIfm-UPO","_links":{"self":[{"href":"http:\/\/www.tvturk.com\/index.php\/wp-json\/wp\/v2\/posts\/218476","targetHints":{"allow":["GET"]}}],"collection":[{"href":"http:\/\/www.tvturk.com\/index.php\/wp-json\/wp\/v2\/posts"}],"about":[{"href":"http:\/\/www.tvturk.com\/index.php\/wp-json\/wp\/v2\/types\/post"}],"author":[{"embeddable":true,"href":"http:\/\/www.tvturk.com\/index.php\/wp-json\/wp\/v2\/users\/1"}],"replies":[{"embeddable":true,"href":"http:\/\/www.tvturk.com\/index.php\/wp-json\/wp\/v2\/comments?post=218476"}],"version-history":[{"count":0,"href":"http:\/\/www.tvturk.com\/index.php\/wp-json\/wp\/v2\/posts\/218476\/revisions"}],"wp:featuredmedia":[{"embeddable":true,"href":"http:\/\/www.tvturk.com\/index.php\/wp-json\/wp\/v2\/media\/218477"}],"wp:attachment":[{"href":"http:\/\/www.tvturk.com\/index.php\/wp-json\/wp\/v2\/media?parent=218476"}],"wp:term":[{"taxonomy":"category","embeddable":true,"href":"http:\/\/www.tvturk.com\/index.php\/wp-json\/wp\/v2\/categories?post=218476"},{"taxonomy":"post_tag","embeddable":true,"href":"http:\/\/www.tvturk.com\/index.php\/wp-json\/wp\/v2\/tags?post=218476"}],"curies":[{"name":"wp","href":"https:\/\/api.w.org\/{rel}","templated":true}]}}