{"id":218484,"date":"2019-10-22T15:02:13","date_gmt":"2019-10-22T12:02:13","guid":{"rendered":"http:\/\/www.tvturk.com\/index.php\/pazarlama-sektoru-pazarlama-turkiye-zirvesinde-bulusuyor\/"},"modified":"2019-10-22T15:02:13","modified_gmt":"2019-10-22T12:02:13","slug":"pazarlama-sektoru-pazarlama-turkiye-zirvesinde-bulusuyor","status":"publish","type":"post","link":"http:\/\/www.tvturk.com\/index.php\/pazarlama-sektoru-pazarlama-turkiye-zirvesinde-bulusuyor\/","title":{"rendered":"Pazarlama sekt\u00f6r\u00fc \u2019Pazarlama T\u00fcrkiye Zirvesi\u2019nde bulu\u015fuyor"},"content":{"rendered":"<p>Pazarlama T\u00fcrkiye Zirvesi, 24 Ekim\u2019de 24 Konu\u015fmac\u0131 ile sekt\u00f6r\u00fc bir araya getirecek.<\/p>\n<p>Her y\u0131l T\u00fcrkiye\u2019nin \u00f6nemli markalar\u0131n\u0131n \u00fcst d\u00fczey y\u00f6neticilerini, kat\u0131l\u0131mc\u0131larla bir araya getiren Pazarlama T\u00fcrkiye Zirvesi, 24 Ekim Cumartesi g\u00fcn\u00fc kap\u0131lar\u0131n\u0131 a\u00e7\u0131yor. Verilen bilgilere g\u00f6re, zirveye  bu y\u0131l, alan\u0131nda uzman 24 pazarlama profesyoneli konu\u015fmac\u0131 olarak kat\u0131lacak. Konu\u015fmac\u0131lar pazarlama alan\u0131nda edindikleri tecr\u00fcbeleri dinleyicilere aktar\u0131rken, pazarlama d\u00fcnyas\u0131na dair g\u00fcncel geli\u015fmeler ele al\u0131nacak. Bu y\u0131l zirvede, markalar ve t\u00fcketici aras\u0131ndaki ili\u015fkiden hareketle \u2019Touch\u2019 temas\u0131 i\u015flenecek.<\/p>\n<p>Glovo\u2019nun resim sponsorlu\u011funda ger\u00e7ekle\u015fecek zirvede, Glovo CEO\u2019su Austin Kim de konu\u015fmac\u0131 olarak yer alacak. T\u00fcrkiye\u2019nin \u00f6nde gelen platformlar\u0131ndan sahibinden.com ve Yemeksepeti\u2019nin yan\u0131 s\u0131ra T\u00fcrkiye\u2019den do\u011farak yurtd\u0131\u015f\u0131na a\u00e7\u0131lan ve b\u00fcy\u00fck ba\u015far\u0131lara imza atan Insider ve Mosanta\u2019dan uzmanlar zirveye kat\u0131lacak. Zirveye reklam, ileti\u015fim, teknoloji, otomotiv, sa\u011fl\u0131k ve finans gibi bir\u00e7ok farkl\u0131 sekt\u00f6rden konu\u015fmac\u0131 olarak kat\u0131lacak isimler ise \u015fu \u015fekilde belirtildi:<\/p>\n<p>&#8220;Akan Abdula, FutureBright Research &#8211; Founding Partner<\/p>\n<p>Banu Barbaroso\u011flu, sahibinden.com &#8211; Vice President of Advertising Sales<\/p>\n<p>Bar\u0131\u015f S\u00f6nmez, Yemeksepeti &#8211; Marketing Director<\/p>\n<p>Birim G\u00f6n\u00fcl\u015fen \u00d6zy\u00fcrekli, Visa &#8211; CMO<\/p>\n<p>Cem S\u00fcmb\u00fcl, Teknoloji Edit\u00f6r\u00fc (Moderat\u00f6r)<\/p>\n<p>Co\u015fkun Ye\u015filba\u015f, Diverseffect &#8211; Head of Agency (Moderat\u00f6r)<\/p>\n<p>Didem Namver, PepsiCo &#8211; Head of Digital Marketing and eCommerce<\/p>\n<p>G\u00fcven Bor\u00e7a, Markam &#8211; Founder<\/p>\n<p>Hande \u00c7ilingir, Insider &#8211; CEO and Co-Founder<\/p>\n<p>\u0130lyas Teker, Mosanta &#8211; Founder<\/p>\n<p>Tun\u00e7 Berkman, Vestel &#8211; CMO<\/p>\n<p>Yasemin \u00d6zen G\u00fcrelli, Ipsos T\u00fcrkiye &#8211; CCO<\/p>\n<p>Zeynep Tapt\u0131k Bilgen, Netcom Medya &#8211; Founding Partner<\/p>\n<p>Sevin\u00e7 Sat\u0131ro\u011flu Master of Ceremony<\/p>\n<p>Sosyal M\u00fczik &#8211; Canl\u0131 M\u00fczik E\u015fli\u011finde At\u00f6lye \u00c7al\u0131\u015fmas\u0131<\/p>\n<p>Austin Kim &#8211; Glovo T\u00fcrkiye CEO<\/p>\n<p>Ay\u015fe Asl\u0131 Bozda\u011f &#8211; Kutsal \u0130nek &#8211; Meditasyon<\/p>\n<p>Zehra \u00d6ney, Teknolojide Kad\u0131n Derne\u011fi (Wtech) &#8211; President<\/p>\n<p>Didem Duru, CISCO Genel M\u00fcd\u00fcr\u00fc<\/p>\n<p>Meltem Bakiler \u015eahin, Vodafone T\u00fcrkiye \u0130cra Kurulu Ba\u015fkan Yard\u0131mc\u0131s\u0131<\/p>\n<p>G\u00f6khan Kazar, ESL Turkey Managing Director, MENA<\/p>\n<p>Tansu Kendirli, OYUNDER Y\u00f6netim Kurulu Ba\u015fkan\u0131<\/p>\n<p>Do\u011fa Oran, Teknosa Kategori ve Tedarik Zinciri GMY<\/p>\n<p>Koray Y\u0131ld\u0131z, Intel T\u00fcrkiye Perakende Sat\u0131\u015f Direkt\u00f6r\u00fc&#8221;<\/p>\n","protected":false},"excerpt":{"rendered":"<p>PAZARLAMA SEKT\u00d6R\u00dc &#8216;PAZARLAMA T\u00dcRK\u0130YE Z\u0130RVES\u0130\u2019NDE BULU\u015eUYOR<\/p>\n","protected":false},"author":1,"featured_media":218485,"comment_status":"closed","ping_status":"open","sticky":false,"template":"","format":"standard","meta":{"jetpack_post_was_ever_published":false,"_jetpack_newsletter_access":"","_jetpack_dont_email_post_to_subs":false,"_jetpack_newsletter_tier_id":0,"_jetpack_memberships_contains_paywalled_content":false,"_jetpack_memberships_contains_paid_content":false,"footnotes":"","jetpack_publicize_message":"","jetpack_publicize_feature_enabled":true,"jetpack_social_post_already_shared":true,"jetpack_social_options":{"image_generator_settings":{"template":"highway","default_image_id":0,"font":"","enabled":false},"version":2}},"categories":[19],"tags":[3689,2815,301,453,3969],"class_list":["post-218484","post","type-post","status-publish","format-standard","has-post-thumbnail","hentry","category-ekonomi","tag-bulusuyor","tag-pazarlama","tag-sektoru","tag-turkiye","tag-zirvesinde"],"jetpack_publicize_connections":[],"jetpack_featured_media_url":"https:\/\/i0.wp.com\/www.tvturk.com\/wp-content\/uploads\/2019\/10\/pazarlama-sektoru-pazarlama-turkiye-zirvesinde-bulusuyor_8a09acc.jpg?fit=1000%2C666","jetpack_sharing_enabled":true,"jetpack_shortlink":"https:\/\/wp.me\/paKIfm-UPW","_links":{"self":[{"href":"http:\/\/www.tvturk.com\/index.php\/wp-json\/wp\/v2\/posts\/218484","targetHints":{"allow":["GET"]}}],"collection":[{"href":"http:\/\/www.tvturk.com\/index.php\/wp-json\/wp\/v2\/posts"}],"about":[{"href":"http:\/\/www.tvturk.com\/index.php\/wp-json\/wp\/v2\/types\/post"}],"author":[{"embeddable":true,"href":"http:\/\/www.tvturk.com\/index.php\/wp-json\/wp\/v2\/users\/1"}],"replies":[{"embeddable":true,"href":"http:\/\/www.tvturk.com\/index.php\/wp-json\/wp\/v2\/comments?post=218484"}],"version-history":[{"count":0,"href":"http:\/\/www.tvturk.com\/index.php\/wp-json\/wp\/v2\/posts\/218484\/revisions"}],"wp:featuredmedia":[{"embeddable":true,"href":"http:\/\/www.tvturk.com\/index.php\/wp-json\/wp\/v2\/media\/218485"}],"wp:attachment":[{"href":"http:\/\/www.tvturk.com\/index.php\/wp-json\/wp\/v2\/media?parent=218484"}],"wp:term":[{"taxonomy":"category","embeddable":true,"href":"http:\/\/www.tvturk.com\/index.php\/wp-json\/wp\/v2\/categories?post=218484"},{"taxonomy":"post_tag","embeddable":true,"href":"http:\/\/www.tvturk.com\/index.php\/wp-json\/wp\/v2\/tags?post=218484"}],"curies":[{"name":"wp","href":"https:\/\/api.w.org\/{rel}","templated":true}]}}