{"id":218502,"date":"2019-10-22T15:17:04","date_gmt":"2019-10-22T12:17:04","guid":{"rendered":"http:\/\/www.tvturk.com\/index.php\/dunyaca-unlu-sef-huseyin-ozerden-baris-pinari-harekatina-ovgu\/"},"modified":"2019-10-22T15:17:04","modified_gmt":"2019-10-22T12:17:04","slug":"dunyaca-unlu-sef-huseyin-ozerden-baris-pinari-harekatina-ovgu","status":"publish","type":"post","link":"http:\/\/www.tvturk.com\/index.php\/dunyaca-unlu-sef-huseyin-ozerden-baris-pinari-harekatina-ovgu\/","title":{"rendered":"D\u00fcnyaca \u00fcnl\u00fc \u015fef H\u00fcseyin \u00d6zer\u2019den Bar\u0131\u015f P\u0131nar\u0131 Harekat\u0131na \u00f6vg\u00fc"},"content":{"rendered":"<p>D\u00fcnyan\u0131n en \u00fcnl\u00fc \u015feflerinden H\u00fcseyin \u00d6zer,  Bar\u0131\u015f P\u0131nar\u0131 Harekat\u0131ndan \u00f6vg\u00fc ile bahsederek, &#8220;T\u00fcrkiye\u2019ye ecnebiler, Avrupal\u0131lar k\u0131z\u0131yorsa k\u0131skand\u0131\u011f\u0131ndan k\u0131z\u0131yordur. K\u0131n\u0131yorsa, k\u0131skand\u0131\u011f\u0131ndan kan\u0131yordur. \u0130\u00e7 d\u00fcnyalar\u0131nda kesinlikte T\u00fcrkiye\u2019nin yerinde olmak isterler&#8221; dedi.<\/p>\n<p>Londra\u2019da restoran zinciri bulunan H\u00fcseyin \u00d6zer, memleketi Tokat\u2019\u0131n Re\u015fadiye il\u00e7esinde hem\u015fehrileri ile bir araya gelerek filmlere konu olacak hayat hikayesini anlatt\u0131. Daha sonra kentin tan\u0131t\u0131m\u0131 i\u00e7in Ye\u015fil\u0131rmak\u2019ta Kanal Tokat\u2019\u0131 gezerek Osmanl\u0131 Kancaba\u015f\u0131 kay\u0131klar\u0131na binen \u00d6zer, sonbahar\u0131n tad\u0131n\u0131 \u00e7\u0131kard\u0131. Tokat Belediye Ba\u015fkan\u0131 Ey\u00fcp Ero\u011flu\u2019nu makam\u0131nda ziyaret eden \u00d6zer, samimi duygular\u0131n\u0131 dile getirdi. Ba\u015fkan Ero\u011flu ile kucakla\u015fan \u00d6zer, kentle ilgili izlenimlerini dile getirdi. Ba\u015fkan Ero\u011flu\u2019da ziyaretten duydu\u011fu memnuniyeti dile getirerek bir s\u00fcre konu\u011fu ile sohbet etti. En son Tokat\u2019a 4 y\u0131l \u00f6nce geldi\u011fini ifade eden \u00d6zer, \u201cSamimiyetle s\u00f6yl\u00fcyorum buras\u0131, Paris\u2019i Londra\u2019y\u0131 ge\u00e7mi\u015f. Tokat\u2019a bay\u0131ld\u0131m burada ya\u015fayabilirim. Sandalla gezdim m\u00fckemmel, Venedi\u011fi de ge\u00e7mi\u015f\u201d diye konu\u015ftu. Bar\u0131\u015f P\u0131nar\u0131 Harekat\u0131\u2019n\u0131n yurt d\u0131\u015f\u0131na yans\u0131malar\u0131n\u0131 de\u011ferlendiren \u00d6zer, \u201cT\u00fcrkiyeyi k\u0131skananlar \u2019bu yanl\u0131\u015f\u2019 diyebilirler ama k\u0131skand\u0131\u011f\u0131 i\u00e7in yanl\u0131\u015f der. Ama her akl\u0131 fikri, kalbi olan insan y\u00fcre\u011finin i\u00e7inde kendi kendine \u2019do\u011fru yap\u0131yor\u2019 diye takdir eder. T\u00fcrkiyeyi takdir ediyor, be\u011feniyorlar\u201d dedi.<\/p>\n<p>&#8220;T\u00fcrkiye\u2019ye ecnebiler, Avrupal\u0131lar k\u0131z\u0131yorsa k\u0131skand\u0131\u011f\u0131ndan k\u0131z\u0131yordur&#8221;<\/p>\n<p>Bar\u0131\u015f P\u0131nar\u0131 Harekat\u0131na minnettar oldu\u011funu ifade eden \u00d6zer, \u201cKimseye sen K\u00fcrt\u2019s\u00fcn demiyoruz, ayr\u0131m yapm\u0131yoruz kimseye. \u00d6yle olsa \u0131rk\u00e7\u0131l\u0131k olur. T\u00fcrk milleti olarak biz \u0131rk\u00e7\u0131 de\u011filiz. Biz kendimiz herkesi seviyoruz. Suriye\u2019den gelenleri ald\u0131k ba\u015f\u0131m\u0131za ta\u00e7 ettik. Bar\u0131\u015f Harekat\u0131 \u00e7ok \u00f6nemlidir, do\u011fru idi yap\u0131lm\u0131\u015ft\u0131r. Bar\u0131\u015f P\u0131nar\u0131 Harekat\u0131ndan \u00f6nce hata yapm\u0131\u015ft\u0131k, bar\u0131\u015fla oturmakla. Devlet bar\u0131\u015fla oturur mu? Sonra ne oldu bunlar iyice azd\u0131. Onun i\u00e7in devlet bar\u0131\u015fla oturmaz, temizler. Bu nedenle yap\u0131lmas\u0131 do\u011frudur, \u00f6ld\u00fcrmeden g\u00f6nderiyoruz. O da do\u011frudur \u00e7ok insanidir. Devletimizi, Cumhurba\u015fkan\u0131m\u0131z\u0131 ve etraf\u0131ndakileri y\u00fcrekten kutluyorum. T\u00fcm partiler birle\u015ftiler, MHP \u00e7ok ba\u015far\u0131l\u0131 \u00f6nderlik yap\u0131yor bu i\u015flere. Bah\u00e7eli\u2019nin yerinde ba\u015fka birsi olsa idi, T\u00fcrkiye \u00e7oktan i\u00e7 sava\u015fa girmi\u015fti. MHP\u2019ye, Bah\u00e7eli\u2019ye minnettar olsun b\u00fct\u00fcn T\u00fcrkler. Ben T\u00fcrkiye Cumhuriyetini ba\u015f\u0131mda ta\u00e7 ettim \u00f6yle ta\u015f\u0131yorum. T\u00fcrkiye\u2019ye ecnebiler, Avrupal\u0131lar k\u0131z\u0131yorsa k\u0131skand\u0131\u011f\u0131ndan k\u0131z\u0131yordur. K\u0131n\u0131yorsa, k\u0131skand\u0131\u011f\u0131ndan kan\u0131yordur. \u0130\u00e7 d\u00fcnyalar\u0131nda kesinlikte T\u00fcrkiye\u2019nin yerinde olmak isterler. T\u00fcrkiye\u2019nin yapmak istedi\u011fini yapmak isterler. Beceremedikleri i\u00e7in k\u00f6t\u00fc, yanl\u0131\u015f diyorlard\u0131r. Onlar beceriksiz, T\u00fcrkiye beceriklidir. T\u00fcrkiye, \u0130ngiltere\u2019de \u00e7ok \u00fcst\u00fcn bir memlekettir. \u0130ki tane kocaman vatan\u0131m var benim. \u0130ngiltere han\u0131m taraf\u0131, T\u00fcrkiye anne taraf\u0131m. Oras\u0131 a\u015fk taraf\u0131 buras\u0131 anne, baba taraf\u0131. Bir g\u00fcn orada a\u015fk\u0131m biterse buraya hemen gelebilirim\u201d diye konu\u015ftu.<\/p>\n","protected":false},"excerpt":{"rendered":"<p>D\u00dcNYANIN EN \u00dcNL\u00dc \u015eEFLER\u0130NDEN H\u00dcSEY\u0130N \u00d6ZER,  BARI\u015e PINARI HAREKATINDAN \u00d6VG\u00dc \u0130LE BAHSEDEREK, &#8220;T\u00dcRK\u0130YE\u2019YE ECNEB\u0130LER, AVRUPALILAR KIZIYORSA KISKANDI\u011eINDAN KIZIYORDUR. KINIYORSA, KISKANDI\u011eINDAN KANIYORDUR. \u0130\u00c7 D\u00dcNYALARINDA KES\u0130NL\u0130KTE T\u00dcRK\u0130YE&#8217;N\u0130N YER\u0130NDE OLMAK \u0130STERLER&#8221; DED\u0130.<\/p>\n","protected":false},"author":1,"featured_media":218503,"comment_status":"closed","ping_status":"open","sticky":false,"template":"","format":"standard","meta":{"jetpack_post_was_ever_published":false,"_jetpack_newsletter_access":"","_jetpack_dont_email_post_to_subs":false,"_jetpack_newsletter_tier_id":0,"_jetpack_memberships_contains_paywalled_content":false,"_jetpack_memberships_contains_paid_content":false,"footnotes":"","jetpack_publicize_message":"","jetpack_publicize_feature_enabled":true,"jetpack_social_post_already_shared":true,"jetpack_social_options":{"image_generator_settings":{"template":"highway","default_image_id":0,"font":"","enabled":false},"version":2}},"categories":[1],"tags":[4256,9392,31321,5250,3730,42867,53832,17407,5590],"class_list":["post-218502","post","type-post","status-publish","format-standard","has-post-thumbnail","hentry","category-genel","tag-baris","tag-dunyaca","tag-harekatina","tag-huseyin","tag-ovgu","tag-ozerden","tag-pinari","tag-sef","tag-unlu"],"jetpack_publicize_connections":[],"jetpack_featured_media_url":"https:\/\/i0.wp.com\/www.tvturk.com\/wp-content\/uploads\/2019\/10\/dunyaca-unlu-sef-huseyin-ozerden-baris-pinari-harekatina-ovgu_08dd322.jpg?fit=1000%2C671","jetpack_sharing_enabled":true,"jetpack_shortlink":"https:\/\/wp.me\/paKIfm-UQe","_links":{"self":[{"href":"http:\/\/www.tvturk.com\/index.php\/wp-json\/wp\/v2\/posts\/218502","targetHints":{"allow":["GET"]}}],"collection":[{"href":"http:\/\/www.tvturk.com\/index.php\/wp-json\/wp\/v2\/posts"}],"about":[{"href":"http:\/\/www.tvturk.com\/index.php\/wp-json\/wp\/v2\/types\/post"}],"author":[{"embeddable":true,"href":"http:\/\/www.tvturk.com\/index.php\/wp-json\/wp\/v2\/users\/1"}],"replies":[{"embeddable":true,"href":"http:\/\/www.tvturk.com\/index.php\/wp-json\/wp\/v2\/comments?post=218502"}],"version-history":[{"count":0,"href":"http:\/\/www.tvturk.com\/index.php\/wp-json\/wp\/v2\/posts\/218502\/revisions"}],"wp:featuredmedia":[{"embeddable":true,"href":"http:\/\/www.tvturk.com\/index.php\/wp-json\/wp\/v2\/media\/218503"}],"wp:attachment":[{"href":"http:\/\/www.tvturk.com\/index.php\/wp-json\/wp\/v2\/media?parent=218502"}],"wp:term":[{"taxonomy":"category","embeddable":true,"href":"http:\/\/www.tvturk.com\/index.php\/wp-json\/wp\/v2\/categories?post=218502"},{"taxonomy":"post_tag","embeddable":true,"href":"http:\/\/www.tvturk.com\/index.php\/wp-json\/wp\/v2\/tags?post=218502"}],"curies":[{"name":"wp","href":"https:\/\/api.w.org\/{rel}","templated":true}]}}