{"id":218516,"date":"2019-10-22T15:32:46","date_gmt":"2019-10-22T12:32:46","guid":{"rendered":"http:\/\/www.tvturk.com\/index.php\/kadin-personeli-ve-hanimlar-lokali-uyelerine-yonelik-egitim-programi-duzenlendi\/"},"modified":"2019-10-22T15:32:46","modified_gmt":"2019-10-22T12:32:46","slug":"kadin-personeli-ve-hanimlar-lokali-uyelerine-yonelik-egitim-programi-duzenlendi","status":"publish","type":"post","link":"http:\/\/www.tvturk.com\/index.php\/kadin-personeli-ve-hanimlar-lokali-uyelerine-yonelik-egitim-programi-duzenlendi\/","title":{"rendered":"Kad\u0131n personeli ve han\u0131mlar lokali \u00fcyelerine y\u00f6nelik e\u011fitim program\u0131 d\u00fczenlendi"},"content":{"rendered":"<p>Ankara B\u00fcy\u00fck\u015fehir Belediyesi K\u00fclt\u00fcr ve Sosyal \u0130\u015fler Daire Ba\u015fkanl\u0131\u011f\u0131 Kad\u0131n ve Aile \u015eube M\u00fcd\u00fcrl\u00fc\u011f\u00fc, Han\u0131mlar Lokali \u00fcyeleri ile kad\u0131n personeline, \u201cKad\u0131na Y\u00f6nelik \u015eiddetle M\u00fccadele\u201d ve \u201cErken Ya\u015fta Evlilikle M\u00fccadele\u201d e\u011fitimi verdi.<\/p>\n<p>\u015eiddete kar\u015f\u0131 bilin\u00e7lenme<\/p>\n<p>B\u00fcy\u00fck\u015fehir Belediyesi Konferans Salonu\u2019nda Kad\u0131n ve Aile \u015eube M\u00fcd\u00fcr\u00fc \u015eenay Y\u0131lmaz taraf\u0131ndan verilen seminerde; \u015fiddet nedir, t\u00fcrleri nelerdir ve \u015fiddetle m\u00fccadele y\u00f6ntemleri ba\u015fta olmak \u00fczere \u015fiddete kar\u015f\u0131 destek programlar\u0131 ve ba\u015fvurulacak kurumlar tek tek anlat\u0131ld\u0131. \u015eiddet g\u00f6ren kad\u0131nlar\u0131n ba\u015fvurabilecekleri yerlerden birinin \u0130\u00e7i\u015fleri Bakanl\u0131\u011f\u0131 Emniyet Genel M\u00fcd\u00fcrl\u00fc\u011f\u00fc koordinasyonunda y\u00fcr\u00fct\u00fclen \u201cKad\u0131n Destek Uygulamalar\u0131 (KADES)\u201d oldu\u011funu vurgulayan Y\u0131lmaz, erken ya\u015fta evlili\u011fin nedenleri ve \u00e7\u00f6z\u00fcmleri konusunda da ayr\u0131nt\u0131l\u0131 sunum yapt\u0131.<\/p>\n<p>E\u011fitimin \u00f6nemi<\/p>\n<p>E\u011fitim program\u0131na kat\u0131lan Elif Y\u0131ld\u0131r\u0131m G\u00fcler (42), &#8220;\u00c7ok faydal\u0131 bir e\u011fitim oldu\u011funu d\u00fc\u015f\u00fcn\u00fcyorum. Bu e\u011fitim bize verildi ama eminim B\u00fcy\u00fck\u015fehir Belediyesi toplumsal alana da yayacakt\u0131r. Her anne o\u011flunu, k\u0131z\u0131n\u0131 bu konuda \u00e7ok daha duyarl\u0131 yeti\u015ftirirse bu yara iyile\u015fecektir\u201d dedi.<\/p>\n<p>Mercan \u0130lhan (38) ise &#8220;Kad\u0131na \u015fiddeti \u00f6nleyecek ki\u015filerin kad\u0131nlar oldu\u011funu d\u00fc\u015f\u00fcn\u00fcyorum. \u00c7\u00fcnk\u00fc erkekleri de biz anneler yeti\u015ftiriyoruz. Do\u011fru \u00e7ocuklar yeti\u015ftirdi\u011fimizde bu sorun da ortadan kalkacakt\u0131r. B\u00fcy\u00fck\u015fehir belediyesinin verdi\u011fi bu e\u011fitimler \u00e7ok \u00f6nemli ve \u00e7ok de\u011ferli ama erkeklere y\u00f6nelik de e\u011fitimler verilmesini isterim&#8221; diye konu\u015ftu.<\/p>\n<p>Elif \u00d6zer (43), &#8220;Bizler \u00e7al\u0131\u015ft\u0131\u011f\u0131m\u0131z birim gere\u011fince kad\u0131nlara daha fazla ula\u015fabiliyoruz. \u015eiddet ma\u011fduru kad\u0131nlara yard\u0131mc\u0131 olabilmemiz i\u00e7in bilin\u00e7lendi\u011fimizi d\u00fc\u015f\u00fcn\u00fcyorum. Bunun i\u00e7in belediyemize te\u015fekk\u00fcr ediyorum&#8221; derken, Jale \u00c7al\u0131\u015fkan (47) da &#8220;Herkesin de b\u00f6yle e\u011fitimlere kat\u0131lmas\u0131n\u0131 isterim. Sadece kad\u0131na de\u011fil erke\u011fe de \u015fiddet uygulanabiliyor. Bu sebeple e\u011fitimler \u00f6nemli ancak kad\u0131n ve erkek her iki taraf\u0131n da e\u011fitilmesi gerekir.\u201d<\/p>\n<p>Erkeklere de e\u011fitim verilecek<\/p>\n<p>B\u00fcy\u00fck\u015fehir Belediyesi taraf\u0131ndan kad\u0131na \u015fiddetle m\u00fccadeleye y\u00f6nelik S\u0131\u011f\u0131nma Evlerinde, Han\u0131m Lokallerinde ve Kad\u0131n Dan\u0131\u015fma Birimlerinde s\u0131k s\u0131k seminer verildi\u011fini ifade eden Hizmet \u0130\u00e7i E\u011fitim M\u00fcd\u00fcr\u00fc Resul K\u00f6kten, bu e\u011fitimlerin kad\u0131n-erkek ayr\u0131m\u0131 olmadan her ya\u015f grubuna verilece\u011fini de s\u00f6yledi:<\/p>\n<p>\u201cKad\u0131nlara y\u00f6nelik verilen bu e\u011fitimleri erkeklere de verece\u011fiz. Bu e\u011fitimlerin devam\u0131 da gelecek. Haz\u0131rl\u0131klar\u0131m\u0131z s\u00fcr\u00fcyor. D\u00fczenleyece\u011fimiz seminerlere t\u00fcm Ba\u015fkentliler kat\u0131labilecek.&#8221;<\/p>\n","protected":false},"excerpt":{"rendered":"<p>HAYATA GE\u00c7\u0130RD\u0130\u011e\u0130 B\u0130R\u00c7OK PROJEDE KADINA VERD\u0130\u011e\u0130 \u00d6NEM\u0130 VE DESTE\u011e\u0130 G\u00d6STEREN ANKARA B\u00dcY\u00dcK\u015eEH\u0130R BELED\u0130YES\u0130, FARKLI KONULARDA D\u00dcZENLED\u0130\u011e\u0130 E\u011e\u0130T\u0130M PROGRAMLARIYLA DA KADINLARIN YANINDA OLMAYA VE ONLARI B\u0130L\u0130N\u00c7LEND\u0130RMEYE DEVAM ED\u0130YOR.<\/p>\n","protected":false},"author":1,"featured_media":218517,"comment_status":"closed","ping_status":"open","sticky":false,"template":"","format":"standard","meta":{"jetpack_post_was_ever_published":false,"_jetpack_newsletter_access":"","_jetpack_dont_email_post_to_subs":false,"_jetpack_newsletter_tier_id":0,"_jetpack_memberships_contains_paywalled_content":false,"_jetpack_memberships_contains_paid_content":false,"footnotes":"","jetpack_publicize_message":"","jetpack_publicize_feature_enabled":true,"jetpack_social_post_already_shared":true,"jetpack_social_options":{"image_generator_settings":{"template":"highway","default_image_id":0,"font":"","enabled":false},"version":2}},"categories":[1],"tags":[2202,398,28021,108,21390,9603,1999,318,1843],"class_list":["post-218516","post","type-post","status-publish","format-standard","has-post-thumbnail","hentry","category-genel","tag-duzenlendi","tag-egitim","tag-hanimlar","tag-kadin","tag-lokali","tag-personeli","tag-programi","tag-uyelerine","tag-yonelik"],"jetpack_publicize_connections":[],"jetpack_featured_media_url":"https:\/\/i0.wp.com\/www.tvturk.com\/wp-content\/uploads\/2019\/10\/kadin-personeli-ve-hanimlar-lokali-uyelerine-yonelik-egitim-programi-duzenlendi_cf9c71f.jpg?fit=1000%2C666","jetpack_sharing_enabled":true,"jetpack_shortlink":"https:\/\/wp.me\/paKIfm-UQs","_links":{"self":[{"href":"http:\/\/www.tvturk.com\/index.php\/wp-json\/wp\/v2\/posts\/218516","targetHints":{"allow":["GET"]}}],"collection":[{"href":"http:\/\/www.tvturk.com\/index.php\/wp-json\/wp\/v2\/posts"}],"about":[{"href":"http:\/\/www.tvturk.com\/index.php\/wp-json\/wp\/v2\/types\/post"}],"author":[{"embeddable":true,"href":"http:\/\/www.tvturk.com\/index.php\/wp-json\/wp\/v2\/users\/1"}],"replies":[{"embeddable":true,"href":"http:\/\/www.tvturk.com\/index.php\/wp-json\/wp\/v2\/comments?post=218516"}],"version-history":[{"count":0,"href":"http:\/\/www.tvturk.com\/index.php\/wp-json\/wp\/v2\/posts\/218516\/revisions"}],"wp:featuredmedia":[{"embeddable":true,"href":"http:\/\/www.tvturk.com\/index.php\/wp-json\/wp\/v2\/media\/218517"}],"wp:attachment":[{"href":"http:\/\/www.tvturk.com\/index.php\/wp-json\/wp\/v2\/media?parent=218516"}],"wp:term":[{"taxonomy":"category","embeddable":true,"href":"http:\/\/www.tvturk.com\/index.php\/wp-json\/wp\/v2\/categories?post=218516"},{"taxonomy":"post_tag","embeddable":true,"href":"http:\/\/www.tvturk.com\/index.php\/wp-json\/wp\/v2\/tags?post=218516"}],"curies":[{"name":"wp","href":"https:\/\/api.w.org\/{rel}","templated":true}]}}