{"id":218536,"date":"2019-10-22T16:17:02","date_gmt":"2019-10-22T13:17:02","guid":{"rendered":"http:\/\/www.tvturk.com\/index.php\/tsk-tel-abyadda-yardim-dagitma-faaliyetlerini-surduruyor\/"},"modified":"2019-10-22T16:17:02","modified_gmt":"2019-10-22T13:17:02","slug":"tsk-tel-abyadda-yardim-dagitma-faaliyetlerini-surduruyor","status":"publish","type":"post","link":"http:\/\/www.tvturk.com\/index.php\/tsk-tel-abyadda-yardim-dagitma-faaliyetlerini-surduruyor\/","title":{"rendered":"TSK, Tel Abyad\u2019da yard\u0131m da\u011f\u0131tma faaliyetlerini s\u00fcrd\u00fcr\u00fcyor"},"content":{"rendered":"<p>Milli Savunma Bakanl\u0131\u011f\u0131, Bar\u0131\u015f P\u0131nar\u0131 Harekat\u0131 kapsam\u0131nda kontrol alt\u0131na al\u0131nan b\u00f6lgelerde ya\u015fam\u0131 normale d\u00f6nd\u00fcrme \u00e7al\u0131\u015fmalar\u0131na devam ediyor.<\/p>\n<p>Milli Savunma Bakanl\u0131\u011f\u0131n\u0131n sosyal medya hesab\u0131 \u00fczerinden &#8220;Kahraman Mehmet\u00e7ik Tel Abyad\u2019da yard\u0131m da\u011f\u0131tma faaliyetlerine devam ediyor&#8221; a\u00e7\u0131klamas\u0131yla payla\u015f\u0131lan foto\u011fraflarda Afet ve Acil Durum Y\u00f6netimi Ba\u015fkanl\u0131\u011f\u0131 (AFAD) personelleri, T\u00fcrk K\u0131z\u0131lay\u0131\u2019n\u0131n haz\u0131rlad\u0131\u011f\u0131 g\u0131da paketlerini ihtiya\u00e7 sahiplerine da\u011f\u0131t\u0131yor.<\/p>\n","protected":false},"excerpt":{"rendered":"<p>M\u0130LL\u0130 SAVUNMA BAKANLI\u011eI, BARI\u015e PINARI HAREKATI KAPSAMINDA KONTROL ALTINA ALINAN B\u00d6LGELERDE YA\u015eAMI NORMALE D\u00d6ND\u00dcRME \u00c7ALI\u015eMALARINA DEVAM ED\u0130YOR.<\/p>\n","protected":false},"author":1,"featured_media":218537,"comment_status":"closed","ping_status":"open","sticky":false,"template":"","format":"standard","meta":{"jetpack_post_was_ever_published":false,"_jetpack_newsletter_access":"","_jetpack_dont_email_post_to_subs":false,"_jetpack_newsletter_tier_id":0,"_jetpack_memberships_contains_paywalled_content":false,"_jetpack_memberships_contains_paid_content":false,"footnotes":"","jetpack_publicize_message":"","jetpack_publicize_feature_enabled":true,"jetpack_social_post_already_shared":true,"jetpack_social_options":{"image_generator_settings":{"template":"highway","default_image_id":0,"font":"","enabled":false},"version":2}},"categories":[1],"tags":[54237,55305,42711,1772,1236,11645,1736],"class_list":["post-218536","post","type-post","status-publish","format-standard","has-post-thumbnail","hentry","category-genel","tag-abyadda","tag-dagitma","tag-faaliyetlerini","tag-surduruyor","tag-tel","tag-tsk","tag-yardim"],"jetpack_publicize_connections":[],"jetpack_featured_media_url":"https:\/\/i0.wp.com\/www.tvturk.com\/wp-content\/uploads\/2019\/10\/tsk-tel-abyadda-yardim-dagitma-faaliyetlerini-surduruyor_dd2a5d9.jpg?fit=721%2C661","jetpack_sharing_enabled":true,"jetpack_shortlink":"https:\/\/wp.me\/paKIfm-UQM","_links":{"self":[{"href":"http:\/\/www.tvturk.com\/index.php\/wp-json\/wp\/v2\/posts\/218536","targetHints":{"allow":["GET"]}}],"collection":[{"href":"http:\/\/www.tvturk.com\/index.php\/wp-json\/wp\/v2\/posts"}],"about":[{"href":"http:\/\/www.tvturk.com\/index.php\/wp-json\/wp\/v2\/types\/post"}],"author":[{"embeddable":true,"href":"http:\/\/www.tvturk.com\/index.php\/wp-json\/wp\/v2\/users\/1"}],"replies":[{"embeddable":true,"href":"http:\/\/www.tvturk.com\/index.php\/wp-json\/wp\/v2\/comments?post=218536"}],"version-history":[{"count":0,"href":"http:\/\/www.tvturk.com\/index.php\/wp-json\/wp\/v2\/posts\/218536\/revisions"}],"wp:featuredmedia":[{"embeddable":true,"href":"http:\/\/www.tvturk.com\/index.php\/wp-json\/wp\/v2\/media\/218537"}],"wp:attachment":[{"href":"http:\/\/www.tvturk.com\/index.php\/wp-json\/wp\/v2\/media?parent=218536"}],"wp:term":[{"taxonomy":"category","embeddable":true,"href":"http:\/\/www.tvturk.com\/index.php\/wp-json\/wp\/v2\/categories?post=218536"},{"taxonomy":"post_tag","embeddable":true,"href":"http:\/\/www.tvturk.com\/index.php\/wp-json\/wp\/v2\/tags?post=218536"}],"curies":[{"name":"wp","href":"https:\/\/api.w.org\/{rel}","templated":true}]}}