{"id":218596,"date":"2019-10-22T18:16:46","date_gmt":"2019-10-22T15:16:46","guid":{"rendered":"http:\/\/www.tvturk.com\/index.php\/2-bakan-yeni-sanayi-alani-icin-samsuna-gelecek\/"},"modified":"2019-10-22T18:16:46","modified_gmt":"2019-10-22T15:16:46","slug":"2-bakan-yeni-sanayi-alani-icin-samsuna-gelecek","status":"publish","type":"post","link":"http:\/\/www.tvturk.com\/index.php\/2-bakan-yeni-sanayi-alani-icin-samsuna-gelecek\/","title":{"rendered":"2 bakan yeni sanayi alan\u0131 i\u00e7in Samsun\u2019a gelecek"},"content":{"rendered":"<p>AK Parti Genel Ba\u015fkan Yard\u0131mc\u0131s\u0131 ve Samsun Milletvekili \u00c7i\u011fdem Karaaslan, Sanayi Bakan\u0131 Mustafa Varank ile Tar\u0131m ve Orman Bakan\u0131 Bekir Pakdemirli\u2019nin Samsun\u2019da yeni sanayi alan\u0131 parselleri \u00fcretilmesiyle ilgili \u00e7al\u0131\u015fma yapmak \u00fczere Samsun\u2019a gelece\u011fini a\u00e7\u0131klad\u0131.<\/p>\n<p>Samsun Ticaret ve Sanayi Odas\u0131n\u0131 (TSO) ziyaret eden AK Parti Genel Ba\u015fkan Yard\u0131mc\u0131s\u0131 ve Samsun Milletvekili \u00c7i\u011fdem Karaaslan, yap\u0131lmas\u0131 d\u00fc\u015f\u00fcn\u00fclen yeni sanayi alan\u0131 hakk\u0131nda \u00f6nemli a\u00e7\u0131klamalarda bulundu. TSO Y\u00f6netim Kurulu Ba\u015fkan\u0131 Salih Zeki Murzio\u011flu ve y\u00f6netim kurulu \u00fcyeleriyle fikir al\u0131\u015fveri\u015finde bulunan Karaaslan, yak\u0131n zamanda konuyla ilgili 2 bakan\u0131n Samsun\u2019a gelerek incelemelerde ve de\u011ferlendirmelerde bulunaca\u011f\u0131n\u0131 ifade etti.<\/p>\n<p>Ziyaretin amac\u0131n\u0131n Samsun\u2019un geli\u015fmesine katk\u0131 sa\u011flamak oldu\u011funu vurgulayan \u00c7i\u011fdem Karaaslan, \u201cBug\u00fcnk\u00fc ziyaretimiz de bizler a\u00e7\u0131s\u0131ndan \u00e7ok \u00f6nemli. Biz Samsun\u2019un farkl\u0131 noktalardaki temsilcileriyiz. Kimimiz Ankara\u2019da siyaseten Samsun\u2019u temsil ediyor kimimiz de burada i\u015f d\u00fcnyas\u0131nda emek \u00fcreterek, istihdam olu\u015fturarak temsil ediyor. Samsun TSO da bu noktada \u015fehrimizi ula\u015fmak istedi\u011fimiz noktaya ta\u015f\u0131mak i\u00e7in \u00e7aba koymu\u015ftur ve koyacakt\u0131r. Burada bizim \u00fcst\u00fcm\u00fcze d\u00fc\u015fen g\u00f6revler de var. 31 Mart se\u00e7imleri ve \u0130stanbul se\u00e7imlerini atlatt\u0131k. Onun \u00f6ncesinde de bir\u00e7ok se\u00e7imi arka arkaya atlat\u0131rken, \u015fehrimizle ilgili yapmak istedi\u011fimiz, hedefledi\u011fimiz, ortaya koydu\u011fumuz vizyon \u00e7er\u00e7evesinde \u00f6nemli hamleler var. \u015eimdi bunlar\u0131 hayata ge\u00e7irme zaman\u0131. \u015eehrin bilim camias\u0131, ticareti, sanayisi ve b\u00fct\u00fcn farkl\u0131 kesimlerin temsili ile b\u00fct\u00fcn siyaset kurumu tek v\u00fccut olursa bir \u015fehirde kalk\u0131nma sa\u011flanabiliyor. Bizim \u015fehrimiz de art\u0131k potansiyellerini bilen ve bunlar\u0131 hayata ge\u00e7irmek isteyen bir \u015fehir. Bunlar i\u00e7in TSO y\u00f6netimi ile beklentileri netle\u015ftirmek ad\u0131na bir araya geldik\u201d dedi.<\/p>\n<p>\u201c\u015eehrimizin bizden en b\u00fcy\u00fck beklentisi, sanayimizin geli\u015fmesine imkan sa\u011flayacak yer aray\u0131\u015f\u0131\u201d<\/p>\n<p>Samsun\u2019un en b\u00fcy\u00fck beklentisinin yeni sanayi yeri aray\u0131\u015f\u0131 oldu\u011funu dile getiren Karaaslan, \u201cSamsun \u015fehrinin, sanayisinin \u00fcretme potansiyelinin artma gibi bir talebi var. Biz de bunlar\u0131 ger\u00e7ekle\u015ftirmek i\u00e7in se\u00e7imlerin hemen sonras\u0131nda ciddi bir \u00e7al\u0131\u015fma ba\u015flatt\u0131k. T\u00fcm milletvekillerimizle birlikte ilgili bakanlar\u0131m\u0131zla g\u00f6r\u00fc\u015fme yapt\u0131k. Cumhurba\u015fkan\u0131m\u0131za da zaman zaman bilgi verdik. Samsun\u2019un bekleyen \u00f6nemli taleplerini g\u00fcndeme getirdik. \u0130n\u015fallah s\u0131ras\u0131yla bunlar\u0131 peyderpey \u00e7\u00f6zme zaman\u0131. \u015eehrimizin bizden en b\u00fcy\u00fck beklentisi, sanayimizin geli\u015fmesine imkan sa\u011flayacak yer aray\u0131\u015f\u0131yd\u0131. Bunu hem b\u00fcy\u00fck sanayi hem de ayn\u0131 zamanda b\u00fcy\u00fcmeyi hedefleyen sanayi bekliyor. Bu, \u015fehrimize sadece sanayi anlam\u0131nda bir geli\u015fmi\u015flik kazand\u0131rmayacak. Beraberinde istihdam ve katma de\u011feri y\u00fcksek \u00fcretimi de getirecek. B\u00f6ylelikle Samsun\u2019a ve \u00fclkemize de\u011fer katacak. \u0130n\u015fallah \u00f6n\u00fcm\u00fczdeki g\u00fcnlerde Sanayi Bakan\u0131 Mustafa Varank ile Tar\u0131m ve Orman Bakan\u0131 Bekir Pakdemirli\u2019yi \u015fehrimizde a\u011f\u0131rlayaca\u011f\u0131z. Onlarla Samsun\u2019un sanayisinin geli\u015fmesi noktas\u0131nda birlikte ortaya koydu\u011fumuz hedeflerimizi konu\u015faca\u011f\u0131z ve netle\u015ftirece\u011fiz. Bizim d\u00fcnyaya ihra\u00e7 etti\u011fimiz bir\u00e7ok de\u011ferlerimiz var. \u00c7ok \u00f6nemli de\u011ferli i\u015f adamlar\u0131m\u0131z da var. Biz bunlar\u0131 biliyoruz. Onlarla s\u0131k s\u0131k da bir araya geldik. \u015eimdi art\u0131k onlar\u0131n bu taleplerini hayata ge\u00e7irme zaman\u0131. O nedenle \u00fczerimize ne d\u00fc\u015ferse yapmaya haz\u0131r\u0131z. Bu noktada konuyu biraz daha detayland\u0131rmak i\u00e7in buraday\u0131z. AK Parti grubu olarak b\u00fct\u00fcn dinamiklerle birlikte i\u015f d\u00fcnyas\u0131n\u0131n yan\u0131nda kol kola girerek, \u015fehrimizi hedefledi\u011fimiz o bir \u00fcst seviyeye \u00e7\u0131karman\u0131n derdindeyiz\u201d diye konu\u015ftu.<\/p>\n<p>Murzio\u011flu: \u201cYeni sanayi istihdam\u0131 artt\u0131rarak, ekonomiyi g\u00fc\u00e7lendirecektir\u201d<\/p>\n<p>Yeni sanayi b\u00f6lgesinin Samsun\u2019a kazand\u0131r\u0131lmas\u0131n\u0131n \u00fclkeyi de kalk\u0131nd\u0131raca\u011f\u0131na dikkat \u00e7eken TSO Y\u00f6netim Kurulu Ba\u015fkan\u0131 Salih Zeki Murzio\u011flu, \u201cEkonomimizi \u00e7ok iyi yerlere getirmemiz laz\u0131m. Samsun ekonomisini \u00e7ok iyi bir yere getirecek projeyle beraber bizlere gelmeniz, bizleri \u00e7ok mutlu etti. Bu ilin makro projelerinden bir tanesi, Samsun\u2019u \u00e7ok ilerilere ta\u015f\u0131yacak, ekonomisini \u00fcst d\u00fczeyde tutacak, istihdam\u0131 artt\u0131racak bir organize sanayinin Samsun \u015fehrine kazand\u0131r\u0131lmas\u0131d\u0131r. \u015eimdi sanayimiz var derken bunlar\u0131 \u00f6v\u00fcnerek anlat\u0131yoruz. Allah, yapanlardan raz\u0131 olsun. Ama Samsun \u00f6l\u00e7e\u011finde bir \u015fehre yak\u0131\u015f\u0131r organize sanayi yapamam\u0131\u015f\u0131z. 600 d\u00f6n\u00fcml\u00fck organize sanayimiz var. Bug\u00fcn 600 d\u00f6n\u00fcm OSB\u2019ye ek arazi istedik. 140 d\u00f6n\u00fcm sanayi parseli \u00e7\u0131kt\u0131 ve man\u015fetlere d\u00fc\u015ft\u00fck. \u2018Sanayicinin \u00f6n\u00fc kapan\u0131yor, bunlara yer verilmiyor\u2019 diye. Biz, birebir yap\u0131mc\u0131yla muhatab\u0131z. Samsun\u2019da yapt\u0131\u011f\u0131m\u0131z \u00e7al\u0131\u015fmada \u015fu anda Samsun\u2019un 3 milyon m2 gibi bir sanayi alt yap\u0131s\u0131na ihtiya\u00e7 var. Bunun yan\u0131 s\u0131ra istihdam\u0131 artt\u0131racak ve i\u015fsizli\u011fi ortadan kald\u0131racak bir durumday\u0131z. Siz, bizim temsilcilerimiz olarak Ankara\u2019da bu i\u015fe g\u00f6n\u00fcl koyduysan\u0131z, biz bu OSB\u2019yi beraber yap\u0131p istenilen seviyeye getirece\u011fiz. Bu Samsun\u2019un olmazsa olmaz\u0131d\u0131r. Verdi\u011finiz \u00e7aba i\u00e7in sizleri tebrik ederim. E\u011fer bunu yaparsan\u0131z, siyaset hayat\u0131n\u0131z bittikten sonra bile bu i\u015fte katk\u0131s\u0131 olan herkesin ad\u0131 hat\u0131rlanacakt\u0131r. Samsun\u2019un buna ihtiyac\u0131 var. \u0130n\u015fallah hep beraber bu OSB\u2019yi yapaca\u011f\u0131z. Bizler her zaman yan\u0131n\u0131zday\u0131z. Ge\u00e7mi\u015fte de bir\u00e7ok giri\u015fimde bulunduk. \u0130nan\u0131n sizin bu hamlenizle birlikte bu i\u015fi bir an \u00f6nce bitiririz\u201d \u015feklinde konu\u015ftu.<\/p>\n<p>Ziyaretin sonunda \u00c7i\u011fdem Karaaslan, Ankara\u2019da da konunun takip\u00e7isi olacaklar\u0131n\u0131 bir kez daha tekrarlad\u0131.<\/p>\n<p>Toplant\u0131da AK Parti \u0130l Ba\u015fkan\u0131 Ersan Aksu da haz\u0131r bulundu.<\/p>\n","protected":false},"excerpt":{"rendered":"<p>SAMSUN T\u0130CARET VE SANAY\u0130 ODASI\u2019NI (TSO) Z\u0130YARET EDEN AK PART\u0130 GENEL BA\u015eKAN YARDIMCISI VE SAMSUN M\u0130LLETVEK\u0130L\u0130 \u00c7\u0130\u011eDEM KARAASLAN, YAPILMASI D\u00dc\u015e\u00dcN\u00dcLEN YEN\u0130 ORGAN\u0130ZE SANAY\u0130 B\u00d6LGES\u0130 (OSB) HAKKINDA \u00d6NEML\u0130 A\u00c7IKLAMALARDA BULUNDU. TSO Y\u00d6NET\u0130M KURULU BA\u015eKANI SAL\u0130H ZEK\u0130 MURZ\u0130O\u011eLU VE Y\u00d6NET\u0130M KURULU \u00dcYELER\u0130YLE F\u0130K\u0130R ALI\u015eVER\u0130\u015e\u0130NDE BULUNAN KARAASLAN, YAKIN ZAMANDA KONUYLA \u0130LG\u0130L\u0130 2 BAKANIN SAMSUN\u2019A GELEREK \u0130NCELEMELERDE VE DE\u011eERLEND\u0130RMELERDE BULUNACA\u011eINI \u0130FADE ETT\u0130.<\/p>\n","protected":false},"author":1,"featured_media":218597,"comment_status":"closed","ping_status":"open","sticky":false,"template":"","format":"standard","meta":{"jetpack_post_was_ever_published":false,"_jetpack_newsletter_access":"","_jetpack_dont_email_post_to_subs":false,"_jetpack_newsletter_tier_id":0,"_jetpack_memberships_contains_paywalled_content":false,"_jetpack_memberships_contains_paid_content":false,"footnotes":"","jetpack_publicize_message":"","jetpack_publicize_feature_enabled":true,"jetpack_social_post_already_shared":true,"jetpack_social_options":{"image_generator_settings":{"template":"highway","default_image_id":0,"font":"","enabled":false},"version":2}},"categories":[19],"tags":[3386,742,81,44,12164,1167,87],"class_list":["post-218596","post","type-post","status-publish","format-standard","has-post-thumbnail","hentry","category-ekonomi","tag-alani","tag-bakan","tag-gelecek","tag-icin","tag-samsuna","tag-sanayi","tag-yeni"],"jetpack_publicize_connections":[],"jetpack_featured_media_url":"https:\/\/i0.wp.com\/www.tvturk.com\/wp-content\/uploads\/2019\/10\/2-bakan-yeni-sanayi-alani-icin-samsuna-gelecek_0cee5b0.jpg?fit=1000%2C664","jetpack_sharing_enabled":true,"jetpack_shortlink":"https:\/\/wp.me\/paKIfm-URK","_links":{"self":[{"href":"http:\/\/www.tvturk.com\/index.php\/wp-json\/wp\/v2\/posts\/218596","targetHints":{"allow":["GET"]}}],"collection":[{"href":"http:\/\/www.tvturk.com\/index.php\/wp-json\/wp\/v2\/posts"}],"about":[{"href":"http:\/\/www.tvturk.com\/index.php\/wp-json\/wp\/v2\/types\/post"}],"author":[{"embeddable":true,"href":"http:\/\/www.tvturk.com\/index.php\/wp-json\/wp\/v2\/users\/1"}],"replies":[{"embeddable":true,"href":"http:\/\/www.tvturk.com\/index.php\/wp-json\/wp\/v2\/comments?post=218596"}],"version-history":[{"count":0,"href":"http:\/\/www.tvturk.com\/index.php\/wp-json\/wp\/v2\/posts\/218596\/revisions"}],"wp:featuredmedia":[{"embeddable":true,"href":"http:\/\/www.tvturk.com\/index.php\/wp-json\/wp\/v2\/media\/218597"}],"wp:attachment":[{"href":"http:\/\/www.tvturk.com\/index.php\/wp-json\/wp\/v2\/media?parent=218596"}],"wp:term":[{"taxonomy":"category","embeddable":true,"href":"http:\/\/www.tvturk.com\/index.php\/wp-json\/wp\/v2\/categories?post=218596"},{"taxonomy":"post_tag","embeddable":true,"href":"http:\/\/www.tvturk.com\/index.php\/wp-json\/wp\/v2\/tags?post=218596"}],"curies":[{"name":"wp","href":"https:\/\/api.w.org\/{rel}","templated":true}]}}