{"id":218622,"date":"2019-10-22T19:46:59","date_gmt":"2019-10-22T16:46:59","guid":{"rendered":"http:\/\/www.tvturk.com\/index.php\/mehmetcikten-tel-abyada-yardim-eli\/"},"modified":"2019-10-22T19:46:59","modified_gmt":"2019-10-22T16:46:59","slug":"mehmetcikten-tel-abyada-yardim-eli","status":"publish","type":"post","link":"http:\/\/www.tvturk.com\/index.php\/mehmetcikten-tel-abyada-yardim-eli\/","title":{"rendered":"Mehmet\u00e7ik\u2019ten Tel Abyad\u2019a yard\u0131m eli"},"content":{"rendered":"<p>Milli Savunma Bakanl\u0131\u011f\u0131, Tel Abyad\u2019da yard\u0131m faaliyetleri devam ederken, F\u0131rat\u2019\u0131n do\u011fusunda kontrol alt\u0131na al\u0131nan b\u00f6lgelerde may\u0131n ve EYP arama-tarama faaliyetleri devam edildi\u011fini a\u00e7\u0131klad\u0131.<\/p>\n<p>Milli Savunma Bakanl\u0131\u011f\u0131, T\u00fcrk askerinin bir taraftan Tel Abyad\u2019da yard\u0131m da\u011f\u0131tma faaliyetlerine devam ederken \u00f6te yandan T\u00fcrk Komandolar\u0131n F\u0131rat\u2019\u0131n do\u011fusunda kontrol alt\u0131na al\u0131nan b\u00f6lgelerde may\u0131n\/EYP arama-tarama faaliyetleri devam edildi\u011fini duyurdu.<\/p>\n","protected":false},"excerpt":{"rendered":"<p>M\u0130LL\u0130 SAVUNMA BAKANLI\u011eI, TEL ABYAD\u2019DA YARDIM FAAL\u0130YETLER\u0130 DEVAM EDERKEN, FIRAT\u2019IN DO\u011eUSUNDA KONTROL ALTINA ALINAN B\u00d6LGELERDE MAYIN VE EYP ARAMA-TARAMA FAAL\u0130YETLER\u0130 DEVAM ED\u0130LD\u0130\u011e\u0130N\u0130 A\u00c7IKLADI.<\/p>\n","protected":false},"author":1,"featured_media":218623,"comment_status":"closed","ping_status":"open","sticky":false,"template":"","format":"standard","meta":{"jetpack_post_was_ever_published":false,"_jetpack_newsletter_access":"","_jetpack_dont_email_post_to_subs":false,"_jetpack_newsletter_tier_id":0,"_jetpack_memberships_contains_paywalled_content":false,"_jetpack_memberships_contains_paid_content":false,"footnotes":"","jetpack_publicize_message":"","jetpack_publicize_feature_enabled":true,"jetpack_social_post_already_shared":true,"jetpack_social_options":{"image_generator_settings":{"template":"highway","default_image_id":0,"font":"","enabled":false},"version":2}},"categories":[1],"tags":[54047,4118,3747,1236,1736],"class_list":["post-218622","post","type-post","status-publish","format-standard","has-post-thumbnail","hentry","category-genel","tag-abyada","tag-eli","tag-mehmetcikten","tag-tel","tag-yardim"],"jetpack_publicize_connections":[],"jetpack_featured_media_url":"https:\/\/i0.wp.com\/www.tvturk.com\/wp-content\/uploads\/2019\/10\/mehmetcikten-tel-abyada-yardim-eli_fa9b25f.jpg?fit=791%2C667","jetpack_sharing_enabled":true,"jetpack_shortlink":"https:\/\/wp.me\/paKIfm-USa","_links":{"self":[{"href":"http:\/\/www.tvturk.com\/index.php\/wp-json\/wp\/v2\/posts\/218622","targetHints":{"allow":["GET"]}}],"collection":[{"href":"http:\/\/www.tvturk.com\/index.php\/wp-json\/wp\/v2\/posts"}],"about":[{"href":"http:\/\/www.tvturk.com\/index.php\/wp-json\/wp\/v2\/types\/post"}],"author":[{"embeddable":true,"href":"http:\/\/www.tvturk.com\/index.php\/wp-json\/wp\/v2\/users\/1"}],"replies":[{"embeddable":true,"href":"http:\/\/www.tvturk.com\/index.php\/wp-json\/wp\/v2\/comments?post=218622"}],"version-history":[{"count":0,"href":"http:\/\/www.tvturk.com\/index.php\/wp-json\/wp\/v2\/posts\/218622\/revisions"}],"wp:featuredmedia":[{"embeddable":true,"href":"http:\/\/www.tvturk.com\/index.php\/wp-json\/wp\/v2\/media\/218623"}],"wp:attachment":[{"href":"http:\/\/www.tvturk.com\/index.php\/wp-json\/wp\/v2\/media?parent=218622"}],"wp:term":[{"taxonomy":"category","embeddable":true,"href":"http:\/\/www.tvturk.com\/index.php\/wp-json\/wp\/v2\/categories?post=218622"},{"taxonomy":"post_tag","embeddable":true,"href":"http:\/\/www.tvturk.com\/index.php\/wp-json\/wp\/v2\/tags?post=218622"}],"curies":[{"name":"wp","href":"https:\/\/api.w.org\/{rel}","templated":true}]}}