{"id":218710,"date":"2019-10-23T09:47:07","date_gmt":"2019-10-23T06:47:07","guid":{"rendered":"http:\/\/www.tvturk.com\/index.php\/mevsimini-sasiran-kiraz-agaci-cicek-acti\/"},"modified":"2019-10-23T09:47:07","modified_gmt":"2019-10-23T06:47:07","slug":"mevsimini-sasiran-kiraz-agaci-cicek-acti","status":"publish","type":"post","link":"http:\/\/www.tvturk.com\/index.php\/mevsimini-sasiran-kiraz-agaci-cicek-acti\/","title":{"rendered":"Mevsimini \u015fa\u015f\u0131ran kiraz a\u011fac\u0131 \u00e7i\u00e7ek a\u00e7t\u0131"},"content":{"rendered":"<p>Kahramanmara\u015f\u2019\u0131n Elbistan il\u00e7esinde kiraz a\u011fac\u0131n\u0131n Ekim ay\u0131nda \u00e7i\u00e7ek a\u00e7mas\u0131, g\u00f6renleri \u015fa\u015f\u0131rtt\u0131.<\/p>\n<p>\u0130l\u00e7eye ba\u011fl\u0131 k\u0131rsal \u0130\u011fde Mahallesi\u2019nde \u00e7ift\u00e7ilik yapan Cemil \u00c7am\u2019\u0131n bah\u00e7esindeki kiraz a\u011fac\u0131, k\u0131\u015f mevsiminin yakla\u015ft\u0131\u011f\u0131 \u015fu g\u00fcnlerde \u00e7i\u00e7ek a\u00e7t\u0131. 73 ya\u015f\u0131ndaki \u00e7ift\u00e7i Cemil Cam, kiraz a\u011fac\u0131n\u0131n bu zamanda \u00e7i\u00e7ek a\u00e7mas\u0131na anlam veremedi\u011fini s\u00f6yledi. \u00c7am, \u201cBurada meyve a\u011fa\u00e7lar\u0131 normal \u015fartlarda Nisan ay\u0131nda \u00e7i\u00e7ek a\u00e7ar, meyvesini de Haziran ay\u0131nda verir. Ama bah\u00e7emdeki bir kiraz a\u011fac\u0131 Ekim ay\u0131n\u0131n ortas\u0131nda \u00e7i\u00e7ek a\u00e7t\u0131. Sebebini bir t\u00fcrl\u00fc anlamad\u0131k. Mevsimini \u015fa\u015f\u0131rd\u0131 herhalde\u201d dedi.<\/p>\n<p>B\u00f6yle bir durumla daha \u00f6nceden kar\u015f\u0131la\u015fmad\u0131\u011f\u0131n\u0131 vurgulayan \u00c7am, \u201cBah\u00e7emde bir s\u00fcr\u00fc meyve a\u011fac\u0131 var. Onlar\u0131n hi\u00e7birinde \u00e7i\u00e7ek yok. Zaten bizim buran\u0131n iklimi buna m\u00fcsait de\u011fil. \u00c7ok \u015fa\u015f\u0131rd\u0131k. G\u00f6renler de merakla \u00e7i\u00e7eklere bak\u0131yor\u201d ifadelerini kulland\u0131.<\/p>\n","protected":false},"excerpt":{"rendered":"<p>KAHRAMANMARA\u015e\u2019IN ELB\u0130STAN \u0130L\u00c7ES\u0130NDE K\u0130RAZ A\u011eACININ EK\u0130M AYINDA \u00c7\u0130\u00c7EK A\u00c7MASI, G\u00d6RENLER\u0130 \u015eA\u015eIRTTI.<\/p>\n","protected":false},"author":1,"featured_media":218711,"comment_status":"closed","ping_status":"open","sticky":false,"template":"","format":"standard","meta":{"jetpack_post_was_ever_published":false,"_jetpack_newsletter_access":"","_jetpack_dont_email_post_to_subs":false,"_jetpack_newsletter_tier_id":0,"_jetpack_memberships_contains_paywalled_content":false,"_jetpack_memberships_contains_paid_content":false,"footnotes":"","jetpack_publicize_message":"","jetpack_publicize_feature_enabled":true,"jetpack_social_post_already_shared":true,"jetpack_social_options":{"image_generator_settings":{"template":"highway","default_image_id":0,"font":"","enabled":false},"version":2}},"categories":[1],"tags":[18572,1494,884,1654,52355,41340],"class_list":["post-218710","post","type-post","status-publish","format-standard","has-post-thumbnail","hentry","category-genel","tag-kiraz","tag-acti","tag-agaci","tag-cicek","tag-mevsimini","tag-sasiran"],"jetpack_publicize_connections":[],"jetpack_featured_media_url":"https:\/\/i0.wp.com\/www.tvturk.com\/wp-content\/uploads\/2019\/10\/mevsimini-sasiran-kiraz-agaci-cicek-acti_8eb3105.jpg?fit=1000%2C750","jetpack_sharing_enabled":true,"jetpack_shortlink":"https:\/\/wp.me\/paKIfm-UTA","_links":{"self":[{"href":"http:\/\/www.tvturk.com\/index.php\/wp-json\/wp\/v2\/posts\/218710","targetHints":{"allow":["GET"]}}],"collection":[{"href":"http:\/\/www.tvturk.com\/index.php\/wp-json\/wp\/v2\/posts"}],"about":[{"href":"http:\/\/www.tvturk.com\/index.php\/wp-json\/wp\/v2\/types\/post"}],"author":[{"embeddable":true,"href":"http:\/\/www.tvturk.com\/index.php\/wp-json\/wp\/v2\/users\/1"}],"replies":[{"embeddable":true,"href":"http:\/\/www.tvturk.com\/index.php\/wp-json\/wp\/v2\/comments?post=218710"}],"version-history":[{"count":0,"href":"http:\/\/www.tvturk.com\/index.php\/wp-json\/wp\/v2\/posts\/218710\/revisions"}],"wp:featuredmedia":[{"embeddable":true,"href":"http:\/\/www.tvturk.com\/index.php\/wp-json\/wp\/v2\/media\/218711"}],"wp:attachment":[{"href":"http:\/\/www.tvturk.com\/index.php\/wp-json\/wp\/v2\/media?parent=218710"}],"wp:term":[{"taxonomy":"category","embeddable":true,"href":"http:\/\/www.tvturk.com\/index.php\/wp-json\/wp\/v2\/categories?post=218710"},{"taxonomy":"post_tag","embeddable":true,"href":"http:\/\/www.tvturk.com\/index.php\/wp-json\/wp\/v2\/tags?post=218710"}],"curies":[{"name":"wp","href":"https:\/\/api.w.org\/{rel}","templated":true}]}}