{"id":218722,"date":"2019-10-23T10:03:19","date_gmt":"2019-10-23T07:03:19","guid":{"rendered":"http:\/\/www.tvturk.com\/index.php\/90-yildir-tikir-tikir-calisiyor\/"},"modified":"2019-10-23T10:03:19","modified_gmt":"2019-10-23T07:03:19","slug":"90-yildir-tikir-tikir-calisiyor","status":"publish","type":"post","link":"http:\/\/www.tvturk.com\/index.php\/90-yildir-tikir-tikir-calisiyor\/","title":{"rendered":"90 y\u0131ld\u0131r t\u0131k\u0131r t\u0131k\u0131r \u00e7al\u0131\u015f\u0131yor"},"content":{"rendered":"<p>Kahramanmara\u015f\u2019taki Beyaz\u0131tl\u0131 Camisi\u2019ndeki tarihi saat yakla\u015f\u0131k 90 y\u0131ld\u0131r t\u0131k\u0131r t\u0131k\u0131r \u00e7al\u0131\u015f\u0131yor.<\/p>\n<p>Oniki\u015fubat il\u00e7esi Y\u00f6r\u00fckselim Mahallesi\u2019nde Beyaz\u0131to\u011fullar\u0131\u2019ndan Hac\u0131 Abdullah Bey taraf\u0131ndan 1618 tarihinde yapt\u0131r\u0131lan Beyaz\u0131tl\u0131 Camisi\u2019ndeki duvarda as\u0131l\u0131 90 y\u0131ll\u0131k oldu\u011fu bildirilen antika saat, g\u00f6renlerin ilgisini \u00e7ekiyor. Kentteki 3 \u00f6nemli cami i\u00e7in yapt\u0131r\u0131lan antika saatlerden sadece biri g\u00fcn\u00fcm\u00fcze kadar kalabildi.<\/p>\n<p>Saatin, camiye gelen yerli ve yabanc\u0131 turistlerin ilgisini \u00e7ekti\u011fini s\u00f6yleyen Beyaz\u0131t Camii \u0130mam Hatibi Veli Ceyhan, saatin cami i\u00e7in \u00f6nemli bir eser oldu\u011funu s\u00f6yledi.<\/p>\n<p>Tarihi saatin yakla\u015f\u0131k 1 as\u0131rd\u0131r ar\u0131zalanmad\u0131\u011f\u0131n\u0131 s\u00f6yleyen Ceyhan, \u201cBeyaz\u0131tl\u0131 Camimiz 1618 y\u0131l\u0131nda yapt\u0131r\u0131lm\u0131\u015f. D\u0131\u015f taraf\u0131 ta\u015f ustal\u0131\u011f\u0131n\u0131n, i\u00e7 taraf\u0131 ise ah\u015fap ustal\u0131\u011f\u0131 ile in\u015fa edilmi\u015f. Saatimizin boyu ortalama 2 metreyi bulmaktad\u0131r. Saat yakla\u015f\u0131k olarak 90 y\u0131ll\u0131kt\u0131r. Camimizdeki bu saatten Kahramanmara\u015f\u2019a 3 camide yapt\u0131r\u0131lm\u0131\u015f. Bunlardan Ulu Cami, Acemli Cami ve bu camidir. Di\u011fer camilerde g\u00fcn\u00fcm\u00fcze gelmeyen saat, sadece bizim camimizde bulunmaktad\u0131r. 90 y\u0131ld\u0131r t\u0131k\u0131r t\u0131k\u0131r \u00e7al\u0131\u015fmaya devam ederken \u00fczerindeki motifler tarihimizin parlak ge\u00e7mi\u015fini yans\u0131tmaktad\u0131r ve her biri bir anlam ifade etmektedir. Saatimiz, yerli ve yabanc\u0131 turistlerin de ilgisini \u00e7ekiyor&#8221; dedi.<\/p>\n","protected":false},"excerpt":{"rendered":"<p>BAYAZIT CAM\u0130 \u0130MAM HAT\u0130B\u0130 VEL\u0130 CEYHAN, SAAT\u0130N \u00dcZER\u0130NE \u0130\u015eLENEN NAKI\u015e \u0130\u015e\u00c7\u0130L\u0130\u011e\u0130N\u0130N GE\u00c7M\u0130\u015e\u0130 YANSITTI\u011eINI VE CAM\u0130 \u0130\u00c7\u0130N \u00d6NEML\u0130 B\u0130R ESER OLDU\u011eUNU S\u00d6YLED\u0130.<\/p>\n","protected":false},"author":1,"featured_media":218723,"comment_status":"closed","ping_status":"open","sticky":false,"template":"","format":"standard","meta":{"jetpack_post_was_ever_published":false,"_jetpack_newsletter_access":"","_jetpack_dont_email_post_to_subs":false,"_jetpack_newsletter_tier_id":0,"_jetpack_memberships_contains_paywalled_content":false,"_jetpack_memberships_contains_paid_content":false,"footnotes":"","jetpack_publicize_message":"","jetpack_publicize_feature_enabled":true,"jetpack_social_post_already_shared":true,"jetpack_social_options":{"image_generator_settings":{"template":"highway","default_image_id":0,"font":"","enabled":false},"version":2}},"categories":[656],"tags":[1422,55377,1682],"class_list":["post-218722","post","type-post","status-publish","format-standard","has-post-thumbnail","hentry","category-kultur-sanat","tag-calisiyor","tag-tikir","tag-yildir"],"jetpack_publicize_connections":[],"jetpack_featured_media_url":"https:\/\/i0.wp.com\/www.tvturk.com\/wp-content\/uploads\/2019\/10\/90-yildir-tikir-tikir-calisiyor_294be91.jpg?fit=1000%2C666","jetpack_sharing_enabled":true,"jetpack_shortlink":"https:\/\/wp.me\/paKIfm-UTM","_links":{"self":[{"href":"http:\/\/www.tvturk.com\/index.php\/wp-json\/wp\/v2\/posts\/218722","targetHints":{"allow":["GET"]}}],"collection":[{"href":"http:\/\/www.tvturk.com\/index.php\/wp-json\/wp\/v2\/posts"}],"about":[{"href":"http:\/\/www.tvturk.com\/index.php\/wp-json\/wp\/v2\/types\/post"}],"author":[{"embeddable":true,"href":"http:\/\/www.tvturk.com\/index.php\/wp-json\/wp\/v2\/users\/1"}],"replies":[{"embeddable":true,"href":"http:\/\/www.tvturk.com\/index.php\/wp-json\/wp\/v2\/comments?post=218722"}],"version-history":[{"count":0,"href":"http:\/\/www.tvturk.com\/index.php\/wp-json\/wp\/v2\/posts\/218722\/revisions"}],"wp:featuredmedia":[{"embeddable":true,"href":"http:\/\/www.tvturk.com\/index.php\/wp-json\/wp\/v2\/media\/218723"}],"wp:attachment":[{"href":"http:\/\/www.tvturk.com\/index.php\/wp-json\/wp\/v2\/media?parent=218722"}],"wp:term":[{"taxonomy":"category","embeddable":true,"href":"http:\/\/www.tvturk.com\/index.php\/wp-json\/wp\/v2\/categories?post=218722"},{"taxonomy":"post_tag","embeddable":true,"href":"http:\/\/www.tvturk.com\/index.php\/wp-json\/wp\/v2\/tags?post=218722"}],"curies":[{"name":"wp","href":"https:\/\/api.w.org\/{rel}","templated":true}]}}