{"id":218868,"date":"2019-10-23T13:32:50","date_gmt":"2019-10-23T10:32:50","guid":{"rendered":"http:\/\/www.tvturk.com\/index.php\/karisini-saatlerce-rehin-alan-adam-amacim-esime-zarar-vermek-degildi\/"},"modified":"2019-10-23T13:32:50","modified_gmt":"2019-10-23T10:32:50","slug":"karisini-saatlerce-rehin-alan-adam-amacim-esime-zarar-vermek-degildi","status":"publish","type":"post","link":"http:\/\/www.tvturk.com\/index.php\/karisini-saatlerce-rehin-alan-adam-amacim-esime-zarar-vermek-degildi\/","title":{"rendered":"Kar\u0131s\u0131n\u0131 saatlerce rehin alan adam: &#8220;Amac\u0131m e\u015fime zarar vermek de\u011fildi&#8221;"},"content":{"rendered":"<p>Mersin\u2019de Eyl\u00fcl ay\u0131nda evlerinin balkonunda, \u00e7ocuklar\u0131n\u0131n g\u00f6z\u00fc \u00f6n\u00fcnde e\u015finin bo\u011faz\u0131na b\u0131\u00e7ak dayayarak 6 saat rehin alan Ali A., ilk kez hakim kar\u015f\u0131s\u0131na \u00e7\u0131kt\u0131. Polislerden korktu\u011fu i\u00e7in kar\u0131s\u0131n\u0131 rehin ald\u0131\u011f\u0131n\u0131 iddia eden Ali A., &#8220;Pi\u015fman\u0131m. Amac\u0131m e\u015fime zarar vermek de\u011fildi&#8221; diye kendisini savundu.<\/p>\n<p>Mersin 20. Asliye Ceza Mahkemesindeki davan\u0131n ilk duru\u015fmas\u0131na tutuklu san\u0131k Ali A., e\u015fi Nurcan A. ile \u00e7ocuklar\u0131, tan\u0131klar ve taraf avukatlar\u0131 kat\u0131ld\u0131. Duru\u015fmaya ayr\u0131ca Aile, \u00c7al\u0131\u015fma ve Sosyal Hizmetler Bakanl\u0131\u011f\u0131 ile Mersin Barosu Kad\u0131n Haklar\u0131 Merkezi de m\u00fcdahil oldu. Tutuklu yarg\u0131lanan Ali A., olay g\u00fcn\u00fc e\u015finin kendisine terlikle vurdu\u011funu iddia ederek, &#8220;Bana k\u00f6t\u00fc s\u00f6zler s\u00f6yledi. Bende tahrik olunca tart\u0131\u015fma ya\u015fand\u0131 ve kar\u0131m balkona ka\u00e7\u0131p, ba\u011f\u0131rmaya ba\u015flad\u0131. Bunun \u00fczerine polisler geldi ve m\u00fcdahalede bulunmaya \u00e7al\u0131\u015ft\u0131. Bulundu\u011fumuz b\u00f6lgeye do\u011fru biber gaz\u0131 s\u0131kt\u0131lar ve evin i\u00e7in girmeye \u00e7al\u0131\u015ft\u0131lar. Bende polislerden korktu\u011fum i\u00e7in e\u015fimi rehin ald\u0131m. B\u0131\u00e7a\u011f\u0131 kar\u0131m\u0131n boynuna de\u011fil biraz alt\u0131na tuttum. Pi\u015fman\u0131m. Amac\u0131m e\u015fime zarar vermek de\u011fildi&#8221; dedi.<\/p>\n<p>&#8220;\u00c7ocuklar\u0131m\u0131n annesiz kalmas\u0131n\u0131 istemiyorum&#8221;<\/p>\n<p>E\u015fi Nurcan A.\u2019da \u00f6l\u00fcmden korkmad\u0131\u011f\u0131n\u0131 belirterek, &#8220;Emine Bulut gibi \u00e7ocuklar\u0131m\u0131n g\u00f6z\u00fc \u00f6n\u00fcnde \u00f6lmek istemiyorum. L\u00fctfen sesime kulak verin. \u00c7ocuklar\u0131m\u0131n annesiz kalmas\u0131n\u0131 istemiyorum. Bu adaletsizli\u011fe bir dur deyin art\u0131k. \u015eah\u0131stan \u015fikayet\u00e7iyim ve gerekli cezay\u0131 almas\u0131n\u0131 istiyorum&#8221; diye konu\u015ftu.<\/p>\n<p>M\u00fc\u015fteki avukatlar\u0131 da art\u0131k kad\u0131n cinayetlerinin son bulmas\u0131n\u0131 isteyerek, san\u0131\u011f\u0131n en a\u011f\u0131r cezay\u0131 almas\u0131n\u0131 istedi.<\/p>\n<p>Mahkemede ayr\u0131ca ilk g\u00fcn zab\u0131t tutan polis ile 2 \u00e7ocukta dinlendi.<\/p>\n<p>Mahkeme heyeti, san\u0131\u011f\u0131n tutukluluk halinin devam etmesine karar vererek, dosyadaki eksikliklerin tamamlanmas\u0131 i\u00e7in duru\u015fmay\u0131 20 Kas\u0131m tarihine erteledi.<\/p>\n<p>&#8220;Nurcan\u2019\u0131 korumak hepimizin g\u00f6revi&#8221;<\/p>\n<p>\u00d6te yandan mahkeme \u00f6ncesi Mersin Kad\u0131n Platformu \u00fcyeleri, Nurcan A.\u2019ya destek vermek i\u00e7in bas\u0131n a\u00e7\u0131klamas\u0131 yapt\u0131. Platform ad\u0131na a\u00e7\u0131klama yapan Z\u00fcbeyde Akp\u0131nar, tutuklu yarg\u0131lanan Ali A.\u2019n\u0131n gerekli cezay\u0131 almas\u0131, Nurcan\u2019\u0131n da \u00f6lmeden korunabilmesi i\u00e7in mahkeme heyetini duyarl\u0131 olmaya \u00e7a\u011f\u0131rarak, &#8220;Her g\u00fcn \u00fclkenin ba\u015fka ba\u015fka kentlerinden gerekli ve yeterli tedbirler al\u0131nmad\u0131\u011f\u0131 i\u00e7in ayr\u0131lmak istedi\u011fi e\u015f, eski e\u015f, sevgili taraf\u0131ndan \u00f6ld\u00fcr\u00fclen kad\u0131nlar\u0131n haberleri bas\u0131na yans\u0131maktad\u0131r. Biz g\u00f6z g\u00f6re g\u00f6re bir kad\u0131n\u0131n daha \u00f6ld\u00fcr\u00fclmesine izin vermeyece\u011fiz. Kad\u0131n cinayetlerini \u00f6nlemek, kad\u0131nlar\u0131 korumak i\u00e7in yetkililere bir kez daha \u0130stanbul S\u00f6zle\u015fmesini, 6284 say\u0131l\u0131 yasay\u0131 etkin  uygulay\u0131n diyoruz. Erkek yarg\u0131ya a\u011f\u0131r tahrik indirimi, iyi hal indirimlerinden vazge\u00e7erek, toplumsal cinsiyet e\u015fitli\u011fi bak\u0131\u015f\u0131 ile kad\u0131na y\u00f6nelik \u015fiddet, kad\u0131n cinayetleri davalar\u0131nda cayd\u0131r\u0131c\u0131 etkisi olabilmesi indirimsiz cezalar uygulay\u0131n, te\u015fvik edici, \u00f6d\u00fcl gibi cezalar vermekten vazge\u00e7in diyoruz. Buradan bir kez daha hakim ve savc\u0131lara, emniyet g\u00fc\u00e7lerine, kad\u0131na y\u00f6nelik \u015fiddeti \u00f6nleme merkezlerine bir kez daha sesleniyoruz. Nurcan\u2019\u0131 korumak hepinizin g\u00f6revi. Kad\u0131na y\u00f6nelik \u015fiddeti \u00f6nlemek hepinizin g\u00f6revi. Kad\u0131na y\u00f6nelik \u015fiddeti, kad\u0131n cinayetlerini acil \u00f6nleyin. Bir ki\u015fi eksilmek istemiyoruz&#8221; diye konu\u015ftu.<\/p>\n","protected":false},"excerpt":{"rendered":"<p>DURU\u015eMA \u00d6NCES\u0130 MERS\u0130N KADIN PLATFORMU \u00dcYELER\u0130, NURCAN A.&#8217;YA DESTEK VERMEK \u0130\u00c7\u0130N BASIN A\u00c7IKLAMASI YAPTI.<\/p>\n","protected":false},"author":1,"featured_media":218869,"comment_status":"closed","ping_status":"open","sticky":false,"template":"","format":"standard","meta":{"jetpack_post_was_ever_published":false,"_jetpack_newsletter_access":"","_jetpack_dont_email_post_to_subs":false,"_jetpack_newsletter_tier_id":0,"_jetpack_memberships_contains_paywalled_content":false,"_jetpack_memberships_contains_paid_content":false,"footnotes":"","jetpack_publicize_message":"","jetpack_publicize_feature_enabled":true,"jetpack_social_post_already_shared":true,"jetpack_social_options":{"image_generator_settings":{"template":"highway","default_image_id":0,"font":"","enabled":false},"version":2}},"categories":[1],"tags":[55414,5386,1802,39812,21363,3740,1792,20272,4584,900],"class_list":["post-218868","post","type-post","status-publish","format-standard","has-post-thumbnail","hentry","category-genel","tag-amacim","tag-adam","tag-alan","tag-degildi","tag-esime","tag-karisini","tag-rehin","tag-saatlerce","tag-vermek","tag-zarar"],"jetpack_publicize_connections":[],"jetpack_featured_media_url":"https:\/\/i0.wp.com\/www.tvturk.com\/wp-content\/uploads\/2019\/10\/karisini-saatlerce-rehin-alan-adam-amacim-esime-zarar-vermek-degildi_b169b70.jpg?fit=768%2C576","jetpack_sharing_enabled":true,"jetpack_shortlink":"https:\/\/wp.me\/paKIfm-UW8","_links":{"self":[{"href":"http:\/\/www.tvturk.com\/index.php\/wp-json\/wp\/v2\/posts\/218868","targetHints":{"allow":["GET"]}}],"collection":[{"href":"http:\/\/www.tvturk.com\/index.php\/wp-json\/wp\/v2\/posts"}],"about":[{"href":"http:\/\/www.tvturk.com\/index.php\/wp-json\/wp\/v2\/types\/post"}],"author":[{"embeddable":true,"href":"http:\/\/www.tvturk.com\/index.php\/wp-json\/wp\/v2\/users\/1"}],"replies":[{"embeddable":true,"href":"http:\/\/www.tvturk.com\/index.php\/wp-json\/wp\/v2\/comments?post=218868"}],"version-history":[{"count":0,"href":"http:\/\/www.tvturk.com\/index.php\/wp-json\/wp\/v2\/posts\/218868\/revisions"}],"wp:featuredmedia":[{"embeddable":true,"href":"http:\/\/www.tvturk.com\/index.php\/wp-json\/wp\/v2\/media\/218869"}],"wp:attachment":[{"href":"http:\/\/www.tvturk.com\/index.php\/wp-json\/wp\/v2\/media?parent=218868"}],"wp:term":[{"taxonomy":"category","embeddable":true,"href":"http:\/\/www.tvturk.com\/index.php\/wp-json\/wp\/v2\/categories?post=218868"},{"taxonomy":"post_tag","embeddable":true,"href":"http:\/\/www.tvturk.com\/index.php\/wp-json\/wp\/v2\/tags?post=218868"}],"curies":[{"name":"wp","href":"https:\/\/api.w.org\/{rel}","templated":true}]}}