{"id":218880,"date":"2019-10-23T13:47:30","date_gmt":"2019-10-23T10:47:30","guid":{"rendered":"http:\/\/www.tvturk.com\/index.php\/agri-sehidine-gozu-yasli-veda\/"},"modified":"2019-10-23T13:47:30","modified_gmt":"2019-10-23T10:47:30","slug":"agri-sehidine-gozu-yasli-veda","status":"publish","type":"post","link":"http:\/\/www.tvturk.com\/index.php\/agri-sehidine-gozu-yasli-veda\/","title":{"rendered":"A\u011fr\u0131 \u015fehidine g\u00f6z\u00fc ya\u015fl\u0131 veda"},"content":{"rendered":"<p>A\u011fr\u0131\u2019n\u0131n Do\u011fubayaz\u0131t il\u00e7esinde PKK\u2019l\u0131 ter\u00f6ristler taraf\u0131ndan askeri araca d\u00fczenlenen sald\u0131r\u0131da a\u011f\u0131r yaralanan ve kald\u0131r\u0131ld\u0131\u011f\u0131 hastanede \u015fehit olan er Zekeriya Altunok, Kayseri\u2019de g\u00f6zya\u015flar\u0131 i\u00e7erisinde son yolculu\u011funa u\u011furland\u0131.<\/p>\n<p>A\u011fr\u0131\u2019n\u0131n Do\u011fubayaz\u0131t il\u00e7esinde PKK\u2019l\u0131 ter\u00f6ristler taraf\u0131ndan askeri araca d\u00fczenlenen roketatar sald\u0131r\u0131s\u0131nda a\u011f\u0131r yaralanan er Zekeriya Altunok, kald\u0131r\u0131ld\u0131\u011f\u0131 hastanede yap\u0131lan t\u00fcm m\u00fcdahalelere ra\u011fmen kurtar\u0131lamayarak \u015fehit d\u00fc\u015ft\u00fc. D\u00fcn ak\u015fam saatlerinde Kayseri\u2019ye getirilen \u015fehidin naa\u015f\u0131, son kez baba evine g\u00f6t\u00fcr\u00fcld\u00fckten sonra namaz\u0131n k\u0131l\u0131naca\u011f\u0131 Kalem K\u0131rd\u0131 Camii\u2019ne getirildi. \u015eehidin cenazesi, burada \u00f6\u011fle namaz\u0131n\u0131 m\u00fcteakip \u0130l M\u00fcft\u00fcs\u00fc \u015eahin G\u00fcven\u2019in  k\u0131ld\u0131rd\u0131\u011f\u0131 namaz\u0131n ard\u0131ndan Kartal \u015eehitli\u011fi\u2019ne topra\u011fa verildi. Cenaze namaz\u0131n\u0131n ard\u0131ndan \u015fehidin cenazesinin \u015fehitli\u011fe g\u00f6t\u00fcr\u00fcld\u00fc\u011f\u00fc s\u0131rada baz\u0131 vatanda\u015flar &#8220;Kahrolsun PKK&#8221; diye slogan att\u0131.<\/p>\n<p>Cenaze namaz\u0131na, Kayseri Valisi \u015eehmus G\u00fcnayd\u0131n, Kayseri B\u00fcy\u00fck\u015fehir Belediye Ba\u015fkan\u0131 Memduh B\u00fcy\u00fckk\u0131l\u0131\u00e7, Garnizon Komutan\u0131 Hava Tu\u011fgeneral Ercan Teke, Melikgazi Belediye Ba\u015fkan\u0131 Mustafa Palanc\u0131o\u011flu, Kocasinan Belediye Ba\u015fkan\u0131 Ahmet \u00c7olakbayrakdar, \u0130l Emniyet M\u00fcd\u00fcr\u00fc Kamil Karab\u00f6rk, kaymakamlar, il\u00e7e belediye ba\u015fkanlar\u0131, askeri erkan, \u015fehidin yak\u0131nlar\u0131 ve \u00e7ok say\u0131da vatanda\u015f kat\u0131ld\u0131.<\/p>\n","protected":false},"excerpt":{"rendered":"<p>A\u011eRI&#8217;NIN DO\u011eUBAYAZIT \u0130L\u00c7ES\u0130NDEK\u0130 SALDIRIDA \u015eEH\u0130T OLAN ER ZEKER\u0130YA ALTUNOK, KAYSER\u0130&#8217;DE G\u00d6ZYA\u015eLARI \u0130\u00c7ER\u0130S\u0130NDE SON YOLCULU\u011eUNA U\u011eURLANDI.<\/p>\n","protected":false},"author":1,"featured_media":218881,"comment_status":"closed","ping_status":"open","sticky":false,"template":"","format":"standard","meta":{"jetpack_post_was_ever_published":false,"_jetpack_newsletter_access":"","_jetpack_dont_email_post_to_subs":false,"_jetpack_newsletter_tier_id":0,"_jetpack_memberships_contains_paywalled_content":false,"_jetpack_memberships_contains_paid_content":false,"footnotes":"","jetpack_publicize_message":"","jetpack_publicize_feature_enabled":true,"jetpack_social_post_already_shared":true,"jetpack_social_options":{"image_generator_settings":{"template":"highway","default_image_id":0,"font":"","enabled":false},"version":2}},"categories":[1],"tags":[6259,1313,15672,4421,1051],"class_list":["post-218880","post","type-post","status-publish","format-standard","has-post-thumbnail","hentry","category-genel","tag-agri","tag-gozu","tag-sehidine","tag-veda","tag-yasli"],"jetpack_publicize_connections":[],"jetpack_featured_media_url":"https:\/\/i0.wp.com\/www.tvturk.com\/wp-content\/uploads\/2019\/10\/agri-sehidine-gozu-yasli-veda_eb15875.jpg?fit=1000%2C666","jetpack_sharing_enabled":true,"jetpack_shortlink":"https:\/\/wp.me\/paKIfm-UWk","_links":{"self":[{"href":"http:\/\/www.tvturk.com\/index.php\/wp-json\/wp\/v2\/posts\/218880","targetHints":{"allow":["GET"]}}],"collection":[{"href":"http:\/\/www.tvturk.com\/index.php\/wp-json\/wp\/v2\/posts"}],"about":[{"href":"http:\/\/www.tvturk.com\/index.php\/wp-json\/wp\/v2\/types\/post"}],"author":[{"embeddable":true,"href":"http:\/\/www.tvturk.com\/index.php\/wp-json\/wp\/v2\/users\/1"}],"replies":[{"embeddable":true,"href":"http:\/\/www.tvturk.com\/index.php\/wp-json\/wp\/v2\/comments?post=218880"}],"version-history":[{"count":0,"href":"http:\/\/www.tvturk.com\/index.php\/wp-json\/wp\/v2\/posts\/218880\/revisions"}],"wp:featuredmedia":[{"embeddable":true,"href":"http:\/\/www.tvturk.com\/index.php\/wp-json\/wp\/v2\/media\/218881"}],"wp:attachment":[{"href":"http:\/\/www.tvturk.com\/index.php\/wp-json\/wp\/v2\/media?parent=218880"}],"wp:term":[{"taxonomy":"category","embeddable":true,"href":"http:\/\/www.tvturk.com\/index.php\/wp-json\/wp\/v2\/categories?post=218880"},{"taxonomy":"post_tag","embeddable":true,"href":"http:\/\/www.tvturk.com\/index.php\/wp-json\/wp\/v2\/tags?post=218880"}],"curies":[{"name":"wp","href":"https:\/\/api.w.org\/{rel}","templated":true}]}}