{"id":218932,"date":"2019-10-23T14:47:11","date_gmt":"2019-10-23T11:47:11","guid":{"rendered":"http:\/\/www.tvturk.com\/index.php\/soyerden-kibris-ile-ilgili-yeni-aciklama\/"},"modified":"2019-10-23T14:47:11","modified_gmt":"2019-10-23T11:47:11","slug":"soyerden-kibris-ile-ilgili-yeni-aciklama","status":"publish","type":"post","link":"http:\/\/www.tvturk.com\/index.php\/soyerden-kibris-ile-ilgili-yeni-aciklama\/","title":{"rendered":"Soyer\u2019den K\u0131br\u0131s ile ilgili yeni a\u00e7\u0131klama"},"content":{"rendered":"<p>&#8220;K\u0131br\u0131s\u2019\u0131 K\u0131br\u0131sl\u0131lara b\u0131rakal\u0131m&#8221; s\u00f6zleriyle ele\u015ftirilen \u0130zmir B\u00fcy\u00fck\u015fehir Belediye Ba\u015fkan\u0131 Tun\u00e7 Soyer, &#8220;\u00dc\u00e7 sene \u00f6nce yapt\u0131\u011f\u0131m bir a\u00e7\u0131klamayd\u0131. Ne bug\u00fcnk\u00fc ko\u015fullar ayn\u0131, ne ben ayn\u0131 durumday\u0131m; bamba\u015fka h\u00fcviyetimiz var&#8221; dedi.<\/p>\n<p>\u0130zmir B\u00fcy\u00fck\u015fehir Belediye Ba\u015fkan\u0131 Tun\u00e7 Soyer\u2019in K\u0131br\u0131s ile ilgili yapt\u0131\u011f\u0131 baz\u0131 a\u00e7\u0131klamalar\u0131 ele\u015ftirilmi\u015fti. Baz\u0131 isimler Soyer\u2019e a\u00e7\u0131klamalar\u0131n\u0131 d\u00fczeltmesi i\u00e7in \u00e7a\u011fr\u0131da bulunurken, Tun\u00e7 Soyer, fuar a\u00e7\u0131l\u0131\u015f\u0131nda K\u0131br\u0131s ile ilgili yeni bir a\u00e7\u0131klama yapt\u0131.<\/p>\n<p>Soyer, a\u00e7\u0131klamalar\u0131n\u0131n 3 sene \u00f6nceye dayand\u0131\u011f\u0131n\u0131 ifade ederek, &#8220;\u00dc\u00e7 sene \u00f6nce yapt\u0131\u011f\u0131m bir a\u00e7\u0131klama. Cittaslow Genel Koordinat\u00f6r\u00fc iken K\u0131br\u0131s\u2019ta 5 \u015fehrimizi birli\u011fe sokmu\u015fken, o g\u00fcn bar\u0131\u015f g\u00f6r\u00fc\u015fmeleri s\u00fcrerken yapt\u0131\u011f\u0131m\u0131z bir \u015feydi. Ne bug\u00fcnk\u00fc ko\u015fullar ayn\u0131, ne ben ayn\u0131 durumday\u0131m; bamba\u015fka h\u00fcviyetimiz var. Dolay\u0131s\u0131yla onu d\u00fcn yapt\u0131\u011f\u0131m bir deme\u00e7 gibi verilmesini sunulmas\u0131n\u0131 b\u00fcy\u00fck haks\u0131zl\u0131k olarak g\u00f6rmekteyim bu kadar yani&#8221; \u015feklinde konu\u015ftu.<\/p>\n<p>Soyer, KKTC\u2019de yay\u0131mlanan bir gazeteye verdi\u011fi r\u00f6portajda, &#8220;K\u0131br\u0131s\u2019\u0131 K\u0131br\u0131sl\u0131lara b\u0131rak\u0131rsak, en do\u011frusu bu olacak; ancak hi\u00e7 b\u0131rakm\u0131yoruz&#8221; \u015feklinde konu\u015ftu\u011fu iddia edilmi\u015fti.<\/p>\n","protected":false},"excerpt":{"rendered":"<p>&#8220;KIBRIS&#8217;I KIBRISLILARA BIRAKALIM&#8221; S\u00d6ZLER\u0130YLE ELE\u015eT\u0130R\u0130LEN \u0130ZM\u0130R B\u00dcY\u00dcK\u015eEH\u0130R BELED\u0130YE BA\u015eKANI TUN\u00c7 SOYER, &#8220;\u00dc\u00c7 SENE \u00d6NCE YAPTI\u011eIM B\u0130R A\u00c7IKLAMAYDI. NE BUG\u00dcNK\u00dc KO\u015eULLAR AYNI, NE BEN AYNI DURUMDAYIM; BAMBA\u015eKA H\u00dcV\u0130YET\u0130M\u0130Z VAR&#8221; DED\u0130.<\/p>\n","protected":false},"author":1,"featured_media":218933,"comment_status":"closed","ping_status":"open","sticky":false,"template":"","format":"standard","meta":{"jetpack_post_was_ever_published":false,"_jetpack_newsletter_access":"","_jetpack_dont_email_post_to_subs":false,"_jetpack_newsletter_tier_id":0,"_jetpack_memberships_contains_paywalled_content":false,"_jetpack_memberships_contains_paid_content":false,"footnotes":"","jetpack_publicize_message":"","jetpack_publicize_feature_enabled":true,"jetpack_social_post_already_shared":true,"jetpack_social_options":{"image_generator_settings":{"template":"highway","default_image_id":0,"font":"","enabled":false},"version":2}},"categories":[1],"tags":[3349,192,3012,7566,1840,87],"class_list":["post-218932","post","type-post","status-publish","format-standard","has-post-thumbnail","hentry","category-genel","tag-aciklama","tag-ile","tag-ilgili","tag-kibris","tag-soyerden","tag-yeni"],"jetpack_publicize_connections":[],"jetpack_featured_media_url":"https:\/\/i0.wp.com\/www.tvturk.com\/wp-content\/uploads\/2019\/10\/soyerden-kibris-ile-ilgili-yeni-aciklama_c378bb7.jpg?fit=1000%2C749","jetpack_sharing_enabled":true,"jetpack_shortlink":"https:\/\/wp.me\/paKIfm-UXa","_links":{"self":[{"href":"http:\/\/www.tvturk.com\/index.php\/wp-json\/wp\/v2\/posts\/218932","targetHints":{"allow":["GET"]}}],"collection":[{"href":"http:\/\/www.tvturk.com\/index.php\/wp-json\/wp\/v2\/posts"}],"about":[{"href":"http:\/\/www.tvturk.com\/index.php\/wp-json\/wp\/v2\/types\/post"}],"author":[{"embeddable":true,"href":"http:\/\/www.tvturk.com\/index.php\/wp-json\/wp\/v2\/users\/1"}],"replies":[{"embeddable":true,"href":"http:\/\/www.tvturk.com\/index.php\/wp-json\/wp\/v2\/comments?post=218932"}],"version-history":[{"count":0,"href":"http:\/\/www.tvturk.com\/index.php\/wp-json\/wp\/v2\/posts\/218932\/revisions"}],"wp:featuredmedia":[{"embeddable":true,"href":"http:\/\/www.tvturk.com\/index.php\/wp-json\/wp\/v2\/media\/218933"}],"wp:attachment":[{"href":"http:\/\/www.tvturk.com\/index.php\/wp-json\/wp\/v2\/media?parent=218932"}],"wp:term":[{"taxonomy":"category","embeddable":true,"href":"http:\/\/www.tvturk.com\/index.php\/wp-json\/wp\/v2\/categories?post=218932"},{"taxonomy":"post_tag","embeddable":true,"href":"http:\/\/www.tvturk.com\/index.php\/wp-json\/wp\/v2\/tags?post=218932"}],"curies":[{"name":"wp","href":"https:\/\/api.w.org\/{rel}","templated":true}]}}