{"id":21901,"date":"2019-02-11T15:01:22","date_gmt":"2019-02-11T12:01:22","guid":{"rendered":"http:\/\/www.tvturk.com\/index.php\/genclik-meclisi-yildiz-daginda-kamp-yapacak\/"},"modified":"2019-02-11T15:01:27","modified_gmt":"2019-02-11T12:01:27","slug":"genclik-meclisi-yildiz-daginda-kamp-yapacak","status":"publish","type":"post","link":"http:\/\/www.tvturk.com\/index.php\/genclik-meclisi-yildiz-daginda-kamp-yapacak\/","title":{"rendered":"Gen\u00e7lik Meclisi Y\u0131ld\u0131z Da\u011f\u0131\u2019nda kamp yapacak"},"content":{"rendered":"<p>\u00c7e\u015fitli illerden gelen T\u00fcrkiye Sa\u011f\u0131rlar Milli Federasyonu\u2019na ba\u011fl\u0131 Gen\u00e7lik Meclisi, Sivas Valisi Salih Ayhan ile bir araya geldi.<\/p>\n<p>Meclis Ba\u015fkan\u0131 F\u0131rat K\u0131rm\u0131z\u0131g\u00fcl ba\u015fkanl\u0131\u011f\u0131nda ger\u00e7ekle\u015fen ziyarette, federasyonun \u00e7al\u0131\u015fmalar\u0131 hakk\u0131nda bilgi verildi. Y\u0131ld\u0131z Da\u011f\u0131 K\u0131\u015f Sporlar\u0131 Turizm Merkezi\u2019nde k\u0131\u015f kamp\u0131 yapacaklar\u0131n\u0131 anlatan Ba\u015fkan K\u0131rm\u0131z\u0131g\u00fcl,&#8221;Gen\u00e7ler ilk kez Anadolu taraf\u0131na kampa geliyorlar. \u00c7ok mutlu oldular. Sivas\u2019\u0131 \u00e7ok sevdiler. Sizleri de ziyaret etmekten b\u00fcy\u00fck mutluluk duyduk.&#8221; dedi.<\/p>\n<p>Vali Salih Ayhan ise ilimizde i\u015fitme engellilerle oldu\u011fu gibi \u00f6zel e\u011fitim alan t\u00fcm bireylerle yak\u0131ndan ilgilendiklerini an\u0131msatt\u0131. Vali Ayhan,&#8221;Sivas\u2019ta i\u015fitme ve g\u00f6rme engelli \u00f6\u011frencilerin e\u011fitim alaca\u011f\u0131 okullar\u0131m\u0131z var. T\u00fcm kurumlar\u0131m\u0131z \u00f6zel e\u011fitim alan vatanda\u015flar\u0131m\u0131z\u0131n faydalanabilece\u011fi \u015fekilde yap\u0131land\u0131r\u0131ld\u0131. Bu do\u011frultuda hizmet veren sivil toplum kurulu\u015flar\u0131m\u0131z da bizim ba\u015f tac\u0131m\u0131zd\u0131r. \u00c7e\u015fitli illerden gelen misafirlerimizin Sivas\u2019tan g\u00fczel an\u0131larla ayr\u0131laca\u011f\u0131n\u0131 d\u00fc\u015f\u00fcn\u00fcyorum.&#8221; ifadelerini kulland\u0131.<div class=\"tiled-gallery type-rectangular tiled-gallery-unresized\" data-original-width=\"500\" data-carousel-extra='null' itemscope itemtype=\"http:\/\/schema.org\/ImageGallery\" > <div class=\"gallery-row\" style=\"width: 500px; height: 168px;\" data-original-width=\"500\" data-original-height=\"168\" > <div class=\"gallery-group images-1\" style=\"width: 250px; height: 168px;\" data-original-width=\"250\" data-original-height=\"168\" > <div class=\"tiled-gallery-item tiled-gallery-item-small\" itemprop=\"associatedMedia\" itemscope itemtype=\"http:\/\/schema.org\/ImageObject\"> <a href=\"http:\/\/www.tvturk.com\/index.php\/genclik-meclisi-yildiz-daginda-kamp-yapacak\/genclik-meclisi-yildiz-daginda-kamp-yapacak-3\/\" border=\"0\" itemprop=\"url\"> <meta itemprop=\"width\" content=\"246\"> <meta itemprop=\"height\" content=\"164\"> <img decoding=\"async\" class=\"\" data-attachment-id=\"21903\" data-orig-file=\"http:\/\/www.tvturk.com\/wp-content\/uploads\/2019\/02\/genclik-meclisi-yildiz-daginda-kamp-yapacak_2e235ee.jpg\" data-orig-size=\"1000,666\" data-comments-opened=\"\" data-image-meta=\"{&quot;aperture&quot;:&quot;0&quot;,&quot;credit&quot;:&quot;IHA&quot;,&quot;camera&quot;:&quot;&quot;,&quot;caption&quot;:&quot;\\u00c7E\\u015e\\u0130TL\\u0130 \\u0130LLERDEN GELEN T\\u00dcRK\\u0130YE SA\\u011eIRLAR M\\u0130LL\\u0130 FEDERASYONU\\u0027NA BA\\u011eLI GEN\\u00c7L\\u0130K MECL\\u0130S\\u0130, S\\u0130VAS VAL\\u0130S\\u0130 SAL\\u0130H AYHAN \\u0130LE B\\u0130R ARAYA GELD\\u0130. (U\\u011eUR Y\\u0130\\u011e\\u0130T\\\/S\\u0130VAS-\\u0130HA)&quot;,&quot;created_timestamp&quot;:&quot;0&quot;,&quot;copyright&quot;:&quot;\\u0130HLAS HABER AJANSI, www.iha.com.tr&quot;,&quot;focal_length&quot;:&quot;0&quot;,&quot;iso&quot;:&quot;0&quot;,&quot;shutter_speed&quot;:&quot;0&quot;,&quot;title&quot;:&quot;GEN\\u00c7L\\u0130K MECL\\u0130S\\u0130 YILDIZ DA\\u011eI\\u0027NDA KAMP YAPACAK&quot;,&quot;orientation&quot;:&quot;0&quot;}\" data-image-title=\"Gen\u00e7lik Meclisi Y\u0131ld\u0131z Da\u011f\u0131\u2019nda kamp yapacak\" data-image-description=\"&lt;p&gt;Gen\u00e7lik Meclisi Y\u0131ld\u0131z Da\u011f\u0131\u2019nda kamp yapacak&lt;\/p&gt; \" data-medium-file=\"https:\/\/i0.wp.com\/www.tvturk.com\/wp-content\/uploads\/2019\/02\/genclik-meclisi-yildiz-daginda-kamp-yapacak_2e235ee.jpg?fit=300%2C200\" data-large-file=\"https:\/\/i0.wp.com\/www.tvturk.com\/wp-content\/uploads\/2019\/02\/genclik-meclisi-yildiz-daginda-kamp-yapacak_2e235ee.jpg?fit=1000%2C666\" src=\"https:\/\/i0.wp.com\/www.tvturk.com\/wp-content\/uploads\/2019\/02\/genclik-meclisi-yildiz-daginda-kamp-yapacak_2e235ee.jpg?w=246&#038;h=164\" srcset=\"https:\/\/i0.wp.com\/www.tvturk.com\/wp-content\/uploads\/2019\/02\/genclik-meclisi-yildiz-daginda-kamp-yapacak_2e235ee.jpg?w=1000 1000w, https:\/\/i0.wp.com\/www.tvturk.com\/wp-content\/uploads\/2019\/02\/genclik-meclisi-yildiz-daginda-kamp-yapacak_2e235ee.jpg?resize=150%2C100 150w, https:\/\/i0.wp.com\/www.tvturk.com\/wp-content\/uploads\/2019\/02\/genclik-meclisi-yildiz-daginda-kamp-yapacak_2e235ee.jpg?resize=300%2C200 300w, https:\/\/i0.wp.com\/www.tvturk.com\/wp-content\/uploads\/2019\/02\/genclik-meclisi-yildiz-daginda-kamp-yapacak_2e235ee.jpg?resize=768%2C511 768w, https:\/\/i0.wp.com\/www.tvturk.com\/wp-content\/uploads\/2019\/02\/genclik-meclisi-yildiz-daginda-kamp-yapacak_2e235ee.jpg?resize=170%2C113 170w, https:\/\/i0.wp.com\/www.tvturk.com\/wp-content\/uploads\/2019\/02\/genclik-meclisi-yildiz-daginda-kamp-yapacak_2e235ee.jpg?resize=120%2C80 120w\" width=\"246\" height=\"164\" loading=\"lazy\" data-original-width=\"246\" data-original-height=\"164\" itemprop=\"http:\/\/schema.org\/image\" title=\"Gen\u00e7lik Meclisi Y\u0131ld\u0131z Da\u011f\u0131\u2019nda kamp yapacak\" alt=\"Gen\u00e7lik Meclisi Y\u0131ld\u0131z Da\u011f\u0131\u2019nda kamp yapacak\" style=\"width: 246px; height: 164px;\" \/> <\/a> <\/div> <\/div> <!-- close group --> <div class=\"gallery-group images-1\" style=\"width: 250px; height: 168px;\" data-original-width=\"250\" data-original-height=\"168\" > <div class=\"tiled-gallery-item tiled-gallery-item-small\" itemprop=\"associatedMedia\" itemscope itemtype=\"http:\/\/schema.org\/ImageObject\"> <a href=\"http:\/\/www.tvturk.com\/index.php\/genclik-meclisi-yildiz-daginda-kamp-yapacak\/genclik-meclisi-yildiz-daginda-kamp-yapacak-4\/\" border=\"0\" itemprop=\"url\"> <meta itemprop=\"width\" content=\"246\"> <meta itemprop=\"height\" content=\"164\"> <img decoding=\"async\" class=\"\" data-attachment-id=\"21904\" data-orig-file=\"http:\/\/www.tvturk.com\/wp-content\/uploads\/2019\/02\/genclik-meclisi-yildiz-daginda-kamp-yapacak_453e28e.jpg\" data-orig-size=\"1000,666\" data-comments-opened=\"\" data-image-meta=\"{&quot;aperture&quot;:&quot;0&quot;,&quot;credit&quot;:&quot;IHA&quot;,&quot;camera&quot;:&quot;&quot;,&quot;caption&quot;:&quot;\\u00c7E\\u015e\\u0130TL\\u0130 \\u0130LLERDEN GELEN T\\u00dcRK\\u0130YE SA\\u011eIRLAR M\\u0130LL\\u0130 FEDERASYONU\\u0027NA BA\\u011eLI GEN\\u00c7L\\u0130K MECL\\u0130S\\u0130, S\\u0130VAS VAL\\u0130S\\u0130 SAL\\u0130H AYHAN \\u0130LE B\\u0130R ARAYA GELD\\u0130. (U\\u011eUR Y\\u0130\\u011e\\u0130T\\\/S\\u0130VAS-\\u0130HA)&quot;,&quot;created_timestamp&quot;:&quot;0&quot;,&quot;copyright&quot;:&quot;\\u0130HLAS HABER AJANSI, www.iha.com.tr&quot;,&quot;focal_length&quot;:&quot;0&quot;,&quot;iso&quot;:&quot;0&quot;,&quot;shutter_speed&quot;:&quot;0&quot;,&quot;title&quot;:&quot;GEN\\u00c7L\\u0130K MECL\\u0130S\\u0130 YILDIZ DA\\u011eI\\u0027NDA KAMP YAPACAK&quot;,&quot;orientation&quot;:&quot;0&quot;}\" data-image-title=\"Gen\u00e7lik Meclisi Y\u0131ld\u0131z Da\u011f\u0131\u2019nda kamp yapacak\" data-image-description=\"&lt;p&gt;Gen\u00e7lik Meclisi Y\u0131ld\u0131z Da\u011f\u0131\u2019nda kamp yapacak&lt;\/p&gt; \" data-medium-file=\"https:\/\/i0.wp.com\/www.tvturk.com\/wp-content\/uploads\/2019\/02\/genclik-meclisi-yildiz-daginda-kamp-yapacak_453e28e.jpg?fit=300%2C200\" data-large-file=\"https:\/\/i0.wp.com\/www.tvturk.com\/wp-content\/uploads\/2019\/02\/genclik-meclisi-yildiz-daginda-kamp-yapacak_453e28e.jpg?fit=1000%2C666\" src=\"https:\/\/i0.wp.com\/www.tvturk.com\/wp-content\/uploads\/2019\/02\/genclik-meclisi-yildiz-daginda-kamp-yapacak_453e28e.jpg?w=246&#038;h=164\" srcset=\"https:\/\/i0.wp.com\/www.tvturk.com\/wp-content\/uploads\/2019\/02\/genclik-meclisi-yildiz-daginda-kamp-yapacak_453e28e.jpg?w=1000 1000w, https:\/\/i0.wp.com\/www.tvturk.com\/wp-content\/uploads\/2019\/02\/genclik-meclisi-yildiz-daginda-kamp-yapacak_453e28e.jpg?resize=150%2C100 150w, https:\/\/i0.wp.com\/www.tvturk.com\/wp-content\/uploads\/2019\/02\/genclik-meclisi-yildiz-daginda-kamp-yapacak_453e28e.jpg?resize=300%2C200 300w, https:\/\/i0.wp.com\/www.tvturk.com\/wp-content\/uploads\/2019\/02\/genclik-meclisi-yildiz-daginda-kamp-yapacak_453e28e.jpg?resize=768%2C511 768w, https:\/\/i0.wp.com\/www.tvturk.com\/wp-content\/uploads\/2019\/02\/genclik-meclisi-yildiz-daginda-kamp-yapacak_453e28e.jpg?resize=170%2C113 170w, https:\/\/i0.wp.com\/www.tvturk.com\/wp-content\/uploads\/2019\/02\/genclik-meclisi-yildiz-daginda-kamp-yapacak_453e28e.jpg?resize=120%2C80 120w\" width=\"246\" height=\"164\" loading=\"lazy\" data-original-width=\"246\" data-original-height=\"164\" itemprop=\"http:\/\/schema.org\/image\" title=\"Gen\u00e7lik Meclisi Y\u0131ld\u0131z Da\u011f\u0131\u2019nda kamp yapacak\" alt=\"Gen\u00e7lik Meclisi Y\u0131ld\u0131z Da\u011f\u0131\u2019nda kamp yapacak\" style=\"width: 246px; height: 164px;\" \/> <\/a> <\/div> <\/div> <!-- close group --> <\/div> <!-- close row --> <\/div><\/p>\n","protected":false},"excerpt":{"rendered":"<p>\u00c7E\u015e\u0130TL\u0130 \u0130LLERDEN GELEN T\u00dcRK\u0130YE SA\u011eIRLAR M\u0130LL\u0130 FEDERASYONU&#8217;NA BA\u011eLI GEN\u00c7L\u0130K MECL\u0130S\u0130, S\u0130VAS VAL\u0130S\u0130 SAL\u0130H AYHAN \u0130LE B\u0130R ARAYA GELD\u0130.<\/p>\n","protected":false},"author":1,"featured_media":21902,"comment_status":"closed","ping_status":"open","sticky":false,"template":"","format":"standard","meta":{"jetpack_post_was_ever_published":false,"_jetpack_newsletter_access":"","_jetpack_dont_email_post_to_subs":false,"_jetpack_newsletter_tier_id":0,"_jetpack_memberships_contains_paywalled_content":false,"_jetpack_memberships_contains_paid_content":false,"footnotes":"","jetpack_publicize_message":"","jetpack_publicize_feature_enabled":true,"jetpack_social_post_already_shared":false,"jetpack_social_options":{"image_generator_settings":{"template":"highway","default_image_id":0,"font":"","enabled":false},"version":2}},"categories":[655],"tags":[3844,512,1101,290,3798,8902],"class_list":["post-21901","post","type-post","status-publish","format-standard","has-post-thumbnail","hentry","category-son-dakika","tag-daginda","tag-genclik","tag-kamp","tag-meclisi","tag-yapacak","tag-yildiz"],"jetpack_publicize_connections":[],"jetpack_featured_media_url":"https:\/\/i0.wp.com\/www.tvturk.com\/wp-content\/uploads\/2019\/02\/genclik-meclisi-yildiz-daginda-kamp-yapacak_d240521.jpg?fit=1000%2C666","jetpack_sharing_enabled":true,"jetpack_shortlink":"https:\/\/wp.me\/paKIfm-5Hf","_links":{"self":[{"href":"http:\/\/www.tvturk.com\/index.php\/wp-json\/wp\/v2\/posts\/21901","targetHints":{"allow":["GET"]}}],"collection":[{"href":"http:\/\/www.tvturk.com\/index.php\/wp-json\/wp\/v2\/posts"}],"about":[{"href":"http:\/\/www.tvturk.com\/index.php\/wp-json\/wp\/v2\/types\/post"}],"author":[{"embeddable":true,"href":"http:\/\/www.tvturk.com\/index.php\/wp-json\/wp\/v2\/users\/1"}],"replies":[{"embeddable":true,"href":"http:\/\/www.tvturk.com\/index.php\/wp-json\/wp\/v2\/comments?post=21901"}],"version-history":[{"count":1,"href":"http:\/\/www.tvturk.com\/index.php\/wp-json\/wp\/v2\/posts\/21901\/revisions"}],"predecessor-version":[{"id":21905,"href":"http:\/\/www.tvturk.com\/index.php\/wp-json\/wp\/v2\/posts\/21901\/revisions\/21905"}],"wp:featuredmedia":[{"embeddable":true,"href":"http:\/\/www.tvturk.com\/index.php\/wp-json\/wp\/v2\/media\/21902"}],"wp:attachment":[{"href":"http:\/\/www.tvturk.com\/index.php\/wp-json\/wp\/v2\/media?parent=21901"}],"wp:term":[{"taxonomy":"category","embeddable":true,"href":"http:\/\/www.tvturk.com\/index.php\/wp-json\/wp\/v2\/categories?post=21901"},{"taxonomy":"post_tag","embeddable":true,"href":"http:\/\/www.tvturk.com\/index.php\/wp-json\/wp\/v2\/tags?post=21901"}],"curies":[{"name":"wp","href":"https:\/\/api.w.org\/{rel}","templated":true}]}}