{"id":219028,"date":"2019-10-23T17:32:30","date_gmt":"2019-10-23T14:32:30","guid":{"rendered":"http:\/\/www.tvturk.com\/index.php\/kagithanede-acil-durumlarda-toplanma-alanlarina-karekod-uygulamasi-sistemi-tanitildi\/"},"modified":"2019-10-23T17:32:30","modified_gmt":"2019-10-23T14:32:30","slug":"kagithanede-acil-durumlarda-toplanma-alanlarina-karekod-uygulamasi-sistemi-tanitildi","status":"publish","type":"post","link":"http:\/\/www.tvturk.com\/index.php\/kagithanede-acil-durumlarda-toplanma-alanlarina-karekod-uygulamasi-sistemi-tanitildi\/","title":{"rendered":"Ka\u011f\u0131thane\u2019de acil durumlarda toplanma alanlar\u0131na karekod uygulamas\u0131 sistemi tan\u0131t\u0131ld\u0131"},"content":{"rendered":"<p>Ka\u011f\u0131thane\u2019de AFAD ve Ka\u011f\u0131thane Belediyesi i\u015fbirli\u011fiyle deprem tedbirleri kapsam\u0131nda acil durumlarda toplanma alanlar\u0131nda bulunan karekod ve numara sistemi Ka\u011f\u0131thane Belediye Ba\u015fkan\u0131 Mevl\u00fct \u00d6ztekin taraf\u0131ndan bas\u0131n mensuplar\u0131na tan\u0131t\u0131ld\u0131.<\/p>\n<p>Afet ve Acil Durum Y\u00f6netimi Ba\u015fkanl\u0131\u011f\u0131 (AFAD) ve Ka\u011f\u0131thane Belediyesi i\u015fbirli\u011fiyle deprem tedbirleri kapsam\u0131nda toplanma alanlar\u0131na karekod ve numara sistemi \u015eirintepe Mahallesi Hilal Park\u0131\u2019nda tan\u0131t\u0131ld\u0131. Karekod uygulamas\u0131n\u0131 \u00f6\u011frencilerle deneyen Ka\u011f\u0131thane Belediye Ba\u015fkan\u0131 Mevl\u00fct \u00d6ztekin bas\u0131n mensuplar\u0131na acil durumlarda toplanma alanlar\u0131n\u0131n \u00f6neminden bahsetti. \u00d6ztekin, acil durumlarda ilk 72 saat kullanabilecek malzemelerden olu\u015fan deprem deposunu gezerek i\u00e7erisindeki malzemeleri inceledi. Ayr\u0131ca Acil durumlarda elektrik kesintisine kar\u015f\u0131 park\u0131n i\u00e7erisinde g\u00fcne\u015f panellerinin oldu\u011funu s\u00f6yleyen \u00d6ztekin, bu panellerin t\u00fcm toplanma alanlar\u0131na konulaca\u011f\u0131n\u0131 bu sayede elektrik kesintisi olsa bile vatanda\u015flar\u0131n birbirinden haber alabilece\u011fini belirtti.<\/p>\n<p>Ayr\u0131ca toplanma alanlar\u0131n\u0131n her birine yerle\u015ftirilen tabelalar\u0131n \u00fczerinde bulunan karekod ve numara kodlar\u0131 sayesinde vatanda\u015flar nerede olduklar\u0131n\u0131 an\u0131nda \u00f6\u011frenebilecek ve konum bilgilerini kaydederek yak\u0131nlar\u0131yla payla\u015fabilecek. \u00d6te yandan vatanda\u015flar afet \u00f6ncesi tedbir almak amac\u0131yla evlerine en yak\u0131n toplanma alan\u0131nda bulunan bu tabelalardaki bilgiler sayesinde, afet an\u0131nda bu alanlara h\u0131zl\u0131 \u015fekilde ula\u015fabilecek. Ak\u0131ll\u0131 telefonlar\u0131n QR Karekod okuma \u00f6zelli\u011fi kullan\u0131larak tabelalardaki karekodlar\u0131n okutulmas\u0131yla alan\u0131n konum bilgilerine eri\u015filebilecek.<\/p>\n<p>\u201cKarekod enlem ve boylam a\u00e7\u0131s\u0131ndan tam g\u00fcvenilir\u201d<\/p>\n<p>Afet ve acil durum toplanma alanlar\u0131na karekod uygulamas\u0131 sistemini bas\u0131n mensuplar\u0131na tan\u0131tan Ka\u011f\u0131thane Belediye Ba\u015fkan\u0131 Mevl\u00fct \u00d6ztekin, \u201cBug\u00fcn 23 Ekim Van depreminin 8. y\u0131l d\u00f6n\u00fcm\u00fc orada da 600\u2019e yak\u0131n vatanda\u015f\u0131m\u0131z hayat\u0131n\u0131 kaybetmi\u015fti. Allah\u2019tan rahmet diliyorum. \u0130l\u00e7emizde 79 toplama alan\u0131m\u0131z var. Her alan\u0131m\u0131zda e-devlet ile entegre bir \u015fekilde karekodlu uygulama ile bu tabelalar\u0131 AFAD ile birlikte yerle\u015ftirmi\u015f olaca\u011f\u0131z. \u00d6zellikle \u00e7ocuklar\u0131m\u0131za uygulamal\u0131 olarak g\u00f6sterdik. Herhangi bir deprem an\u0131nda \u00e7ocuklar\u0131m\u0131z\u0131n nerede olduklar\u0131n\u0131 bulabilmek ad\u0131na haberle\u015fme ad\u0131na biliyorsunuz o g\u00fcnde \u015febekelerden dolay\u0131 sadece internet yoluyla haberle\u015fme oldu. Art\u0131k uygulama ile beraber nerede oldu\u011fumuzu t\u00fcm koordinatlar\u0131 ile birlikte sevdiklerimizle payla\u015fm\u0131\u015f olaca\u011f\u0131z. Tabela ile birlikte buras\u0131 art\u0131k acil durum an\u0131nda toplanma alan\u0131 olarak ilan edilmi\u015f oldu. Buradaki t\u00fcm mahalle sakinleri de \u00f6\u011frenmi\u015f oldu. Alanlar\u0131n hem yerle\u015fim yerlerine yak\u0131n olmas\u0131 laz\u0131m hem de yap\u0131sal olarak deprem an\u0131nda etkilenmemesi gerekiyor. Asl\u0131nda konumda at\u0131labilir ama karekod enlem ve boylam a\u00e7\u0131s\u0131ndan tam g\u00fcvenilir bir \u015fekilde sevdiklerimize ula\u015fmam\u0131z\u0131 sa\u011fl\u0131yor\u201d diye konu\u015ftu.<\/p>\n<p>\u201cMahallemiz i\u00e7in \u00e7ok g\u00fczel bir uygulama hay\u0131rl\u0131, u\u011furlu olsun\u201d<\/p>\n<p>Herhangi bir deprem an\u0131nda karekod ile deprem toplanma noktas\u0131nda olaca\u011f\u0131n\u0131 belirten Metin G\u00fclfer, \u201cMahallemiz i\u00e7in \u00e7ok g\u00fczel bir uygulama hay\u0131rl\u0131, u\u011furlu olsun. Allah\u2019\u0131m depremden uzak etsin. Herhangi bir deprem an\u0131nda telefon ile karekodu okutarak toplanma alanlar\u0131nda olaca\u011f\u0131z\u201d ifadelerini kulland\u0131.<\/p>\n<p>\u201cBu \u00e7al\u0131\u015fma aile bireylerinden haberdar olma imkan\u0131 veriyor\u201d<\/p>\n<p>Uygulaman\u0131n \u00e7ok faydal\u0131 oldu\u011funu d\u00fc\u015f\u00fcnen Kaya \u015eahin ise, \u201cFaydal\u0131 bir \u00e7al\u0131\u015fma oldu\u011funu d\u00fc\u015f\u00fcn\u00fcyorum. Deprem an\u0131nda telefonlar kesiliyor, internet ile ileti\u015fim kuruyoruz. Bu \u00e7al\u0131\u015fma aile bireylerinden haberdar olma imkan\u0131 veriyor. Toplumun ileri d\u00fczeyde bilin\u00e7lenmeye ve fark\u0131ndal\u0131\u011fa ihtiyac\u0131 var. Bu g\u00fczel bir ad\u0131m ba\u015fkan\u0131m\u0131z\u0131 tebrik ediyoruz. Ka\u011f\u0131thane Belediyesi\u2019nin b\u00f6yle bir uygulama ba\u015flatmas\u0131 \u00e7ok g\u00fczel\u201d \u015feklinde konu\u015ftu.<\/p>\n","protected":false},"excerpt":{"rendered":"<p>KA\u011eITHANE\u2019DE AFAD VE KA\u011eITHANE BELED\u0130YES\u0130 \u0130\u015eB\u0130RL\u0130\u011e\u0130YLE DEPREM TEDB\u0130RLER\u0130 KAPSAMINDA AC\u0130L DURUMLARDA TOPLANMA ALANLARINDA BULUNAN KAREKOD VE NUMARA S\u0130STEM\u0130 KA\u011eITHANE BELED\u0130YE BA\u015eKANI MEVL\u00dcT \u00d6ZTEK\u0130N TARAFINDAN BASIN MENSUPLARINA TANITILDI.<\/p>\n","protected":false},"author":1,"featured_media":219029,"comment_status":"closed","ping_status":"open","sticky":false,"template":"","format":"standard","meta":{"jetpack_post_was_ever_published":false,"_jetpack_newsletter_access":"","_jetpack_dont_email_post_to_subs":false,"_jetpack_newsletter_tier_id":0,"_jetpack_memberships_contains_paywalled_content":false,"_jetpack_memberships_contains_paid_content":false,"footnotes":"","jetpack_publicize_message":"","jetpack_publicize_feature_enabled":true,"jetpack_social_post_already_shared":true,"jetpack_social_options":{"image_generator_settings":{"template":"highway","default_image_id":0,"font":"","enabled":false},"version":2}},"categories":[1],"tags":[32855,7016,13058,38745,5352,6233,1860,52646,861],"class_list":["post-219028","post","type-post","status-publish","format-standard","has-post-thumbnail","hentry","category-genel","tag-karekod","tag-acil","tag-alanlarina","tag-durumlarda","tag-kagithanede","tag-sistemi","tag-tanitildi","tag-toplanma","tag-uygulamasi"],"jetpack_publicize_connections":[],"jetpack_featured_media_url":"https:\/\/i0.wp.com\/www.tvturk.com\/wp-content\/uploads\/2019\/10\/kagithanede-acil-durumlarda-toplanma-alanlarina-karekod-uygulamasi-sistemi-tanitildi_707d419.jpg?fit=1000%2C666","jetpack_sharing_enabled":true,"jetpack_shortlink":"https:\/\/wp.me\/paKIfm-UYI","_links":{"self":[{"href":"http:\/\/www.tvturk.com\/index.php\/wp-json\/wp\/v2\/posts\/219028","targetHints":{"allow":["GET"]}}],"collection":[{"href":"http:\/\/www.tvturk.com\/index.php\/wp-json\/wp\/v2\/posts"}],"about":[{"href":"http:\/\/www.tvturk.com\/index.php\/wp-json\/wp\/v2\/types\/post"}],"author":[{"embeddable":true,"href":"http:\/\/www.tvturk.com\/index.php\/wp-json\/wp\/v2\/users\/1"}],"replies":[{"embeddable":true,"href":"http:\/\/www.tvturk.com\/index.php\/wp-json\/wp\/v2\/comments?post=219028"}],"version-history":[{"count":0,"href":"http:\/\/www.tvturk.com\/index.php\/wp-json\/wp\/v2\/posts\/219028\/revisions"}],"wp:featuredmedia":[{"embeddable":true,"href":"http:\/\/www.tvturk.com\/index.php\/wp-json\/wp\/v2\/media\/219029"}],"wp:attachment":[{"href":"http:\/\/www.tvturk.com\/index.php\/wp-json\/wp\/v2\/media?parent=219028"}],"wp:term":[{"taxonomy":"category","embeddable":true,"href":"http:\/\/www.tvturk.com\/index.php\/wp-json\/wp\/v2\/categories?post=219028"},{"taxonomy":"post_tag","embeddable":true,"href":"http:\/\/www.tvturk.com\/index.php\/wp-json\/wp\/v2\/tags?post=219028"}],"curies":[{"name":"wp","href":"https:\/\/api.w.org\/{rel}","templated":true}]}}