{"id":219203,"date":"2019-10-24T11:17:02","date_gmt":"2019-10-24T08:17:02","guid":{"rendered":"http:\/\/www.tvturk.com\/index.php\/sivasta-kaldirim-uzerindeki-turbenin-sirri\/"},"modified":"2019-10-24T11:17:02","modified_gmt":"2019-10-24T08:17:02","slug":"sivasta-kaldirim-uzerindeki-turbenin-sirri","status":"publish","type":"post","link":"http:\/\/www.tvturk.com\/index.php\/sivasta-kaldirim-uzerindeki-turbenin-sirri\/","title":{"rendered":"Sivas\u2019ta kald\u0131r\u0131m \u00fczerindeki t\u00fcrbenin s\u0131rr\u0131"},"content":{"rendered":"<p>Sivas\u2019ta i\u015flek caddede kald\u0131r\u0131m\u0131n ortas\u0131nda kalan t\u00fcrbe mezar dikkat \u00e7ekiyor.<\/p>\n<p>Sivas\u2019\u0131n i\u015flek caddelerinden Evliya Caddesinde yaya kald\u0131r\u0131m\u0131n\u0131n tam ortas\u0131nda kalan t\u00fcrbe mezar \u00f6zellikle yabanc\u0131lar\u0131n bir hayli ilgisini \u00e7ekiyor. Sivasl\u0131lar\u0131n al\u0131\u015f\u0131k oldu\u011fu ve normal olarak kar\u015f\u0131lad\u0131\u011f\u0131 bu durumun ilgin\u00e7 de bir hikayesi var. Rivayete g\u00f6re ge\u00e7mi\u015fte cadde olu\u015fturulurken i\u015f makinesi  bug\u00fcn t\u00fcrbe mezar\u0131n oldu\u011fu b\u00f6l\u00fcm\u00fc geldi\u011finde ar\u0131zalan\u0131r. T\u00fcm u\u011fra\u015f\u0131lara ra\u011fmen i\u015f makinesi \u00e7al\u0131\u015fmay\u0131nca operat\u00f6r korkarak devam etmez. Bu olaydan sonra Peygamber efendimizin sancaktarlar\u0131ndan Hazreti Zeynel Abidin isimli zat\u0131n mezar\u0131 oldu\u011fu d\u00fc\u015f\u00fcn\u00fclen b\u00f6l\u00fcme dokunulmaz. Daha sonra buras\u0131 t\u00fcrbeye d\u00f6n\u00fc\u015ft\u00fcr\u00fcl\u00fcr ve Arap Evliya T\u00fcrbesi ad\u0131n\u0131 al\u0131r. Caddeye de bu nedenle Evliya Caddesi ismi verilir.<\/p>\n<p>Konuyla ilgili bildiklerini a\u00e7\u0131klayan t\u00fcrbe mezar\u0131n bulundu\u011fu \u00d6rt\u00fcl\u00fcp\u0131nar Mahalle sakinlerinden Sinan  Hac\u0131alibeyo\u011flu, \u201cBu t\u00fcrbenin bulundu\u011fu arazi benimde mensubu bulundu\u011fum Hac\u0131alibeyo\u011flu ailesine aitti. B\u00fcy\u00fcklerimizden duydu\u011fumuz kadar\u0131 ile burada yatan zat Arabistan veya Suriye\u2019den dinimizi anlatmak i\u00e7in buraya gelmi\u015f. Ailemiz kendisini misafir etmi\u015f. Vefat\u0131n\u0131n ard\u0131ndan da ge\u00e7mi\u015fte konak bulunan bu araziye defnetmi\u015f. Ge\u00e7mi\u015fte burada bug\u00fcn ki bu cadde olu\u015fturulurken i\u015f makinesi mezara yakla\u015ft\u0131\u011f\u0131nda ara\u00e7 durmu\u015f, \u00e7al\u0131\u015fmam\u0131\u015f, operat\u00f6rde korkup ka\u00e7m\u0131\u015f. Buras\u0131 da b\u00f6yle kalm\u0131\u015f.\u201ddedi.<\/p>\n","protected":false},"excerpt":{"rendered":"<p>S\u0130VAS\u2019TA \u0130\u015eLEK CADDEDE KALDIRIMIN ORTASINDA KALAN T\u00dcRBE D\u0130KKAT \u00c7EK\u0130YOR.<\/p>\n","protected":false},"author":1,"featured_media":219204,"comment_status":"closed","ping_status":"open","sticky":false,"template":"","format":"standard","meta":{"jetpack_post_was_ever_published":false,"_jetpack_newsletter_access":"","_jetpack_dont_email_post_to_subs":false,"_jetpack_newsletter_tier_id":0,"_jetpack_memberships_contains_paywalled_content":false,"_jetpack_memberships_contains_paid_content":false,"footnotes":"","jetpack_publicize_message":"","jetpack_publicize_feature_enabled":true,"jetpack_social_post_already_shared":true,"jetpack_social_options":{"image_generator_settings":{"template":"highway","default_image_id":0,"font":"","enabled":false},"version":2}},"categories":[1],"tags":[6439,3765,3903,34533,10617],"class_list":["post-219203","post","type-post","status-publish","format-standard","has-post-thumbnail","hentry","category-genel","tag-kaldirim","tag-sivasta","tag-sirri","tag-turbenin","tag-uzerindeki"],"jetpack_publicize_connections":[],"jetpack_featured_media_url":"https:\/\/i0.wp.com\/www.tvturk.com\/wp-content\/uploads\/2019\/10\/sivasta-kaldirim-uzerindeki-turbenin-sirri_186e18d.jpg?fit=1000%2C562","jetpack_sharing_enabled":true,"jetpack_shortlink":"https:\/\/wp.me\/paKIfm-V1x","_links":{"self":[{"href":"http:\/\/www.tvturk.com\/index.php\/wp-json\/wp\/v2\/posts\/219203","targetHints":{"allow":["GET"]}}],"collection":[{"href":"http:\/\/www.tvturk.com\/index.php\/wp-json\/wp\/v2\/posts"}],"about":[{"href":"http:\/\/www.tvturk.com\/index.php\/wp-json\/wp\/v2\/types\/post"}],"author":[{"embeddable":true,"href":"http:\/\/www.tvturk.com\/index.php\/wp-json\/wp\/v2\/users\/1"}],"replies":[{"embeddable":true,"href":"http:\/\/www.tvturk.com\/index.php\/wp-json\/wp\/v2\/comments?post=219203"}],"version-history":[{"count":0,"href":"http:\/\/www.tvturk.com\/index.php\/wp-json\/wp\/v2\/posts\/219203\/revisions"}],"wp:featuredmedia":[{"embeddable":true,"href":"http:\/\/www.tvturk.com\/index.php\/wp-json\/wp\/v2\/media\/219204"}],"wp:attachment":[{"href":"http:\/\/www.tvturk.com\/index.php\/wp-json\/wp\/v2\/media?parent=219203"}],"wp:term":[{"taxonomy":"category","embeddable":true,"href":"http:\/\/www.tvturk.com\/index.php\/wp-json\/wp\/v2\/categories?post=219203"},{"taxonomy":"post_tag","embeddable":true,"href":"http:\/\/www.tvturk.com\/index.php\/wp-json\/wp\/v2\/tags?post=219203"}],"curies":[{"name":"wp","href":"https:\/\/api.w.org\/{rel}","templated":true}]}}