{"id":219247,"date":"2019-10-24T12:03:38","date_gmt":"2019-10-24T09:03:38","guid":{"rendered":"http:\/\/www.tvturk.com\/index.php\/yabanci-dilde-ihlas-koleji-farki\/"},"modified":"2019-10-24T12:03:38","modified_gmt":"2019-10-24T09:03:38","slug":"yabanci-dilde-ihlas-koleji-farki","status":"publish","type":"post","link":"http:\/\/www.tvturk.com\/index.php\/yabanci-dilde-ihlas-koleji-farki\/","title":{"rendered":"Yabanc\u0131 dilde \u0130hlas Koleji fark\u0131"},"content":{"rendered":"<p>Cambridge \u00dcniversitesi taraf\u0131ndan \u00fclkemizde yap\u0131lan \u0130ngilizce derecelendirme s\u0131navlar\u0131na girerek ba\u015far\u0131l\u0131 olan \u0130hlas Koleji \u00f6\u011frencileri sertifikalar\u0131n\u0131 d\u00fczenlenen t\u00f6renlerle ald\u0131lar.<\/p>\n<p>\u0130hlas Kolejinin Bah\u00e7elievler, Beylikd\u00fcz\u00fc ve Ispartakule kamp\u00fcslerinde yap\u0131lan t\u00f6renlerde Starters, Movers, Flyers, KET ve PET s\u0131nav gruplar\u0131nda ba\u015far\u0131ya ula\u015fan \u00f6\u011frencilere sertifikalar\u0131 ve plaketleri okul y\u00f6neticileri taraf\u0131ndan verildi.<\/p>\n<p>Cambridge s\u0131navlar\u0131nda ba\u015far\u0131l\u0131 olarak dereceye giren \u00f6\u011frencileri tebrik eden \u0130hlas E\u011fitim Kurumlar\u0131 Genel M\u00fcd\u00fcr\u00fc Bedri Yeltekin, bu ba\u015far\u0131da eme\u011fi ge\u00e7en yabanc\u0131 dil z\u00fcmresi \u00f6\u011fretmenlerine de te\u015fekk\u00fcr etti.<\/p>\n<p>\u0130ngilizcenin yan\u0131 s\u0131ra Almanca ve \u0130spanyolca dersleri de verdiklerini vurgulayan \u0130hlas E\u011fitim Kurumlar\u0131 Genel M\u00fcd\u00fcr\u00fc Bedri Yeltekin, \u201cAnaokulundan itibaren ba\u015flatm\u0131\u015f oldu\u011fumuz yabanc\u0131 dil e\u011fitimimizi deneyimli e\u011fitimci kadrolar\u0131m\u0131zla birlikte haz\u0131rlad\u0131\u011f\u0131m\u0131z \u00e7al\u0131\u015fma programlar\u0131 ve kurdu\u011fumuz yabanc\u0131 dil kul\u00fcpleri ile destekliyoruz. Hedefimiz \u00f6\u011frencilerimizin akademik ve \u00e7al\u0131\u015fma hayatlar\u0131nda yabanc\u0131 dili en iyi \u015fekilde kullanmalar\u0131n\u0131 sa\u011flayacak e\u011fitimi verebilmektir\u201d dedi.<\/p>\n<p>Velilerin de takip etti\u011fi programlarda \u00f6\u011frenciler haz\u0131rlad\u0131klar\u0131 g\u00f6sterilerle izleyicilere keyifli anlar ya\u015fatt\u0131lar.<\/p>\n","protected":false},"excerpt":{"rendered":"<p>CAMBR\u0130DGE \u00dcN\u0130VERS\u0130TES\u0130 TARAFINDAN \u00dcLKEM\u0130ZDE YAPILAN \u0130NG\u0130L\u0130ZCE DERECELEND\u0130RME SINAVLARINA G\u0130REREK BA\u015eARILI OLAN \u0130HLAS KOLEJ\u0130 \u00d6\u011eRENC\u0130LER\u0130 SERT\u0130F\u0130KALARINI D\u00dcZENLENEN T\u00d6RENLERLE ALDILAR.<\/p>\n","protected":false},"author":1,"featured_media":219248,"comment_status":"closed","ping_status":"open","sticky":false,"template":"","format":"standard","meta":{"jetpack_post_was_ever_published":false,"_jetpack_newsletter_access":"","_jetpack_dont_email_post_to_subs":false,"_jetpack_newsletter_tier_id":0,"_jetpack_memberships_contains_paywalled_content":false,"_jetpack_memberships_contains_paid_content":false,"footnotes":"","jetpack_publicize_message":"","jetpack_publicize_feature_enabled":true,"jetpack_social_post_already_shared":true,"jetpack_social_options":{"image_generator_settings":{"template":"highway","default_image_id":0,"font":"","enabled":false},"version":2}},"categories":[1],"tags":[14089,8717,2814,3630,4069],"class_list":["post-219247","post","type-post","status-publish","format-standard","has-post-thumbnail","hentry","category-genel","tag-dilde","tag-farki","tag-ihlas","tag-koleji","tag-yabanci"],"jetpack_publicize_connections":[],"jetpack_featured_media_url":"https:\/\/i0.wp.com\/www.tvturk.com\/wp-content\/uploads\/2019\/10\/yabanci-dilde-ihlas-koleji-farki_bbd480e.jpg?fit=1000%2C666","jetpack_sharing_enabled":true,"jetpack_shortlink":"https:\/\/wp.me\/paKIfm-V2f","_links":{"self":[{"href":"http:\/\/www.tvturk.com\/index.php\/wp-json\/wp\/v2\/posts\/219247","targetHints":{"allow":["GET"]}}],"collection":[{"href":"http:\/\/www.tvturk.com\/index.php\/wp-json\/wp\/v2\/posts"}],"about":[{"href":"http:\/\/www.tvturk.com\/index.php\/wp-json\/wp\/v2\/types\/post"}],"author":[{"embeddable":true,"href":"http:\/\/www.tvturk.com\/index.php\/wp-json\/wp\/v2\/users\/1"}],"replies":[{"embeddable":true,"href":"http:\/\/www.tvturk.com\/index.php\/wp-json\/wp\/v2\/comments?post=219247"}],"version-history":[{"count":0,"href":"http:\/\/www.tvturk.com\/index.php\/wp-json\/wp\/v2\/posts\/219247\/revisions"}],"wp:featuredmedia":[{"embeddable":true,"href":"http:\/\/www.tvturk.com\/index.php\/wp-json\/wp\/v2\/media\/219248"}],"wp:attachment":[{"href":"http:\/\/www.tvturk.com\/index.php\/wp-json\/wp\/v2\/media?parent=219247"}],"wp:term":[{"taxonomy":"category","embeddable":true,"href":"http:\/\/www.tvturk.com\/index.php\/wp-json\/wp\/v2\/categories?post=219247"},{"taxonomy":"post_tag","embeddable":true,"href":"http:\/\/www.tvturk.com\/index.php\/wp-json\/wp\/v2\/tags?post=219247"}],"curies":[{"name":"wp","href":"https:\/\/api.w.org\/{rel}","templated":true}]}}