{"id":219283,"date":"2019-10-24T12:48:09","date_gmt":"2019-10-24T09:48:09","guid":{"rendered":"http:\/\/www.tvturk.com\/index.php\/universite-adaylarina-ucretsiz-egitim-kursu\/"},"modified":"2019-10-24T12:48:09","modified_gmt":"2019-10-24T09:48:09","slug":"universite-adaylarina-ucretsiz-egitim-kursu","status":"publish","type":"post","link":"http:\/\/www.tvturk.com\/index.php\/universite-adaylarina-ucretsiz-egitim-kursu\/","title":{"rendered":"\u00dcniversite adaylar\u0131na \u00fccretsiz e\u011fitim kursu"},"content":{"rendered":"<p>Diyarbak\u0131r\u2019\u0131n Ba\u011flar \u0130l\u00e7e Belediyesi taraf\u0131ndan \u00fcniversite adaylar\u0131na y\u00f6nelik \u00fccretsiz e\u011fitim kursu a\u00e7\u0131ld\u0131.<\/p>\n<p>Diyarbak\u0131r\u2019\u0131n Ba\u011flar \u0130l\u00e7e Belediyesi taraf\u0131ndan \u0130l\u00e7e Milli E\u011fitim M\u00fcd\u00fcrl\u00fc\u011f\u00fc ve Halk E\u011fitim Merkezi M\u00fcd\u00fcrl\u00fc\u011f\u00fc\u2019n\u00fcn destek verdi\u011fi proje ile \u00fcniversite adaylar\u0131na \u00fccretsiz kurslar verilmeye ba\u015fland\u0131. Ferzad Kemanger Halk K\u00fct\u00fcphanesi\u2019nde a\u00e7\u0131l\u0131\u015f\u0131 ger\u00e7ekle\u015ftirilen kursa, Ba\u011flar Belediye Ba\u015fkan\u0131 H\u00fcseyin Beyo\u011flu, Ba\u011flar \u0130l\u00e7e Milli E\u011fitim M\u00fcd\u00fcr\u00fc Mehmet Emin Erdo\u011fan, kurum m\u00fcd\u00fcrleri, \u00f6\u011frenciler ve veliler kat\u0131ld\u0131.<\/p>\n<p>\u0130stiklal Mar\u015f\u0131\u2019n\u0131n okunmas\u0131yla ba\u015flayan program kurdele kesimi devam etti. A\u00e7\u0131l\u0131\u015f konu\u015fmas\u0131 yapan Ba\u011flar Belediye Ba\u015fkan\u0131 H\u00fcseyin Beyo\u011flu, ekonomik s\u0131k\u0131nt\u0131 ya\u015fayan ailelerin \u00e7ocuklar\u0131 i\u00e7in t\u00fcm imkanlar\u0131 seferber ettiklerini belirterek, bu kurslardan yeti\u015fen \u00f6\u011frencilerin yar\u0131nlar\u0131n T\u00fcrkiye\u2019sinde s\u00f6z sahibi olaca\u011f\u0131n\u0131 s\u00f6yledi. Ba\u015fkan Beyo\u011flu, &#8220;E\u011fitime yap\u0131lan t\u00fcm hizmetler birlik ve beraberli\u011fimizin mihenk ta\u015f\u0131d\u0131r. Cumhurba\u015fkan\u0131m\u0131z\u0131n da \u00e7e\u015fitli vesilelerle dile getirdi\u011fi gibi g\u00f6n\u00fcllere dokunmak \u015fiar\u0131yla siz de\u011ferli \u00f6\u011frencilerimizin ya\u015famlar\u0131na bir nebze de olsun dokunacak \u00e7al\u0131\u015fmalar yapmak amac\u0131yla bir arada bulunmaktay\u0131z. Ba\u011flar Belediye ba\u015fkan\u0131 olarak sosyal ve g\u00f6n\u00fcl belediyecili\u011fe \u00f6nem verdi\u011fimiz gibi olmasa olmaz kriterlerimizden biri de e\u011fitime verdi\u011fimiz \u00f6nemdir. Bu ama\u00e7la okumak istemesine ra\u011fmen ekonomik s\u0131k\u0131nt\u0131lardan dolay\u0131 okuyamayan \u00f6\u011frencilerimize katk\u0131da bulunmak amac\u0131yla \u00fccretsiz olarak TYT-AYT kurslar\u0131n\u0131 a\u00e7t\u0131k\u201d dedi.<\/p>\n<p>Kurs e\u011fitimlerine kat\u0131lan \u00f6\u011frencilerden 19 ya\u015f\u0131ndaki Hasret Aslan, k\u00fct\u00fcphaneyi be\u011fendi\u011fini s\u0131navlara daha iyi haz\u0131rlanaca\u011f\u0131n\u0131 aktard\u0131.<\/p>\n<p>Bir di\u011fer kursiyer P\u0131nar Din\u00e7 ise kursun kendilerine \u00f6nemli bir kaynak olaca\u011f\u0131n\u0131 dile getirdi.<\/p>\n<p>A\u00e7\u0131l\u0131\u015ftan sonra s\u0131n\u0131flar\u0131 ziyaret eden Ba\u015fkan Beyo\u011flu, \u00f6\u011frencilerle sohbet etti.<\/p>\n","protected":false},"excerpt":{"rendered":"<p>D\u0130YARBAKIR\u2019IN BA\u011eLAR \u0130L\u00c7E BELED\u0130YES\u0130 TARAFINDAN \u00dcN\u0130VERS\u0130TE ADAYLARINA Y\u00d6NEL\u0130K \u00dcCRETS\u0130Z E\u011e\u0130T\u0130M KURSU A\u00c7ILDI.<\/p>\n","protected":false},"author":1,"featured_media":219284,"comment_status":"closed","ping_status":"open","sticky":false,"template":"","format":"standard","meta":{"jetpack_post_was_ever_published":false,"_jetpack_newsletter_access":"","_jetpack_dont_email_post_to_subs":false,"_jetpack_newsletter_tier_id":0,"_jetpack_memberships_contains_paywalled_content":false,"_jetpack_memberships_contains_paid_content":false,"footnotes":"","jetpack_publicize_message":"","jetpack_publicize_feature_enabled":true,"jetpack_social_post_already_shared":true,"jetpack_social_options":{"image_generator_settings":{"template":"highway","default_image_id":0,"font":"","enabled":false},"version":2}},"categories":[1],"tags":[435,398,1994,324,1281],"class_list":["post-219283","post","type-post","status-publish","format-standard","has-post-thumbnail","hentry","category-genel","tag-adaylarina","tag-egitim","tag-kursu","tag-ucretsiz","tag-universite"],"jetpack_publicize_connections":[],"jetpack_featured_media_url":"https:\/\/i0.wp.com\/www.tvturk.com\/wp-content\/uploads\/2019\/10\/universite-adaylarina-ucretsiz-egitim-kursu_8bc5af6.jpg?fit=1000%2C666","jetpack_sharing_enabled":true,"jetpack_shortlink":"https:\/\/wp.me\/paKIfm-V2P","_links":{"self":[{"href":"http:\/\/www.tvturk.com\/index.php\/wp-json\/wp\/v2\/posts\/219283","targetHints":{"allow":["GET"]}}],"collection":[{"href":"http:\/\/www.tvturk.com\/index.php\/wp-json\/wp\/v2\/posts"}],"about":[{"href":"http:\/\/www.tvturk.com\/index.php\/wp-json\/wp\/v2\/types\/post"}],"author":[{"embeddable":true,"href":"http:\/\/www.tvturk.com\/index.php\/wp-json\/wp\/v2\/users\/1"}],"replies":[{"embeddable":true,"href":"http:\/\/www.tvturk.com\/index.php\/wp-json\/wp\/v2\/comments?post=219283"}],"version-history":[{"count":0,"href":"http:\/\/www.tvturk.com\/index.php\/wp-json\/wp\/v2\/posts\/219283\/revisions"}],"wp:featuredmedia":[{"embeddable":true,"href":"http:\/\/www.tvturk.com\/index.php\/wp-json\/wp\/v2\/media\/219284"}],"wp:attachment":[{"href":"http:\/\/www.tvturk.com\/index.php\/wp-json\/wp\/v2\/media?parent=219283"}],"wp:term":[{"taxonomy":"category","embeddable":true,"href":"http:\/\/www.tvturk.com\/index.php\/wp-json\/wp\/v2\/categories?post=219283"},{"taxonomy":"post_tag","embeddable":true,"href":"http:\/\/www.tvturk.com\/index.php\/wp-json\/wp\/v2\/tags?post=219283"}],"curies":[{"name":"wp","href":"https:\/\/api.w.org\/{rel}","templated":true}]}}