{"id":219359,"date":"2019-10-24T14:46:46","date_gmt":"2019-10-24T11:46:46","guid":{"rendered":"http:\/\/www.tvturk.com\/index.php\/prof-dr-ali-gur-turkiyenin-birkac-tane-daha-nukleer-enerji-santraline-ihtiyaci-var\/"},"modified":"2019-10-24T14:46:46","modified_gmt":"2019-10-24T11:46:46","slug":"prof-dr-ali-gur-turkiyenin-birkac-tane-daha-nukleer-enerji-santraline-ihtiyaci-var","status":"publish","type":"post","link":"http:\/\/www.tvturk.com\/index.php\/prof-dr-ali-gur-turkiyenin-birkac-tane-daha-nukleer-enerji-santraline-ihtiyaci-var\/","title":{"rendered":"Prof. Dr. Ali G\u00fcr: \u201cT\u00fcrkiye\u2019nin birka\u00e7 tane daha n\u00fckleer enerji santraline ihtiyac\u0131 var&#8221;"},"content":{"rendered":"<p>Gaziantep \u00dcniversitesinde bu y\u0131l 4\u2019\u00fcnc\u00fcs\u00fc d\u00fczenlenen Uluslararas\u0131 K\u00fcresel Enerji ve M\u00fchendislik Kongresi ba\u015flad\u0131. Kongrenin a\u00e7\u0131l\u0131\u015f\u0131nda konu\u015fan GA\u00dcN Rekt\u00f6r\u00fc Prof. Dr. Ali G\u00fcr, &#8220;Bir an \u00f6nce en m\u00fckemmel \u015fekilde korunakl\u0131 olarak birka\u00e7 tane daha n\u00fckleer enerji santrali kurmam\u0131z gerekiyor\u201d dedi.<\/p>\n<p>Gaziantep \u00dcniversitesi Enerji Sistemleri M\u00fchendisli\u011fi ve Enerji Y\u00f6netim Merkezi taraf\u0131ndan d\u00fczenlenen 4\u2019\u00fcnc\u00fc Uluslararas\u0131 K\u00fcresel Enerji ve M\u00fchendislik Kongresi\u2019nin a\u00e7\u0131l\u0131\u015f t\u00f6reni, Mavera Kongre ve Sanat Merkezi\u2019nde ger\u00e7ekle\u015ftirildi.<\/p>\n<p>Kongrenin a\u00e7\u0131l\u0131\u015f\u0131nda konu\u015fan B\u00fcy\u00fck\u015fehir Belediye Ba\u015fkan\u0131 Fatma \u015eahin, \u201cArt\u0131k, ekonomik kalk\u0131nman\u0131n anahtar\u0131 enerjidir. Her \u00fclke kendi topraklar\u0131nda karbon analizleri yaparak enerjisini nas\u0131l art\u0131rmaya \u00e7al\u0131\u015ft\u0131\u011f\u0131n\u0131 g\u00f6zlemliyoruz. B\u00fcy\u00fck bir yar\u0131\u015f var, \u00fclkeler yar\u0131\u015f\u0131yor, \u015fehirler yar\u0131\u015f\u0131yor, sekt\u00f6rler yar\u0131\u015f\u0131yor, bu ac\u0131mas\u0131z rekabetin i\u00e7erisinde donan\u0131ml\u0131 ve diren\u00e7li olarak at ba\u015f\u0131 gitmek zorunday\u0131z. \u015eu an bilgi ve teknoloji \u00e7a\u011f\u0131n\u0131n \u00e7ok ac\u0131mas\u0131z rekabetini y\u00f6netiyoruz ve art\u0131k bilgi ekonomisinden s\u00f6z ediyoruz. En g\u00fc\u00e7l\u00fc yan\u0131m\u0131z \u00fcniversitelerimiz, en g\u00fc\u00e7l\u00fc sermayemiz be\u015feri sermayemiz. Maden yasas\u0131n\u0131 1970\u2019li y\u0131llarda \u00e7\u0131karan bir \u00fclkede y\u0131llard\u0131r su akm\u0131\u015f biz bakm\u0131\u015f\u0131z, bereketli hilalin tam ortas\u0131nday\u0131z. Almanya, g\u00fcne\u015f enerjisini g\u00fcne\u015f g\u00fclleriyle \u00fcretiyor. R\u00fczgar enerjisi ve jeotermal bu topraklar\u0131n en b\u00fcy\u00fck g\u00fcc\u00fc ancak bunu enerjiye d\u00f6n\u00fc\u015ft\u00fcrememi\u015fiz. Hukuki d\u00fczenlemelere gittik, \u00f6zel sekt\u00f6r\u00fcn \u00f6n\u00fcndeki engelleri kald\u0131rd\u0131k\u201d dedi.<\/p>\n<p>\u201cSANKO olarak enerjiye b\u00fcy\u00fck yat\u0131r\u0131m yapt\u0131k\u201d<\/p>\n<p>SANKO Holding Onursal Ba\u015fkan\u0131 Abd\u00fclkadir Konuko\u011flu, enerjiye b\u00fcy\u00fck yat\u0131r\u0131mlar yapt\u0131klar\u0131n\u0131 belirterek, \u201cSANKO olarak enerji sekt\u00f6r\u00fcne b\u00fcy\u00fck \u00f6nem veriyoruz, b\u00fcy\u00fck yat\u0131r\u0131mlar yapt\u0131k. Bu yat\u0131r\u0131mlar\u0131 yaparken de do\u011faya m\u00fcmk\u00fcn oldu\u011fu kadar zarar vermemeye \u00f6zen g\u00f6sterdik. Yapt\u0131\u011f\u0131m\u0131z santrali bile, b\u00fcy\u00fck da\u011f\u0131n i\u00e7erisini oyduk \u00e7\u00fcnk\u00fc do\u011fay\u0131 bozmak istemedik. Bize normal projenin en az 20 milyon dolar fazla maliyeti oldu. R\u00fczgar var, nehir santrallerimiz var, jeotermal santrallerimiz var. Enerji her \u015feydir, enerji olmadan hi\u00e7bir \u015fey olmaz, o bak\u0131mdan T\u00fcrkiye\u2019de in\u015fallah petrolde bulunacak. Bizim de petrol konusunda ara\u015ft\u0131rmalar\u0131m\u0131z var. Son 10 y\u0131l i\u00e7erisinde enerjiye yap\u0131lan yat\u0131r\u0131mlar \u00e7ok b\u00fcy\u00fck. Bizim yat\u0131r\u0131m\u0131m\u0131z 1.5 milyar\u0131 ge\u00e7ti. \u015eu an yeni yat\u0131r\u0131m\u0131m\u0131z 250 milyon dolar civar\u0131ndad\u0131r. \u015eu an bin 500 \u00f6\u011frenciye burs veriyoruz\u201d \u015feklinde konu\u015ftu.<\/p>\n<p>\u201cT\u00fcrkiye\u2019nin birka\u00e7 tane daha n\u011fkleer enerji santraline ihtiyac\u0131 var\u201d<\/p>\n<p>GA\u00dcN Rekt\u00f6r\u00fc Prof. Dr. Ali G\u00fcr ise d\u00fcnya enerji sava\u015flar\u0131n\u0131n Orta Do\u011fu\u2019da ya\u015fand\u0131\u011f\u0131n\u0131 hat\u0131rlatarak, \u00f6nemli olan\u0131n yenilenebilir enerji kaynaklar\u0131na ula\u015fmak oldu\u011funa dikkati \u00e7ekti. Prof. Dr. G\u00fcr, \u201cD\u00fcnya enerji sava\u015flar\u0131n\u0131n g\u00f6be\u011finde, bunun ana merkez noktas\u0131 Orta Do\u011fu. Enerji sadece petrol de\u011fildir. Kaya gaz\u0131 var veya di\u011fer insan kaynaklar\u0131 var. \u00d6nemli olan, var olan do\u011fadaki kirlenmeleri ve zararlar\u0131 olu\u015fturmadan do\u011fal s\u00fcre\u00e7 i\u00e7erisinde enerji \u00fcretebilmektir. Bu konuda T\u00fcrkiye \u00e7ok zengindir. R\u00fczgar enerjisi derseniz var, g\u00fcne\u015f enerjisi tarlalar\u0131m\u0131z \u00e7ok yayg\u0131n ama yeterince belli kapasiteye ula\u015famad\u0131k. HES derseniz var ancak b\u00fct\u00fcn bunlar\u0131 yaparken T\u00fcrkiye sanayisini \u00e7ok h\u0131zl\u0131 bir \u015fekilde geli\u015ftirirken en b\u00fcy\u00fck a\u00e7\u0131\u011f\u0131 maalesef enerjisidir. Bunda da d\u0131\u015far\u0131ya ba\u011f\u0131ml\u0131y\u0131z. Bunun i\u00e7in yeni enerji kaynaklar\u0131na ihtiyac\u0131m\u0131z var. HES, g\u00fcne\u015f enerjisi, r\u00fczgar, b\u00fct\u00fcn bunlar var ancak bunlar\u0131n kapasitesi yetmiyor. O zaman N\u00fckleer enerji santralleri gerekiyor. Bunu deyince hemen \u00e7evreciler ortaya at\u0131l\u0131yor. Bak\u0131n bir\u00e7ok \u00fclke n\u00fckleer enerji santralleri kuruyor. Bunlar\u0131n amac\u0131, T\u00fcrkiye\u2019nin kendi enerjisini \u00fcretmemesidir. O y\u00fczden bir an \u00f6nce en m\u00fckemmel \u015fekilde korunakl\u0131 olarak birka\u00e7 tane daha n\u00fckleer enerji santrali kurmam\u0131z gerekiyor\u201d diye konu\u015ftu.<\/p>\n<p>Kongre Kurulu Ba\u015fkan\u0131 Do\u00e7. Dr. Adem Atmaca, Uluslararas\u0131 K\u00fcresel Enerji ve M\u00fchendislik Kongresi\u2019nin Gaziantep \u00dcniversitesinin g\u00f6r\u00fcn\u00fcrl\u00fcl\u00fc\u011f\u00fcn\u00fc art\u0131rd\u0131\u011f\u0131n\u0131 belirterek, 2 g\u00fcn s\u00fcrecek kongre boyunca 7 salonda 18 oturumun ger\u00e7ekle\u015fece\u011fini, bu oturumlara 278 akademisyenin kat\u0131laca\u011f\u0131n\u0131 s\u00f6yledi.<\/p>\n","protected":false},"excerpt":{"rendered":"<p>B\u00dcY\u00dcK\u015eEH\u0130R BELED\u0130YE BA\u015eKANI FATMA \u015eAH\u0130N<\/p>\n","protected":false},"author":1,"featured_media":219360,"comment_status":"closed","ping_status":"open","sticky":false,"template":"","format":"standard","meta":{"jetpack_post_was_ever_published":false,"_jetpack_newsletter_access":"","_jetpack_dont_email_post_to_subs":false,"_jetpack_newsletter_tier_id":0,"_jetpack_memberships_contains_paywalled_content":false,"_jetpack_memberships_contains_paid_content":false,"footnotes":"","jetpack_publicize_message":"","jetpack_publicize_feature_enabled":true,"jetpack_social_post_already_shared":true,"jetpack_social_options":{"image_generator_settings":{"template":"highway","default_image_id":0,"font":"","enabled":false},"version":2}},"categories":[19],"tags":[19891,625,1018,279,1387,20086,180,12874,2750,23357,19815,177,181],"class_list":["post-219359","post","type-post","status-publish","format-standard","has-post-thumbnail","hentry","category-ekonomi","tag-birkac","tag-ali","tag-daha","tag-dr","tag-enerji","tag-gur","tag-ihtiyaci","tag-nukleer","tag-prof","tag-santraline","tag-tane","tag-turkiyenin","tag-var"],"jetpack_publicize_connections":[],"jetpack_featured_media_url":"https:\/\/i0.wp.com\/www.tvturk.com\/wp-content\/uploads\/2019\/10\/prof-dr-ali-gur-turkiyenin-birkac-tane-daha-nukleer-enerji-santraline-ihtiyaci-var_9a3cb92.jpg?fit=1000%2C666","jetpack_sharing_enabled":true,"jetpack_shortlink":"https:\/\/wp.me\/paKIfm-V43","_links":{"self":[{"href":"http:\/\/www.tvturk.com\/index.php\/wp-json\/wp\/v2\/posts\/219359","targetHints":{"allow":["GET"]}}],"collection":[{"href":"http:\/\/www.tvturk.com\/index.php\/wp-json\/wp\/v2\/posts"}],"about":[{"href":"http:\/\/www.tvturk.com\/index.php\/wp-json\/wp\/v2\/types\/post"}],"author":[{"embeddable":true,"href":"http:\/\/www.tvturk.com\/index.php\/wp-json\/wp\/v2\/users\/1"}],"replies":[{"embeddable":true,"href":"http:\/\/www.tvturk.com\/index.php\/wp-json\/wp\/v2\/comments?post=219359"}],"version-history":[{"count":0,"href":"http:\/\/www.tvturk.com\/index.php\/wp-json\/wp\/v2\/posts\/219359\/revisions"}],"wp:featuredmedia":[{"embeddable":true,"href":"http:\/\/www.tvturk.com\/index.php\/wp-json\/wp\/v2\/media\/219360"}],"wp:attachment":[{"href":"http:\/\/www.tvturk.com\/index.php\/wp-json\/wp\/v2\/media?parent=219359"}],"wp:term":[{"taxonomy":"category","embeddable":true,"href":"http:\/\/www.tvturk.com\/index.php\/wp-json\/wp\/v2\/categories?post=219359"},{"taxonomy":"post_tag","embeddable":true,"href":"http:\/\/www.tvturk.com\/index.php\/wp-json\/wp\/v2\/tags?post=219359"}],"curies":[{"name":"wp","href":"https:\/\/api.w.org\/{rel}","templated":true}]}}