{"id":219369,"date":"2019-10-24T14:47:08","date_gmt":"2019-10-24T11:47:08","guid":{"rendered":"http:\/\/www.tvturk.com\/index.php\/bursa-trafiginde-dugum-cozuluyor\/"},"modified":"2019-10-24T14:47:08","modified_gmt":"2019-10-24T11:47:08","slug":"bursa-trafiginde-dugum-cozuluyor","status":"publish","type":"post","link":"http:\/\/www.tvturk.com\/index.php\/bursa-trafiginde-dugum-cozuluyor\/","title":{"rendered":"Bursa trafi\u011finde d\u00fc\u011f\u00fcm \u00e7\u00f6z\u00fcl\u00fcyor"},"content":{"rendered":"<p>Bursa B\u00fcy\u00fck\u015fehir Belediyesi, g\u00fcnl\u00fck ara\u00e7 trafi\u011finin \u0130stanbul\u2019daki 15 Temmuz \u015eehitler K\u00f6pr\u00fcs\u00fc\u2019nden bile fazla oldu\u011fu Acemler Kav\u015fa\u011f\u0131\u2019na nefes ald\u0131racak ba\u011flant\u0131 yollar\u0131 \u00e7al\u0131\u015fmas\u0131n\u0131n birinci etab\u0131n\u0131 tamamlama a\u015famas\u0131na getirdi.<\/p>\n<p>B\u00fcy\u00fck\u015fehir Belediye Ba\u015fkan\u0131 Alinur Akta\u015f, ilk etab\u0131n en ge\u00e7 ocak ay\u0131 ba\u015flar\u0131nda, ikinci etab\u0131n ise nisan ay\u0131 gibi hizmete girece\u011fi belirterek, Acemler\u2019den \u0130zmir ve Mudanya istikametine olan trafik ak\u0131\u015f\u0131n\u0131n kesintisiz yap\u0131ya kavu\u015faca\u011f\u0131n\u0131 s\u00f6yledi. Ba\u015fkan Akta\u015f, B\u00fcy\u00fck\u015fehir Belediyesi\u2019nin Acemler\u2019deki trafik k\u00f6rd\u00fc\u011f\u00fcm\u00fcn\u00fc \u00e7\u00f6zmek i\u00e7in stadyum \u00e7evresinde projelendirdi\u011fi viyad\u00fckler ile ba\u011flant\u0131 yollar\u0131nda incelemelerde bulundu.<\/p>\n<p>\u0130stanbul 15 Temmuz \u015eehitler K\u00f6pr\u00fcs\u00fc\u2019nde g\u00fcnl\u00fck ortalama ara\u00e7 trafi\u011fi 180 bin civar\u0131ndaki iken, bu say\u0131n\u0131n 210 binleri buldu\u011fu Acemler, Bursa trafi\u011finin de kilit noktas\u0131n\u0131 olu\u015fturuyor. B\u00fcy\u00fck\u015fehir Belediye Ba\u015fkan\u0131 Alinur Akta\u015f, Acemler\u2019in ara\u00e7 trafi\u011fi a\u00e7\u0131s\u0131ndan en yo\u011fun b\u00f6lge oldu\u011funu s\u00f6yledi. \u00c7al\u0131\u015fmalar tamamland\u0131\u011f\u0131nda, gerek Acemler gerekse Bursa trafi\u011finin \u00f6nemli \u00f6l\u00e7\u00fcde rahatlayaca\u011f\u0131n\u0131 belirten Ba\u015fkan Akta\u015f, \u201cMudanya Yolu-Stadyum ba\u011flant\u0131 yollar\u0131 \u00e7al\u0131\u015fmas\u0131nda yer teslimini bu y\u0131l\u0131n Ocak ay\u0131 i\u00e7erisinde yapm\u0131\u015ft\u0131k. Mudanya-\u0130zmir istikametlerinden gelen ve Ali Osman S\u00f6nmez Devlet Hastanesi\u2019ne aktar\u0131m\u0131 sa\u011flayacak k\u00f6pr\u00fc-5 imalatlar\u0131na ise \u015eubat ay\u0131nda ba\u015flam\u0131\u015ft\u0131k. Kaz\u0131k imalatlar\u0131 ile 2 adet kemer uygulamas\u0131 tamamland\u0131. K\u00f6pr\u00fc imalat\u0131nda kiri\u015fler yerine konuluyor. Mudanya istikametinden \u0130zmir istikametine d\u00f6n\u00fc\u015f yolunda lup imalatlar\u0131 tamamland\u0131. Asfaltlama \u00e7al\u0131\u015fmas\u0131n\u0131n ard\u0131ndan yolun trafi\u011fe a\u00e7\u0131lmas\u0131n\u0131 planl\u0131yoruz\u201d diye konu\u015ftu.<\/p>\n<p>Problem olmaktan \u00e7\u0131kacak<\/p>\n<p>\u0130n\u015faat safhas\u0131 devam eden projenin \u00f6nce Acemler sonra da Bursa trafi\u011fini rahatlatmaya y\u00f6nelik oldu\u011funu kaydeden Ba\u015fkan Akta\u015f, ilk etap \u00e7al\u0131\u015fmalar\u0131n\u0131n y\u00fczde 80 oran\u0131nda tamamland\u0131\u011f\u0131n\u0131, yolun muhtemelen ocak ay\u0131nda hizmete al\u0131naca\u011f\u0131n\u0131 ifade etti. \u0130kinci etap \u00e7al\u0131\u015fmalar\u0131n\u0131 ise 2020 Nisan ay\u0131 itibariyle tamamlamay\u0131 d\u00fc\u015f\u00fcnd\u00fcklerini s\u00f6yleyen Ba\u015fkan Akta\u015f, \u201cBu b\u00f6lgedeki sabah ve ak\u015fam trafi\u011fi, \u015fehir hayat\u0131n\u0131 ciddi ve olumsuz \u015fekilde etkiliyor. \u00c7al\u0131\u015fmalar bitti\u011finde, inan\u0131yorum ki buras\u0131 art\u0131k problem olmaktan \u00e7\u0131kacak. \u0130nsan\u0131m\u0131z\u0131n rahat ara\u00e7 kullanaca\u011f\u0131 bir yol olacak. \u015eimdiden hay\u0131rl\u0131 u\u011furlu olsun\u201d \u015feklinde konu\u015ftu.<\/p>\n","protected":false},"excerpt":{"rendered":"<p>BURSA B\u00dcY\u00dcK\u015eEH\u0130R BELED\u0130YES\u0130, G\u00dcNL\u00dcK ARA\u00c7 TRAF\u0130\u011e\u0130N\u0130N \u0130STANBUL\u2019DAK\u0130 15 TEMMUZ \u015eEH\u0130TLER K\u00d6PR\u00dcS\u00dc\u2019NDEN B\u0130LE FAZLA OLDU\u011eU ACEMLER KAV\u015eA\u011eI\u2019NA NEFES ALDIRACAK BA\u011eLANTI YOLLARI \u00c7ALI\u015eMASININ B\u0130R\u0130NC\u0130 ETABINI TAMAMLANMA A\u015eAMASINA GET\u0130RD\u0130.<\/p>\n","protected":false},"author":1,"featured_media":219370,"comment_status":"closed","ping_status":"open","sticky":false,"template":"","format":"standard","meta":{"jetpack_post_was_ever_published":false,"_jetpack_newsletter_access":"","_jetpack_dont_email_post_to_subs":false,"_jetpack_newsletter_tier_id":0,"_jetpack_memberships_contains_paywalled_content":false,"_jetpack_memberships_contains_paid_content":false,"footnotes":"","jetpack_publicize_message":"","jetpack_publicize_feature_enabled":true,"jetpack_social_post_already_shared":true,"jetpack_social_options":{"image_generator_settings":{"template":"highway","default_image_id":0,"font":"","enabled":false},"version":2}},"categories":[1],"tags":[4479,2067,45414,37906],"class_list":["post-219369","post","type-post","status-publish","format-standard","has-post-thumbnail","hentry","category-genel","tag-bursa","tag-cozuluyor","tag-dugum","tag-trafiginde"],"jetpack_publicize_connections":[],"jetpack_featured_media_url":"https:\/\/i0.wp.com\/www.tvturk.com\/wp-content\/uploads\/2019\/10\/bursa-trafiginde-dugum-cozuluyor_9a3cb92.jpg?fit=1000%2C666","jetpack_sharing_enabled":true,"jetpack_shortlink":"https:\/\/wp.me\/paKIfm-V4d","_links":{"self":[{"href":"http:\/\/www.tvturk.com\/index.php\/wp-json\/wp\/v2\/posts\/219369","targetHints":{"allow":["GET"]}}],"collection":[{"href":"http:\/\/www.tvturk.com\/index.php\/wp-json\/wp\/v2\/posts"}],"about":[{"href":"http:\/\/www.tvturk.com\/index.php\/wp-json\/wp\/v2\/types\/post"}],"author":[{"embeddable":true,"href":"http:\/\/www.tvturk.com\/index.php\/wp-json\/wp\/v2\/users\/1"}],"replies":[{"embeddable":true,"href":"http:\/\/www.tvturk.com\/index.php\/wp-json\/wp\/v2\/comments?post=219369"}],"version-history":[{"count":0,"href":"http:\/\/www.tvturk.com\/index.php\/wp-json\/wp\/v2\/posts\/219369\/revisions"}],"wp:featuredmedia":[{"embeddable":true,"href":"http:\/\/www.tvturk.com\/index.php\/wp-json\/wp\/v2\/media\/219370"}],"wp:attachment":[{"href":"http:\/\/www.tvturk.com\/index.php\/wp-json\/wp\/v2\/media?parent=219369"}],"wp:term":[{"taxonomy":"category","embeddable":true,"href":"http:\/\/www.tvturk.com\/index.php\/wp-json\/wp\/v2\/categories?post=219369"},{"taxonomy":"post_tag","embeddable":true,"href":"http:\/\/www.tvturk.com\/index.php\/wp-json\/wp\/v2\/tags?post=219369"}],"curies":[{"name":"wp","href":"https:\/\/api.w.org\/{rel}","templated":true}]}}