{"id":219377,"date":"2019-10-24T15:02:12","date_gmt":"2019-10-24T12:02:12","guid":{"rendered":"http:\/\/www.tvturk.com\/index.php\/tbmm-baskani-sentop-parlamento-baskanlari-konferansi-aile-fotografinda\/"},"modified":"2019-10-24T15:02:12","modified_gmt":"2019-10-24T12:02:12","slug":"tbmm-baskani-sentop-parlamento-baskanlari-konferansi-aile-fotografinda","status":"publish","type":"post","link":"http:\/\/www.tvturk.com\/index.php\/tbmm-baskani-sentop-parlamento-baskanlari-konferansi-aile-fotografinda\/","title":{"rendered":"TBMM Ba\u015fkan\u0131 \u015eentop, Parlamento Ba\u015fkanlar\u0131 Konferans\u0131 aile foto\u011fraf\u0131nda"},"content":{"rendered":"<p>TBMM Ba\u015fkan\u0131 Mustafa \u015eentop, Fransa\u2019n\u0131n Strazburg kentinde d\u00fczenlenen Avrupa Parlamento Ba\u015fkanlar\u0131 Konferans\u0131\u2019na kat\u0131lan \u00fclkelerin parlamento ba\u015fkanlar\u0131 ile aile foto\u011fraf\u0131 \u00e7ektirdi.<\/p>\n<p>Fransa\u2019n\u0131n Strazburg kentinde d\u00fczenlenen Avrupa Parlamento Ba\u015fkanlar\u0131 Konferans\u0131\u2019na kat\u0131lan \u00fclkelerin parlamento ba\u015fkanlar\u0131 aile foto\u011fraf\u0131 \u00e7ekildi. Toplant\u0131da T\u00fcrkiye\u2019yi temsil eden TBMM Ba\u015fkan\u0131 Mustafa \u015eentop da foto\u011frafta yer ald\u0131.<\/p>\n","protected":false},"excerpt":{"rendered":"<p>TBMM BA\u015eKANI MUSTAFA \u015eENTOP, FRANSA\u2019NIN STRAZBURG KENT\u0130NDE D\u00dcZENLENEN AVRUPA PARLAMENTO BA\u015eKANLARI KONFERANSI\u2019NA KATILAN \u00dcLKELER\u0130N PARLAMENTO BA\u015eKANLARI \u0130LE A\u0130LE FOTO\u011eRAFI \u00c7EKT\u0130RD\u0130.<\/p>\n","protected":false},"author":1,"featured_media":219378,"comment_status":"closed","ping_status":"open","sticky":false,"template":"","format":"standard","meta":{"jetpack_post_was_ever_published":false,"_jetpack_newsletter_access":"","_jetpack_dont_email_post_to_subs":false,"_jetpack_newsletter_tier_id":0,"_jetpack_memberships_contains_paywalled_content":false,"_jetpack_memberships_contains_paid_content":false,"footnotes":"","jetpack_publicize_message":"","jetpack_publicize_feature_enabled":true,"jetpack_social_post_already_shared":true,"jetpack_social_options":{"image_generator_settings":{"template":"highway","default_image_id":0,"font":"","enabled":false},"version":2}},"categories":[10],"tags":[3014,216,4789,42597,351,23110,18442,3424],"class_list":["post-219377","post","type-post","status-publish","format-standard","has-post-thumbnail","hentry","category-dunya","tag-aile","tag-baskani","tag-baskanlari","tag-fotografinda","tag-konferansi","tag-parlamento","tag-sentop","tag-tbmm"],"jetpack_publicize_connections":[],"jetpack_featured_media_url":"https:\/\/i0.wp.com\/www.tvturk.com\/wp-content\/uploads\/2019\/10\/tbmm-baskani-sentop-parlamento-baskanlari-konferansi-aile-fotografinda_c35e506.jpg?fit=1000%2C609","jetpack_sharing_enabled":true,"jetpack_shortlink":"https:\/\/wp.me\/paKIfm-V4l","_links":{"self":[{"href":"http:\/\/www.tvturk.com\/index.php\/wp-json\/wp\/v2\/posts\/219377","targetHints":{"allow":["GET"]}}],"collection":[{"href":"http:\/\/www.tvturk.com\/index.php\/wp-json\/wp\/v2\/posts"}],"about":[{"href":"http:\/\/www.tvturk.com\/index.php\/wp-json\/wp\/v2\/types\/post"}],"author":[{"embeddable":true,"href":"http:\/\/www.tvturk.com\/index.php\/wp-json\/wp\/v2\/users\/1"}],"replies":[{"embeddable":true,"href":"http:\/\/www.tvturk.com\/index.php\/wp-json\/wp\/v2\/comments?post=219377"}],"version-history":[{"count":0,"href":"http:\/\/www.tvturk.com\/index.php\/wp-json\/wp\/v2\/posts\/219377\/revisions"}],"wp:featuredmedia":[{"embeddable":true,"href":"http:\/\/www.tvturk.com\/index.php\/wp-json\/wp\/v2\/media\/219378"}],"wp:attachment":[{"href":"http:\/\/www.tvturk.com\/index.php\/wp-json\/wp\/v2\/media?parent=219377"}],"wp:term":[{"taxonomy":"category","embeddable":true,"href":"http:\/\/www.tvturk.com\/index.php\/wp-json\/wp\/v2\/categories?post=219377"},{"taxonomy":"post_tag","embeddable":true,"href":"http:\/\/www.tvturk.com\/index.php\/wp-json\/wp\/v2\/tags?post=219377"}],"curies":[{"name":"wp","href":"https:\/\/api.w.org\/{rel}","templated":true}]}}