{"id":219511,"date":"2019-10-24T19:02:22","date_gmt":"2019-10-24T16:02:22","guid":{"rendered":"http:\/\/www.tvturk.com\/index.php\/alanyada-dunya-ekonomisi-konusuldu\/"},"modified":"2019-10-24T19:02:22","modified_gmt":"2019-10-24T16:02:22","slug":"alanyada-dunya-ekonomisi-konusuldu","status":"publish","type":"post","link":"http:\/\/www.tvturk.com\/index.php\/alanyada-dunya-ekonomisi-konusuldu\/","title":{"rendered":"Alanya\u2019da d\u00fcnya ekonomisi konu\u015fuldu"},"content":{"rendered":"<p>Antalya\u2019n\u0131n Alanya il\u00e7esinde bu y\u0131l 3\u2019\u00fcnc\u00fcs\u00fc d\u00fczenlenen Uluslararas\u0131 Ekonomik Ara\u015ft\u0131rmalar Konferans\u0131 \u00fcnl\u00fc ekonomistlerin kat\u0131l\u0131m\u0131yla ba\u015flad\u0131.<\/p>\n<p>Alanya Alaaddin Keykubat \u00dcniversitesi (ALK\u00dc) ev sahipli\u011finde d\u00fczenlenen bu y\u0131l 3\u2019\u00fcnc\u00fcs\u00fc d\u00fczenlenen Uluslararas\u0131 Ekonomik Ara\u015ft\u0131rmalar Konferans\u0131 (ECONALANYA 2019) bir otelde d\u00fcnyaca \u00fcnl\u00fc akademisyenlerin kat\u0131l\u0131m\u0131yla ba\u015flad\u0131. D\u00fcnya Ticaret \u00d6rg\u00fct\u00fc\u2019nden Dr. Marc Bacchetta, Oxford \u00dcniversitesi \u00f6\u011fretim \u00fcyeleri Prof. Dr. Richard A. Werner ve Prof. Dr. Peter Neary\u2019in k\u00fcresel ekonomi ve d\u00fcnyan\u0131n i\u00e7erisinde bulundu\u011fu ekonomik durumlar hakk\u0131nda sunumlar yaparak bilgiler verdi.<\/p>\n<p>\u201cBu y\u0131l da 3\u2019\u00fcnc\u00fc kez d\u00fczenliyoruz\u201d<\/p>\n<p>Konferans hakk\u0131nda bilgi veren Prof. Dr. Harun U\u00e7ak, konferansta ekonomi alan\u0131nda d\u00fcnyaca kabul g\u00f6rm\u00fc\u015f akademisyenleri a\u011f\u0131rlamaktan mutlu olduklar\u0131n\u0131 aktard\u0131. U\u00e7ak, \u201cUluslararas\u0131 Ekonomik Ara\u015ft\u0131rmalar Konferans\u0131 Ekonomi ad\u0131 alt\u0131nda, her y\u0131l Ekim ay\u0131n\u0131n son haftas\u0131nda d\u00fczenledi\u011fimiz ekonomi alan\u0131ndaki akademisyenleri, ara\u015ft\u0131rmac\u0131lar\u0131, uzmanlar\u0131 bir araya getiren bir ekonomi formu olarak 2017 y\u0131l\u0131nda ba\u015flad\u0131. Bu y\u0131l da 3\u2019\u00fcnc\u00fc kez d\u00fczenliyoruz ve her ge\u00e7en y\u0131l daha fazla ilgi ile kar\u015f\u0131la\u015f\u0131yoruz. Oxford \u00dcniversitesi\u2019nden Profes\u00f6r Richard Werner, makroekonomi politikalar\u0131nda son d\u00f6nemdeki de\u011fi\u015fmeler hakk\u0131nda bize bilgiler verdi. \u00d6zellikle Merkez Bankas\u0131\u2019n\u0131n uygulad\u0131\u011f\u0131 politikalar\u0131n etkinleri hakk\u0131nda bilgi verdi. Tabii ki \u00fclkelerin yap\u0131lar\u0131na g\u00f6re kullan\u0131lan ara\u00e7lar, sonu\u00e7lar birbirinden farkl\u0131l\u0131k g\u00f6sterebilir, do\u011fald\u0131r. Geli\u015fmi\u015f \u00fclke ile geli\u015fmekte olan \u00fclkelerdeki uygulanan para politikas\u0131 ara\u00e7lar\u0131 etkinli\u011fi birbirinden farkl\u0131l\u0131k g\u00f6sterebilir. Bu konuda bize son d\u00f6nemdeki Makroekonomi alan\u0131ndaki paradigma de\u011fi\u015fikli\u011fi hakk\u0131nda bilgileri aktard\u0131\u201d dedi.<\/p>\n<p>\u201cD\u00fcnya Ticaret \u00d6rg\u00fct\u00fc\u2019n\u00fcn 164 \u00fcyesi var\u201d<\/p>\n<p>U\u00e7ak, D\u00fcnya Ticaret \u00d6rg\u00fct\u00fc uzmanlar\u0131ndan Mark Bacchetta\u2019n\u0131n D\u00fcnya Ticaret \u00d6rg\u00fct\u00fc\u2019n\u00fcn yap\u0131s\u0131 hakk\u0131nda bilgiler verdi\u011fini ifade etti. U\u00e7ak,\u201d Mark Bacchetta son d\u00f6nemdeki geli\u015fmelerle ilgili bilgiler verdi. Tabii D\u00fcnya Ticaret \u00d6rg\u00fct\u00fc\u2019n\u00fcn 164 \u00fcyesi var. Bu 164 \u00fcyenin ortak karar vermesindeki s\u0131k\u0131nt\u0131lardan bahsetti \u00e7\u00fcnk\u00fc D\u00fcnya Ticaret \u00d6rg\u00fct\u00fc\u2019ndeki al\u0131nacak politika kararlar\u0131nda oy birli\u011finin \u00f6nem arz etti\u011finden bahsetti. Tabii ki \u00fclkelerin ticari \u00e7\u0131karlar\u0131na ba\u011fl\u0131 olarak ortak bir politika olu\u015fturman\u0131n sorunundan bahsetti\u201d diye konu\u015ftu.<\/p>\n<p>Konu\u015fmac\u0131lardan Brexit\u2019ten de bahseden U\u00e7ak \u015funlar\u0131 s\u00f6yledi:<\/p>\n<p>\u201c\u00dc\u00e7\u00fcnc\u00fc olarak Oxford \u00dcniversitesi\u2019nden d\u00fcnyaca \u00fcnl\u00fc ekonomi profes\u00f6r\u00fc Peter Neary, bize Brexit \u00fczerinde konu\u015fmalar\u0131n\u0131 aktard\u0131. Tabii ki d\u00fcnyada \u00f6zellikle Avrupa\u2019da son d\u00f6nemde Brexit konusu olduk\u00e7a \u00f6nem arz ediyor. Brexit \u00fczerinde yap\u0131lan \u00e7al\u0131\u015fmalar, g\u00f6r\u00fc\u015fler son d\u00f6nemde \u00e7ok fazla tart\u0131\u015f\u0131lan konulardan bir tanesi. Profes\u00f6r Neary, \u00f6zellikle Brexit\u2019in \u0130ngiltere \u00fczerindeki etkilerinden bahsetti. Bunun \u00f6zellikle Gayri Safi Yurti\u00e7i Has\u0131la\u2019ya yani milli gelire etkilerinden bahsetti. 2 tane g\u00f6r\u00fc\u015ften bahsetti. Birisi e\u011fer olumsuz bir etki olursa, yakla\u015f\u0131k y\u00fczde 6 civar\u0131nda ekonomide bir daralma olabilece\u011fini, iyimser bir tahminle y\u00fczde 2 civar\u0131nda bir daralma olabilece\u011finden bahsetti. Brexit\u2019in \u00f6zellikle ekonomi aya\u011f\u0131n\u0131n \u00e7ok s\u0131k\u0131nt\u0131l\u0131 olmayaca\u011f\u0131n\u0131 ama tabii ki siyasi s\u00fcrecin daha etkin oldu\u011fu konusunda bize bilgiler aktard\u0131.\u201d<\/p>\n<p>Konferanslar 24-25 Ekim tarihlerinde iki g\u00fcn boyunca s\u00fcrecek. G\u00fcney Afrika\u2019dan Endonezya\u2019ya kadar, Hindistan\u2019dan Polonya ba\u015fta olmak \u00fczere, Merkez Avrupa \u00fclkeleri olmak \u00fczere d\u00fcnyan\u0131n 20\u2019den fazla farkl\u0131 \u00fclkesinden ekonomi alan\u0131ndaki \u00e7al\u0131\u015fmalar\u0131n\u0131 2 g\u00fcn boyunca aktaracak.<\/p>\n","protected":false},"excerpt":{"rendered":"<p>ANTALYA\u2019NIN ALANYA \u0130L\u00c7ES\u0130NDE BU YIL 3\u2019\u00dcNC\u00dcS\u00dc D\u00dcZENLENEN ULUSLARARASI EKONOM\u0130K ARA\u015eTIRMALAR KONFERANSI \u00dcNL\u00dc EKONOM\u0130STLER\u0130N KATILIMIYLA BA\u015eLADI.<\/p>\n","protected":false},"author":1,"featured_media":219512,"comment_status":"closed","ping_status":"open","sticky":false,"template":"","format":"standard","meta":{"jetpack_post_was_ever_published":false,"_jetpack_newsletter_access":"","_jetpack_dont_email_post_to_subs":false,"_jetpack_newsletter_tier_id":0,"_jetpack_memberships_contains_paywalled_content":false,"_jetpack_memberships_contains_paid_content":false,"footnotes":"","jetpack_publicize_message":"","jetpack_publicize_feature_enabled":true,"jetpack_social_post_already_shared":true,"jetpack_social_options":{"image_generator_settings":{"template":"highway","default_image_id":0,"font":"","enabled":false},"version":2}},"categories":[19],"tags":[349,11400,4606,2609],"class_list":["post-219511","post","type-post","status-publish","format-standard","has-post-thumbnail","hentry","category-ekonomi","tag-dunya","tag-alanyada","tag-ekonomisi","tag-konusuldu"],"jetpack_publicize_connections":[],"jetpack_featured_media_url":"https:\/\/i0.wp.com\/www.tvturk.com\/wp-content\/uploads\/2019\/10\/alanyada-dunya-ekonomisi-konusuldu_050c92a.jpg?fit=1000%2C666","jetpack_sharing_enabled":true,"jetpack_shortlink":"https:\/\/wp.me\/paKIfm-V6v","_links":{"self":[{"href":"http:\/\/www.tvturk.com\/index.php\/wp-json\/wp\/v2\/posts\/219511","targetHints":{"allow":["GET"]}}],"collection":[{"href":"http:\/\/www.tvturk.com\/index.php\/wp-json\/wp\/v2\/posts"}],"about":[{"href":"http:\/\/www.tvturk.com\/index.php\/wp-json\/wp\/v2\/types\/post"}],"author":[{"embeddable":true,"href":"http:\/\/www.tvturk.com\/index.php\/wp-json\/wp\/v2\/users\/1"}],"replies":[{"embeddable":true,"href":"http:\/\/www.tvturk.com\/index.php\/wp-json\/wp\/v2\/comments?post=219511"}],"version-history":[{"count":0,"href":"http:\/\/www.tvturk.com\/index.php\/wp-json\/wp\/v2\/posts\/219511\/revisions"}],"wp:featuredmedia":[{"embeddable":true,"href":"http:\/\/www.tvturk.com\/index.php\/wp-json\/wp\/v2\/media\/219512"}],"wp:attachment":[{"href":"http:\/\/www.tvturk.com\/index.php\/wp-json\/wp\/v2\/media?parent=219511"}],"wp:term":[{"taxonomy":"category","embeddable":true,"href":"http:\/\/www.tvturk.com\/index.php\/wp-json\/wp\/v2\/categories?post=219511"},{"taxonomy":"post_tag","embeddable":true,"href":"http:\/\/www.tvturk.com\/index.php\/wp-json\/wp\/v2\/tags?post=219511"}],"curies":[{"name":"wp","href":"https:\/\/api.w.org\/{rel}","templated":true}]}}