{"id":21954,"date":"2019-02-11T15:16:06","date_gmt":"2019-02-11T12:16:06","guid":{"rendered":"http:\/\/www.tvturk.com\/index.php\/unlu-doktor-mehmet-ozun-babasi-mustafa-oz-son-yolculuguna-ugurlandi\/"},"modified":"2019-02-11T15:16:10","modified_gmt":"2019-02-11T12:16:10","slug":"unlu-doktor-mehmet-ozun-babasi-mustafa-oz-son-yolculuguna-ugurlandi","status":"publish","type":"post","link":"http:\/\/www.tvturk.com\/index.php\/unlu-doktor-mehmet-ozun-babasi-mustafa-oz-son-yolculuguna-ugurlandi\/","title":{"rendered":"\u00dcnl\u00fc doktor Mehmet \u00d6z\u2019\u00fcn babas\u0131 Mustafa \u00d6z son yolculu\u011funa u\u011furland\u0131"},"content":{"rendered":"<p>\u00dcnl\u00fc doktor Mehmet \u00d6z\u2019\u00fcn babas\u0131 Kalp Cerrah\u0131 Mustafa \u00d6z, Fatih Camii\u2019nde k\u0131l\u0131nan cenaze namaz\u0131n\u0131n ard\u0131ndan son yolculu\u011funa u\u011furland\u0131.<\/p>\n<p>\u0130stanbul\u2019da tedavi g\u00f6rd\u00fc\u011f\u00fc hastanede b\u00f6brek yetmezli\u011fi nedeniyle hayat\u0131n\u0131 kaybeden \u00fcnl\u00fc Kalp Cerrah\u0131 Mustafa \u00d6z (94), son yolculu\u011funa u\u011furland\u0131. ABD televizyonlar\u0131nda t\u0131p alan\u0131nda yapt\u0131\u011f\u0131 programlarla tan\u0131nan Mehmet \u00d6z\u2019\u00fcn babas\u0131 Mustafa \u00d6z i\u00e7in, Fatih Camii\u2019nde \u00f6\u011flen namaz\u0131n\u0131 m\u00fcteakip cenaze namaz\u0131 k\u0131l\u0131nd\u0131. Cami avlusunda Mustafa \u00d6z\u2019\u00fcn e\u015fi Suna \u00d6z ile \u00e7ocuklar\u0131 Mehmet ve Seval \u00d6z taziyeleri kabul etti. Cenazeye eski Ba\u015fbakan Ahmet Davuto\u011flu, Hazine ve Maliye Bakan\u0131 Berat Albayrak, Sa\u011fl\u0131k Bakan\u0131 Fahrettin Koca, Fatih Belediye Ba\u015fkan\u0131 Hasan Suver ve \u00e7ok say\u0131da vatanda\u015f kat\u0131ld\u0131.<\/p>\n<p>\u201cUnutamayaca\u011f\u0131z ama daha iyi bir yerde\u201d<\/p>\n<p>Cenazede k\u0131sa bir a\u00e7\u0131klama yapan Mehmet \u00d6z, \u201cBabam inan\u0131lmaz bir insand\u0131, kuvvetliydi. Herkesin hayat\u0131n\u0131 de\u011fi\u015ftirdi. Babam\u0131 bilen insan etraf\u0131na bakt\u0131\u011f\u0131 zaman herkesin hayat\u0131n\u0131 de\u011fi\u015ftirdi. Bir\u00e7o\u011funu e\u011fitti. Baz\u0131lar\u0131n\u0131 arada bir d\u00f6vd\u00fc benim gibi. \u0130nan\u0131lmaz bir babayd\u0131. Mentordu, liderdi ve \u00f6\u011fretmendi. Unutamayaca\u011f\u0131z. Ama daha iyi bir yerde\u201d dedi.<\/p>\n<p>K\u0131l\u0131nan cenaze namaz\u0131ndan sonra Mustafa \u00d6z\u2019\u00fcn cenazesi defnedilmek \u00fczere Zincirlikuyu Mezarl\u0131\u011f\u0131na g\u00f6t\u00fcr\u00fcld\u00fc.<div class=\"tiled-gallery type-rectangular tiled-gallery-unresized\" data-original-width=\"500\" data-carousel-extra='null' itemscope itemtype=\"http:\/\/schema.org\/ImageGallery\" > <div class=\"gallery-row\" style=\"width: 500px; height: 251px;\" data-original-width=\"500\" data-original-height=\"251\" > <div class=\"gallery-group images-1\" style=\"width: 334px; height: 251px;\" data-original-width=\"334\" data-original-height=\"251\" > <div class=\"tiled-gallery-item tiled-gallery-item-large\" itemprop=\"associatedMedia\" itemscope itemtype=\"http:\/\/schema.org\/ImageObject\"> <a href=\"http:\/\/www.tvturk.com\/index.php\/unlu-doktor-mehmet-ozun-babasi-mustafa-oz-son-yolculuguna-ugurlandi\/unlu-doktor-mehmet-ozun-babasi-mustafa-oz-son-yolculuguna-ugurlandi-3\/\" border=\"0\" itemprop=\"url\"> <meta itemprop=\"width\" content=\"330\"> <meta itemprop=\"height\" content=\"247\"> <img decoding=\"async\" class=\"\" data-attachment-id=\"21956\" data-orig-file=\"http:\/\/www.tvturk.com\/wp-content\/uploads\/2019\/02\/unlu-doktor-mehmet-ozun-babasi-mustafa-oz-son-yolculuguna-ugurlandi_dce2f3a.jpg\" data-orig-size=\"1000,750\" data-comments-opened=\"\" data-image-meta=\"{&quot;aperture&quot;:&quot;0&quot;,&quot;credit&quot;:&quot;IHA&quot;,&quot;camera&quot;:&quot;&quot;,&quot;caption&quot;:&quot;\\u0130STANBUL\\u0027DA TEDAV\\u0130 G\\u00d6RD\\u00dc\\u011e\\u00dc HASTANEDE B\\u00d6BREK YETMEZL\\u0130\\u011e\\u0130 NEDEN\\u0130YLE HAYATINI KAYBEDEN \\u00dcNL\\u00dc KALP CERRAHI 94 YA\\u015eINDAK\\u0130 MUSTAFA \\u00d6Z, SON YOLCULU\\u011eUNA U\\u011eURLANDI. CENAZEYE ESK\\u0130 BA\\u015eBAKAN AHMET DAVUTO\\u011eLU, HAZ\\u0130NE VE MAL\\u0130YE BAKANI BERAT ALBAYRAK, SA\\u011eLIK BAKANI FAHRETT\\u0130N KOCA, FAT\\u0130H BELED\\u0130YE BA\\u015eKANI HASAN SUVER VE \\u00c7OK SAYIDA VATANDA\\u015e KATILDI. (\\u0130SL\\u0130M ESRA \\u00c7OBANO\\u011eLU - SERDAL ALTINTEPE - SERDAR \\u00dcNAL\\\/\\u0130STANBUL-\\u0130HA)&quot;,&quot;created_timestamp&quot;:&quot;0&quot;,&quot;copyright&quot;:&quot;\\u0130HLAS HABER AJANSI, www.iha.com.tr&quot;,&quot;focal_length&quot;:&quot;0&quot;,&quot;iso&quot;:&quot;0&quot;,&quot;shutter_speed&quot;:&quot;0&quot;,&quot;title&quot;:&quot;\\u00dcNL\\u00dc DOKTOR MEHMET \\u00d6Z\\u0027\\u00dcN BABASI MUSTAFA \\u00d6Z SON YOLCULU\\u011eUNA U\\u011eURLANDI&quot;,&quot;orientation&quot;:&quot;0&quot;}\" data-image-title=\"\u00dcnl\u00fc doktor Mehmet \u00d6z\u2019\u00fcn babas\u0131 Mustafa \u00d6z son yolculu\u011funa u\u011furland\u0131\" data-image-description=\"&lt;p&gt;\u00dcnl\u00fc doktor Mehmet \u00d6z\u2019\u00fcn babas\u0131 Mustafa \u00d6z son yolculu\u011funa u\u011furland\u0131&lt;\/p&gt; \" data-medium-file=\"https:\/\/i0.wp.com\/www.tvturk.com\/wp-content\/uploads\/2019\/02\/unlu-doktor-mehmet-ozun-babasi-mustafa-oz-son-yolculuguna-ugurlandi_dce2f3a.jpg?fit=300%2C225\" data-large-file=\"https:\/\/i0.wp.com\/www.tvturk.com\/wp-content\/uploads\/2019\/02\/unlu-doktor-mehmet-ozun-babasi-mustafa-oz-son-yolculuguna-ugurlandi_dce2f3a.jpg?fit=1000%2C750\" src=\"https:\/\/i0.wp.com\/www.tvturk.com\/wp-content\/uploads\/2019\/02\/unlu-doktor-mehmet-ozun-babasi-mustafa-oz-son-yolculuguna-ugurlandi_dce2f3a.jpg?w=330&#038;h=247\" srcset=\"https:\/\/i0.wp.com\/www.tvturk.com\/wp-content\/uploads\/2019\/02\/unlu-doktor-mehmet-ozun-babasi-mustafa-oz-son-yolculuguna-ugurlandi_dce2f3a.jpg?w=1000 1000w, https:\/\/i0.wp.com\/www.tvturk.com\/wp-content\/uploads\/2019\/02\/unlu-doktor-mehmet-ozun-babasi-mustafa-oz-son-yolculuguna-ugurlandi_dce2f3a.jpg?resize=150%2C113 150w, https:\/\/i0.wp.com\/www.tvturk.com\/wp-content\/uploads\/2019\/02\/unlu-doktor-mehmet-ozun-babasi-mustafa-oz-son-yolculuguna-ugurlandi_dce2f3a.jpg?resize=300%2C225 300w, https:\/\/i0.wp.com\/www.tvturk.com\/wp-content\/uploads\/2019\/02\/unlu-doktor-mehmet-ozun-babasi-mustafa-oz-son-yolculuguna-ugurlandi_dce2f3a.jpg?resize=768%2C576 768w\" width=\"330\" height=\"247\" loading=\"lazy\" data-original-width=\"330\" data-original-height=\"247\" itemprop=\"http:\/\/schema.org\/image\" title=\"\u00dcnl\u00fc doktor Mehmet \u00d6z\u2019\u00fcn babas\u0131 Mustafa \u00d6z son yolculu\u011funa u\u011furland\u0131\" alt=\"\u00dcnl\u00fc doktor Mehmet \u00d6z\u2019\u00fcn babas\u0131 Mustafa \u00d6z son yolculu\u011funa u\u011furland\u0131\" style=\"width: 330px; height: 247px;\" \/> <\/a> <\/div> <\/div> <!-- close group --> <div class=\"gallery-group images-2\" style=\"width: 166px; height: 251px;\" data-original-width=\"166\" data-original-height=\"251\" > <div class=\"tiled-gallery-item tiled-gallery-item-small\" itemprop=\"associatedMedia\" itemscope itemtype=\"http:\/\/schema.org\/ImageObject\"> <a href=\"http:\/\/www.tvturk.com\/index.php\/unlu-doktor-mehmet-ozun-babasi-mustafa-oz-son-yolculuguna-ugurlandi\/unlu-doktor-mehmet-ozun-babasi-mustafa-oz-son-yolculuguna-ugurlandi-4\/\" border=\"0\" itemprop=\"url\"> <meta itemprop=\"width\" content=\"162\"> <meta itemprop=\"height\" content=\"122\"> <img decoding=\"async\" class=\"\" data-attachment-id=\"21957\" data-orig-file=\"http:\/\/www.tvturk.com\/wp-content\/uploads\/2019\/02\/unlu-doktor-mehmet-ozun-babasi-mustafa-oz-son-yolculuguna-ugurlandi_4152c2b.jpg\" data-orig-size=\"1000,750\" data-comments-opened=\"\" data-image-meta=\"{&quot;aperture&quot;:&quot;0&quot;,&quot;credit&quot;:&quot;IHA&quot;,&quot;camera&quot;:&quot;&quot;,&quot;caption&quot;:&quot;\\u0130STANBUL\\u0027DA TEDAV\\u0130 G\\u00d6RD\\u00dc\\u011e\\u00dc HASTANEDE B\\u00d6BREK YETMEZL\\u0130\\u011e\\u0130 NEDEN\\u0130YLE HAYATINI KAYBEDEN \\u00dcNL\\u00dc KALP CERRAHI 94 YA\\u015eINDAK\\u0130 MUSTAFA \\u00d6Z, SON YOLCULU\\u011eUNA U\\u011eURLANDI. (\\u0130SL\\u0130M ESRA \\u00c7OBANO\\u011eLU - SERDAL ALTINTEPE - SERDAR \\u00dcNAL\\\/\\u0130STANBUL-\\u0130HA)&quot;,&quot;created_timestamp&quot;:&quot;0&quot;,&quot;copyright&quot;:&quot;\\u0130HLAS HABER AJANSI, www.iha.com.tr&quot;,&quot;focal_length&quot;:&quot;0&quot;,&quot;iso&quot;:&quot;0&quot;,&quot;shutter_speed&quot;:&quot;0&quot;,&quot;title&quot;:&quot;\\u00dcNL\\u00dc DOKTOR MEHMET \\u00d6Z\\u0027\\u00dcN BABASI MUSTAFA \\u00d6Z SON YOLCULU\\u011eUNA U\\u011eURLANDI&quot;,&quot;orientation&quot;:&quot;0&quot;}\" data-image-title=\"\u00dcnl\u00fc doktor Mehmet \u00d6z\u2019\u00fcn babas\u0131 Mustafa \u00d6z son yolculu\u011funa u\u011furland\u0131\" data-image-description=\"&lt;p&gt;\u00dcnl\u00fc doktor Mehmet \u00d6z\u2019\u00fcn babas\u0131 Mustafa \u00d6z son yolculu\u011funa u\u011furland\u0131&lt;\/p&gt; \" data-medium-file=\"https:\/\/i0.wp.com\/www.tvturk.com\/wp-content\/uploads\/2019\/02\/unlu-doktor-mehmet-ozun-babasi-mustafa-oz-son-yolculuguna-ugurlandi_4152c2b.jpg?fit=300%2C225\" data-large-file=\"https:\/\/i0.wp.com\/www.tvturk.com\/wp-content\/uploads\/2019\/02\/unlu-doktor-mehmet-ozun-babasi-mustafa-oz-son-yolculuguna-ugurlandi_4152c2b.jpg?fit=1000%2C750\" src=\"https:\/\/i0.wp.com\/www.tvturk.com\/wp-content\/uploads\/2019\/02\/unlu-doktor-mehmet-ozun-babasi-mustafa-oz-son-yolculuguna-ugurlandi_4152c2b.jpg?w=162&#038;h=122\" srcset=\"https:\/\/i0.wp.com\/www.tvturk.com\/wp-content\/uploads\/2019\/02\/unlu-doktor-mehmet-ozun-babasi-mustafa-oz-son-yolculuguna-ugurlandi_4152c2b.jpg?w=1000 1000w, https:\/\/i0.wp.com\/www.tvturk.com\/wp-content\/uploads\/2019\/02\/unlu-doktor-mehmet-ozun-babasi-mustafa-oz-son-yolculuguna-ugurlandi_4152c2b.jpg?resize=150%2C113 150w, https:\/\/i0.wp.com\/www.tvturk.com\/wp-content\/uploads\/2019\/02\/unlu-doktor-mehmet-ozun-babasi-mustafa-oz-son-yolculuguna-ugurlandi_4152c2b.jpg?resize=300%2C225 300w, https:\/\/i0.wp.com\/www.tvturk.com\/wp-content\/uploads\/2019\/02\/unlu-doktor-mehmet-ozun-babasi-mustafa-oz-son-yolculuguna-ugurlandi_4152c2b.jpg?resize=768%2C576 768w\" width=\"162\" height=\"122\" loading=\"lazy\" data-original-width=\"162\" data-original-height=\"122\" itemprop=\"http:\/\/schema.org\/image\" title=\"\u00dcnl\u00fc doktor Mehmet \u00d6z\u2019\u00fcn babas\u0131 Mustafa \u00d6z son yolculu\u011funa u\u011furland\u0131\" alt=\"\u00dcnl\u00fc doktor Mehmet \u00d6z\u2019\u00fcn babas\u0131 Mustafa \u00d6z son yolculu\u011funa u\u011furland\u0131\" style=\"width: 162px; height: 122px;\" \/> <\/a> <\/div> <div class=\"tiled-gallery-item tiled-gallery-item-small\" itemprop=\"associatedMedia\" itemscope itemtype=\"http:\/\/schema.org\/ImageObject\"> <a href=\"http:\/\/www.tvturk.com\/index.php\/unlu-doktor-mehmet-ozun-babasi-mustafa-oz-son-yolculuguna-ugurlandi\/unlu-doktor-mehmet-ozun-babasi-mustafa-oz-son-yolculuguna-ugurlandi-5\/\" border=\"0\" itemprop=\"url\"> <meta itemprop=\"width\" content=\"162\"> <meta itemprop=\"height\" content=\"121\"> <img decoding=\"async\" class=\"\" data-attachment-id=\"21958\" data-orig-file=\"http:\/\/www.tvturk.com\/wp-content\/uploads\/2019\/02\/unlu-doktor-mehmet-ozun-babasi-mustafa-oz-son-yolculuguna-ugurlandi_09724f0.jpg\" data-orig-size=\"1000,750\" data-comments-opened=\"\" data-image-meta=\"{&quot;aperture&quot;:&quot;0&quot;,&quot;credit&quot;:&quot;IHA&quot;,&quot;camera&quot;:&quot;&quot;,&quot;caption&quot;:&quot;\\u0130STANBUL\\u0027DA TEDAV\\u0130 G\\u00d6RD\\u00dc\\u011e\\u00dc HASTANEDE B\\u00d6BREK YETMEZL\\u0130\\u011e\\u0130 NEDEN\\u0130YLE HAYATINI KAYBEDEN \\u00dcNL\\u00dc KALP CERRAHI 94 YA\\u015eINDAK\\u0130 MUSTAFA \\u00d6Z, SON YOLCULU\\u011eUNA U\\u011eURLANDI. CENAZEYE ESK\\u0130 BA\\u015eBAKAN AHMET DAVUTO\\u011eLU DA KATILDI. (\\u0130SL\\u0130M ESRA \\u00c7OBANO\\u011eLU - SERDAL ALTINTEPE - SERDAR \\u00dcNAL\\\/\\u0130STANBUL-\\u0130HA)&quot;,&quot;created_timestamp&quot;:&quot;0&quot;,&quot;copyright&quot;:&quot;\\u0130HLAS HABER AJANSI, www.iha.com.tr&quot;,&quot;focal_length&quot;:&quot;0&quot;,&quot;iso&quot;:&quot;0&quot;,&quot;shutter_speed&quot;:&quot;0&quot;,&quot;title&quot;:&quot;\\u00dcNL\\u00dc DOKTOR MEHMET \\u00d6Z\\u0027\\u00dcN BABASI MUSTAFA \\u00d6Z SON YOLCULU\\u011eUNA U\\u011eURLANDI&quot;,&quot;orientation&quot;:&quot;0&quot;}\" data-image-title=\"\u00dcnl\u00fc doktor Mehmet \u00d6z\u2019\u00fcn babas\u0131 Mustafa \u00d6z son yolculu\u011funa u\u011furland\u0131\" data-image-description=\"&lt;p&gt;\u00dcnl\u00fc doktor Mehmet \u00d6z\u2019\u00fcn babas\u0131 Mustafa \u00d6z son yolculu\u011funa u\u011furland\u0131&lt;\/p&gt; \" data-medium-file=\"https:\/\/i0.wp.com\/www.tvturk.com\/wp-content\/uploads\/2019\/02\/unlu-doktor-mehmet-ozun-babasi-mustafa-oz-son-yolculuguna-ugurlandi_09724f0.jpg?fit=300%2C225\" data-large-file=\"https:\/\/i0.wp.com\/www.tvturk.com\/wp-content\/uploads\/2019\/02\/unlu-doktor-mehmet-ozun-babasi-mustafa-oz-son-yolculuguna-ugurlandi_09724f0.jpg?fit=1000%2C750\" src=\"https:\/\/i0.wp.com\/www.tvturk.com\/wp-content\/uploads\/2019\/02\/unlu-doktor-mehmet-ozun-babasi-mustafa-oz-son-yolculuguna-ugurlandi_09724f0.jpg?w=162&#038;h=121\" srcset=\"https:\/\/i0.wp.com\/www.tvturk.com\/wp-content\/uploads\/2019\/02\/unlu-doktor-mehmet-ozun-babasi-mustafa-oz-son-yolculuguna-ugurlandi_09724f0.jpg?w=1000 1000w, https:\/\/i0.wp.com\/www.tvturk.com\/wp-content\/uploads\/2019\/02\/unlu-doktor-mehmet-ozun-babasi-mustafa-oz-son-yolculuguna-ugurlandi_09724f0.jpg?resize=150%2C113 150w, https:\/\/i0.wp.com\/www.tvturk.com\/wp-content\/uploads\/2019\/02\/unlu-doktor-mehmet-ozun-babasi-mustafa-oz-son-yolculuguna-ugurlandi_09724f0.jpg?resize=300%2C225 300w, https:\/\/i0.wp.com\/www.tvturk.com\/wp-content\/uploads\/2019\/02\/unlu-doktor-mehmet-ozun-babasi-mustafa-oz-son-yolculuguna-ugurlandi_09724f0.jpg?resize=768%2C576 768w\" width=\"162\" height=\"121\" loading=\"lazy\" data-original-width=\"162\" data-original-height=\"121\" itemprop=\"http:\/\/schema.org\/image\" title=\"\u00dcnl\u00fc doktor Mehmet \u00d6z\u2019\u00fcn babas\u0131 Mustafa \u00d6z son yolculu\u011funa u\u011furland\u0131\" alt=\"\u00dcnl\u00fc doktor Mehmet \u00d6z\u2019\u00fcn babas\u0131 Mustafa \u00d6z son yolculu\u011funa u\u011furland\u0131\" style=\"width: 162px; height: 121px;\" \/> <\/a> <\/div> <\/div> <!-- close group --> <\/div> <!-- close row --> <div class=\"gallery-row\" style=\"width: 500px; height: 189px;\" data-original-width=\"500\" data-original-height=\"189\" > <div class=\"gallery-group images-1\" style=\"width: 250px; height: 189px;\" data-original-width=\"250\" data-original-height=\"189\" > <div class=\"tiled-gallery-item tiled-gallery-item-small\" itemprop=\"associatedMedia\" itemscope itemtype=\"http:\/\/schema.org\/ImageObject\"> <a href=\"http:\/\/www.tvturk.com\/index.php\/unlu-doktor-mehmet-ozun-babasi-mustafa-oz-son-yolculuguna-ugurlandi\/unlu-doktor-mehmet-ozun-babasi-mustafa-oz-son-yolculuguna-ugurlandi-6\/\" border=\"0\" itemprop=\"url\"> <meta itemprop=\"width\" content=\"246\"> <meta itemprop=\"height\" content=\"185\"> <img decoding=\"async\" class=\"\" data-attachment-id=\"21959\" data-orig-file=\"http:\/\/www.tvturk.com\/wp-content\/uploads\/2019\/02\/unlu-doktor-mehmet-ozun-babasi-mustafa-oz-son-yolculuguna-ugurlandi_c17332c.jpg\" data-orig-size=\"1000,750\" data-comments-opened=\"\" data-image-meta=\"{&quot;aperture&quot;:&quot;0&quot;,&quot;credit&quot;:&quot;IHA&quot;,&quot;camera&quot;:&quot;&quot;,&quot;caption&quot;:&quot;\\u0130STANBUL\\u0027DA TEDAV\\u0130 G\\u00d6RD\\u00dc\\u011e\\u00dc HASTANEDE B\\u00d6BREK YETMEZL\\u0130\\u011e\\u0130 NEDEN\\u0130YLE HAYATINI KAYBEDEN \\u00dcNL\\u00dc KALP CERRAHI 94 YA\\u015eINDAK\\u0130 MUSTAFA \\u00d6Z, SON YOLCULU\\u011eUNA U\\u011eURLANDI. (\\u0130SL\\u0130M ESRA \\u00c7OBANO\\u011eLU - SERDAL ALTINTEPE - SERDAR \\u00dcNAL\\\/\\u0130STANBUL-\\u0130HA)&quot;,&quot;created_timestamp&quot;:&quot;0&quot;,&quot;copyright&quot;:&quot;\\u0130HLAS HABER AJANSI, www.iha.com.tr&quot;,&quot;focal_length&quot;:&quot;0&quot;,&quot;iso&quot;:&quot;0&quot;,&quot;shutter_speed&quot;:&quot;0&quot;,&quot;title&quot;:&quot;\\u00dcNL\\u00dc DOKTOR MEHMET \\u00d6Z\\u0027\\u00dcN BABASI MUSTAFA \\u00d6Z SON YOLCULU\\u011eUNA U\\u011eURLANDI&quot;,&quot;orientation&quot;:&quot;0&quot;}\" data-image-title=\"\u00dcnl\u00fc doktor Mehmet \u00d6z\u2019\u00fcn babas\u0131 Mustafa \u00d6z son yolculu\u011funa u\u011furland\u0131\" data-image-description=\"&lt;p&gt;\u00dcnl\u00fc doktor Mehmet \u00d6z\u2019\u00fcn babas\u0131 Mustafa \u00d6z son yolculu\u011funa u\u011furland\u0131&lt;\/p&gt; \" data-medium-file=\"https:\/\/i0.wp.com\/www.tvturk.com\/wp-content\/uploads\/2019\/02\/unlu-doktor-mehmet-ozun-babasi-mustafa-oz-son-yolculuguna-ugurlandi_c17332c.jpg?fit=300%2C225\" data-large-file=\"https:\/\/i0.wp.com\/www.tvturk.com\/wp-content\/uploads\/2019\/02\/unlu-doktor-mehmet-ozun-babasi-mustafa-oz-son-yolculuguna-ugurlandi_c17332c.jpg?fit=1000%2C750\" src=\"https:\/\/i0.wp.com\/www.tvturk.com\/wp-content\/uploads\/2019\/02\/unlu-doktor-mehmet-ozun-babasi-mustafa-oz-son-yolculuguna-ugurlandi_c17332c.jpg?w=246&#038;h=185\" srcset=\"https:\/\/i0.wp.com\/www.tvturk.com\/wp-content\/uploads\/2019\/02\/unlu-doktor-mehmet-ozun-babasi-mustafa-oz-son-yolculuguna-ugurlandi_c17332c.jpg?w=1000 1000w, https:\/\/i0.wp.com\/www.tvturk.com\/wp-content\/uploads\/2019\/02\/unlu-doktor-mehmet-ozun-babasi-mustafa-oz-son-yolculuguna-ugurlandi_c17332c.jpg?resize=150%2C113 150w, https:\/\/i0.wp.com\/www.tvturk.com\/wp-content\/uploads\/2019\/02\/unlu-doktor-mehmet-ozun-babasi-mustafa-oz-son-yolculuguna-ugurlandi_c17332c.jpg?resize=300%2C225 300w, https:\/\/i0.wp.com\/www.tvturk.com\/wp-content\/uploads\/2019\/02\/unlu-doktor-mehmet-ozun-babasi-mustafa-oz-son-yolculuguna-ugurlandi_c17332c.jpg?resize=768%2C576 768w\" width=\"246\" height=\"185\" loading=\"lazy\" data-original-width=\"246\" data-original-height=\"185\" itemprop=\"http:\/\/schema.org\/image\" title=\"\u00dcnl\u00fc doktor Mehmet \u00d6z\u2019\u00fcn babas\u0131 Mustafa \u00d6z son yolculu\u011funa u\u011furland\u0131\" alt=\"\u00dcnl\u00fc doktor Mehmet \u00d6z\u2019\u00fcn babas\u0131 Mustafa \u00d6z son yolculu\u011funa u\u011furland\u0131\" style=\"width: 246px; height: 185px;\" \/> <\/a> <\/div> <\/div> <!-- close group --> <div class=\"gallery-group images-1\" style=\"width: 250px; height: 189px;\" data-original-width=\"250\" data-original-height=\"189\" > <div class=\"tiled-gallery-item tiled-gallery-item-small\" itemprop=\"associatedMedia\" itemscope itemtype=\"http:\/\/schema.org\/ImageObject\"> <a href=\"http:\/\/www.tvturk.com\/index.php\/unlu-doktor-mehmet-ozun-babasi-mustafa-oz-son-yolculuguna-ugurlandi\/unlu-doktor-mehmet-ozun-babasi-mustafa-oz-son-yolculuguna-ugurlandi-7\/\" border=\"0\" itemprop=\"url\"> <meta itemprop=\"width\" content=\"246\"> <meta itemprop=\"height\" content=\"185\"> <img decoding=\"async\" class=\"\" data-attachment-id=\"21960\" data-orig-file=\"http:\/\/www.tvturk.com\/wp-content\/uploads\/2019\/02\/unlu-doktor-mehmet-ozun-babasi-mustafa-oz-son-yolculuguna-ugurlandi_3cd30b7.jpg\" data-orig-size=\"1000,750\" data-comments-opened=\"\" data-image-meta=\"{&quot;aperture&quot;:&quot;0&quot;,&quot;credit&quot;:&quot;IHA&quot;,&quot;camera&quot;:&quot;&quot;,&quot;caption&quot;:&quot;\\u0130STANBUL\\u0027DA TEDAV\\u0130 G\\u00d6RD\\u00dc\\u011e\\u00dc HASTANEDE B\\u00d6BREK YETMEZL\\u0130\\u011e\\u0130 NEDEN\\u0130YLE HAYATINI KAYBEDEN \\u00dcNL\\u00dc KALP CERRAHI 94 YA\\u015eINDAK\\u0130 MUSTAFA \\u00d6Z, SON YOLCULU\\u011eUNA U\\u011eURLANDI. (\\u0130SL\\u0130M ESRA \\u00c7OBANO\\u011eLU - SERDAL ALTINTEPE - SERDAR \\u00dcNAL\\\/\\u0130STANBUL-\\u0130HA)&quot;,&quot;created_timestamp&quot;:&quot;0&quot;,&quot;copyright&quot;:&quot;\\u0130HLAS HABER AJANSI, www.iha.com.tr&quot;,&quot;focal_length&quot;:&quot;0&quot;,&quot;iso&quot;:&quot;0&quot;,&quot;shutter_speed&quot;:&quot;0&quot;,&quot;title&quot;:&quot;\\u00dcNL\\u00dc DOKTOR MEHMET \\u00d6Z\\u0027\\u00dcN BABASI MUSTAFA \\u00d6Z SON YOLCULU\\u011eUNA U\\u011eURLANDI&quot;,&quot;orientation&quot;:&quot;0&quot;}\" data-image-title=\"\u00dcnl\u00fc doktor Mehmet \u00d6z\u2019\u00fcn babas\u0131 Mustafa \u00d6z son yolculu\u011funa u\u011furland\u0131\" data-image-description=\"&lt;p&gt;\u00dcnl\u00fc doktor Mehmet \u00d6z\u2019\u00fcn babas\u0131 Mustafa \u00d6z son yolculu\u011funa u\u011furland\u0131&lt;\/p&gt; \" data-medium-file=\"https:\/\/i0.wp.com\/www.tvturk.com\/wp-content\/uploads\/2019\/02\/unlu-doktor-mehmet-ozun-babasi-mustafa-oz-son-yolculuguna-ugurlandi_3cd30b7.jpg?fit=300%2C225\" data-large-file=\"https:\/\/i0.wp.com\/www.tvturk.com\/wp-content\/uploads\/2019\/02\/unlu-doktor-mehmet-ozun-babasi-mustafa-oz-son-yolculuguna-ugurlandi_3cd30b7.jpg?fit=1000%2C750\" src=\"https:\/\/i0.wp.com\/www.tvturk.com\/wp-content\/uploads\/2019\/02\/unlu-doktor-mehmet-ozun-babasi-mustafa-oz-son-yolculuguna-ugurlandi_3cd30b7.jpg?w=246&#038;h=185\" srcset=\"https:\/\/i0.wp.com\/www.tvturk.com\/wp-content\/uploads\/2019\/02\/unlu-doktor-mehmet-ozun-babasi-mustafa-oz-son-yolculuguna-ugurlandi_3cd30b7.jpg?w=1000 1000w, https:\/\/i0.wp.com\/www.tvturk.com\/wp-content\/uploads\/2019\/02\/unlu-doktor-mehmet-ozun-babasi-mustafa-oz-son-yolculuguna-ugurlandi_3cd30b7.jpg?resize=150%2C113 150w, https:\/\/i0.wp.com\/www.tvturk.com\/wp-content\/uploads\/2019\/02\/unlu-doktor-mehmet-ozun-babasi-mustafa-oz-son-yolculuguna-ugurlandi_3cd30b7.jpg?resize=300%2C225 300w, https:\/\/i0.wp.com\/www.tvturk.com\/wp-content\/uploads\/2019\/02\/unlu-doktor-mehmet-ozun-babasi-mustafa-oz-son-yolculuguna-ugurlandi_3cd30b7.jpg?resize=768%2C576 768w\" width=\"246\" height=\"185\" loading=\"lazy\" data-original-width=\"246\" data-original-height=\"185\" itemprop=\"http:\/\/schema.org\/image\" title=\"\u00dcnl\u00fc doktor Mehmet \u00d6z\u2019\u00fcn babas\u0131 Mustafa \u00d6z son yolculu\u011funa u\u011furland\u0131\" alt=\"\u00dcnl\u00fc doktor Mehmet \u00d6z\u2019\u00fcn babas\u0131 Mustafa \u00d6z son yolculu\u011funa u\u011furland\u0131\" style=\"width: 246px; height: 185px;\" \/> <\/a> <\/div> <\/div> <!-- close group --> <\/div> <!-- close row --> <\/div><\/p>\n","protected":false},"excerpt":{"rendered":"<p>\u0130STANBUL&#8217;DA TEDAV\u0130 G\u00d6RD\u00dc\u011e\u00dc HASTANEDE B\u00d6BREK YETMEZL\u0130\u011e\u0130 NEDEN\u0130YLE HAYATINI KAYBEDEN \u00dcNL\u00dc KALP CERRAHI 94 YA\u015eINDAK\u0130 MUSTAFA \u00d6Z, SON YOLCULU\u011eUNA U\u011eURLANDI.<\/p>\n","protected":false},"author":1,"featured_media":21955,"comment_status":"closed","ping_status":"open","sticky":false,"template":"","format":"standard","meta":{"jetpack_post_was_ever_published":false,"_jetpack_newsletter_access":"","_jetpack_dont_email_post_to_subs":false,"_jetpack_newsletter_tier_id":0,"_jetpack_memberships_contains_paywalled_content":false,"_jetpack_memberships_contains_paid_content":false,"footnotes":"","jetpack_publicize_message":"","jetpack_publicize_feature_enabled":true,"jetpack_social_post_already_shared":false,"jetpack_social_options":{"image_generator_settings":{"template":"highway","default_image_id":0,"font":"","enabled":false},"version":2}},"categories":[655],"tags":[1841,663,2570,159,7101,9450,1240,2516,5590,2515],"class_list":["post-21954","post","type-post","status-publish","format-standard","has-post-thumbnail","hentry","category-son-dakika","tag-babasi","tag-doktor","tag-mehmet","tag-mustafa","tag-oz","tag-ozun","tag-son","tag-ugurlandi","tag-unlu","tag-yolculuguna"],"jetpack_publicize_connections":[],"jetpack_featured_media_url":"https:\/\/i0.wp.com\/www.tvturk.com\/wp-content\/uploads\/2019\/02\/unlu-doktor-mehmet-ozun-babasi-mustafa-oz-son-yolculuguna-ugurlandi_2172834.jpg?fit=1000%2C750","jetpack_sharing_enabled":true,"jetpack_shortlink":"https:\/\/wp.me\/paKIfm-5I6","_links":{"self":[{"href":"http:\/\/www.tvturk.com\/index.php\/wp-json\/wp\/v2\/posts\/21954","targetHints":{"allow":["GET"]}}],"collection":[{"href":"http:\/\/www.tvturk.com\/index.php\/wp-json\/wp\/v2\/posts"}],"about":[{"href":"http:\/\/www.tvturk.com\/index.php\/wp-json\/wp\/v2\/types\/post"}],"author":[{"embeddable":true,"href":"http:\/\/www.tvturk.com\/index.php\/wp-json\/wp\/v2\/users\/1"}],"replies":[{"embeddable":true,"href":"http:\/\/www.tvturk.com\/index.php\/wp-json\/wp\/v2\/comments?post=21954"}],"version-history":[{"count":1,"href":"http:\/\/www.tvturk.com\/index.php\/wp-json\/wp\/v2\/posts\/21954\/revisions"}],"predecessor-version":[{"id":21961,"href":"http:\/\/www.tvturk.com\/index.php\/wp-json\/wp\/v2\/posts\/21954\/revisions\/21961"}],"wp:featuredmedia":[{"embeddable":true,"href":"http:\/\/www.tvturk.com\/index.php\/wp-json\/wp\/v2\/media\/21955"}],"wp:attachment":[{"href":"http:\/\/www.tvturk.com\/index.php\/wp-json\/wp\/v2\/media?parent=21954"}],"wp:term":[{"taxonomy":"category","embeddable":true,"href":"http:\/\/www.tvturk.com\/index.php\/wp-json\/wp\/v2\/categories?post=21954"},{"taxonomy":"post_tag","embeddable":true,"href":"http:\/\/www.tvturk.com\/index.php\/wp-json\/wp\/v2\/tags?post=21954"}],"curies":[{"name":"wp","href":"https:\/\/api.w.org\/{rel}","templated":true}]}}