{"id":219637,"date":"2019-10-25T10:03:15","date_gmt":"2019-10-25T07:03:15","guid":{"rendered":"http:\/\/www.tvturk.com\/index.php\/ozel-haber-erkan-zengin-ben-burada-teknik-ekibe-yardimci-oluyorum\/"},"modified":"2019-10-25T10:03:15","modified_gmt":"2019-10-25T07:03:15","slug":"ozel-haber-erkan-zengin-ben-burada-teknik-ekibe-yardimci-oluyorum","status":"publish","type":"post","link":"http:\/\/www.tvturk.com\/index.php\/ozel-haber-erkan-zengin-ben-burada-teknik-ekibe-yardimci-oluyorum\/","title":{"rendered":"(\u00d6zel haber) Erkan Zengin: &#8220;Ben burada teknik ekibe yard\u0131mc\u0131 oluyorum&#8221;"},"content":{"rendered":"<p>Karag\u00fcmr\u00fck Kaptan\u0131 Erkan Zengin, k\u0131rm\u0131z\u0131-siyahl\u0131 kul\u00fcple ilgili samimi a\u00e7\u0131klamalar yapt\u0131. Kendisinin teknik adam olmad\u0131\u011f\u0131n\u0131, futbolcu oldu\u011funu \u00fczerine basarak s\u00f6yleyen Erkan Zengin, sadece teknik ekibe yard\u0131mc\u0131 oldu\u011funu vurgulad\u0131. Eski\u015fehir\u2019deki protestonun \u00fcz\u00fcc\u00fc oldu\u011funu s\u00f6zlerine ekleyen Erkan Zengin, Karag\u00fcmr\u00fck taraftar\u0131 i\u00e7in de, \u201cBir semt tak\u0131m\u0131n\u0131n taraftarlar\u0131n\u0131n b\u00f6yle bir k\u00fclt\u00fcr\u00fc olmas\u0131 ger\u00e7ekten inan\u0131lmaz\u201d dedi.<\/p>\n<p>Karag\u00fcmr\u00fck\u2019te kaptan olarak forma giyen ve son oynanan Osmanl\u0131spor kar\u015f\u0131la\u015fmas\u0131 \u00f6ncesinde de teknik ekipte yer alaca\u011f\u0131 a\u00e7\u0131klanan 34 ya\u015f\u0131ndaki Erkan Zengin, \u0130hlas Haber Ajans\u0131\u2019na \u00f6zel a\u00e7\u0131klamalarda bulundu. \u00d6zellikle Osmanl\u0131spor ma\u00e7\u0131nda 2 gol att\u0131ktan sonra oyundan \u00e7\u0131kmas\u0131n\u0131n ard\u0131ndan sosyal medyada, \u201cKendisini oyundan al\u0131p alk\u0131\u015flatt\u0131\u201d denilen Erkan Zengin, \u00fczerine basa basa, \u201cBen teknik adam de\u011filim, futbolcuyum\u201d ifadesini kulland\u0131. Eski\u015fehir deplasman\u0131nda ya\u015fanan protestonun kendisini \u00e7ok \u00fczd\u00fc\u011f\u00fcn\u00fc, Karag\u00fcmr\u00fck taraftar\u0131n\u0131n da inan\u0131lmaz \u015fekilde semtine destek verdi\u011fini dile getiren Erkan Zengin, her soruya samimi cevaplar verdi.<\/p>\n<p>\u201cOynad\u0131\u011f\u0131m ligin \u00f6nemi yok\u201d<\/p>\n<p>Sezon de\u011ferlendirmesi yaparak s\u00f6zlerine ba\u015flayan ve TFF 1. Lig\u2019e iyi ba\u015flad\u0131klar\u0131n\u0131 s\u00f6yleyen Erkan Zengin, \u201c15 puanday\u0131z \u015fu anda. C\u00fcneyt hocam\u0131zla iyi puanlar toplad\u0131k. \u015eimdi de bunun devam\u0131n\u0131 getirmek istiyoruz. Tak\u0131m olarak bir \u015feyler yapmaya \u00e7al\u0131\u015f\u0131yoruz hocalar\u0131m\u0131zla. G\u00fczel bir \u015feyler \u00e7\u0131kacak in\u015fallah. \u015eu anda 15 puan\u0131m\u0131z var ve \u00fczerine koyabiliriz. Menemen ve Giresunspor ma\u00e7lar\u0131nda son anda puan kayb\u0131 ya\u015fad\u0131k. \u015eu anda 4 puan daha fazlam\u0131z olabilirdi. Ama iyi gidiyor, \u00e7al\u0131\u015fmaya devam. Tak\u0131m olarak iyi oynad\u0131\u011f\u0131m\u0131zda ve S\u00fcper Lig\u2019e \u00e7\u0131kt\u0131\u011f\u0131m\u0131zda ba\u015fkan\u0131m\u0131z beni burada isterse tabii ki kalaca\u011f\u0131z. Onun d\u0131\u015f\u0131nda S\u00fcper Lig, 2. Lig ya da amat\u00f6r lig benim i\u00e7in fark etmez. Ben futbol oynayay\u0131m, bana yeter. S\u00fcper Lig olmas\u0131n\u0131n \u00f6nemi yok. Benim i\u00e7in ye\u015fil saha olsun yeter. Renkli bir kariyerim oldu asl\u0131nda. Eski\u015fehirspor, Trabzonspor, Be\u015fikta\u015f, Milli Tak\u0131m, \u015fu anda Karag\u00fcmr\u00fck Bunlar\u0131n hepsini ben kendim se\u00e7tim. Avrupa Kupas\u0131\u2019ndan 2. Lig\u2019e gitmek Ben her zaman daha farkl\u0131 \u015feyler istedim. S\u00fcper Lig\u2019de kalabilirdim. Ama ben farkl\u0131 olmay\u0131 istedim. 9 sene S\u00fcper Lig\u2019de oynad\u0131m ve devam edebilirdim. Avrupa Kupas\u0131\u2019nda oynad\u0131ktan sonra 1. Lig\u2019e geldim. Ben s\u00fcrekli kazanmak istiyorum. Bu 2. Lig\u2019de de olur S\u00fcper Lig\u2019de de olur. Benim nerede oynad\u0131\u011f\u0131m\u0131n pek fazla \u00f6nemi yok, \u00f6nemli olan ye\u015fil sahada olmak\u201d ifadelerini kulland\u0131.<\/p>\n<p>\u201cEski\u015fehir\u2019de her sorunda benden destek isterlerdi\u201d<\/p>\n<p>Eski\u015fehirspor deplasman\u0131nda att\u0131\u011f\u0131 gollerin ard\u0131ndan trib\u00fcnler taraf\u0131ndan \u0131sl\u0131klanmas\u0131yla ilgili olarak konu\u015fan Erkan Zengin, \u201cEski\u015fehir\u2019de ya\u015fanan durumu asl\u0131nda gayet normal kar\u015f\u0131l\u0131yorum. \u00d6nce insana bakars\u0131n, kul\u00fcb\u00fc i\u00e7in ne yapm\u0131\u015f dersin. Orada taraftarlar bir b\u00fct\u00fcn. Birisi bir \u015fey s\u00f6yledi\u011finde di\u011ferleri de ayn\u0131s\u0131n\u0131 yap\u0131yor. Bu tepkinin nas\u0131l bir tepki oldu\u011funa bakmak laz\u0131m. Ben Karag\u00fcmr\u00fck\u2019te oynuyorum, ekme\u011fimi burada kazan\u0131yorum ve aileme bak\u0131yorum. Eski\u015fehir\u2019de yapt\u0131klar\u0131m \u00f6nemli. 2 gol att\u0131m diye \u0131sl\u0131klanma oldu ama sonra geri d\u00f6nd\u00fcler. Bu sadece bana de\u011fil ba\u015fkas\u0131na da oluyor. Ben o kadar katk\u0131 vermi\u015fim, sonra milli tak\u0131ma y\u00fckselmi\u015fim ve Trabzonspor\u2019a transfer olmu\u015fum. G\u00fczel \u015feyler b\u0131rakm\u0131\u015f\u0131m Eski\u015fehir\u2019de. B\u00f6yle bir \u015feyi nas\u0131l yap\u0131yorlar bilmiyorum, nas\u0131l bu duruma geldi? Ben sahaday\u0131m, benim umurumda de\u011fil ne olup bitti\u011fi. Ama bundan sonras\u0131 ger\u00e7ekten \u00e7ok \u00fcz\u00fcc\u00fc. Futbol olarak ve saha d\u0131\u015f\u0131nda \u00e7ok katk\u0131 yapm\u0131\u015f bir insan\u0131m Eski\u015fehir\u2019e. Benim ki\u015fili\u011fimi hepsi bilir. Bunu nas\u0131l yaparlar? O d\u00f6nemde futbolcular Eski\u015fehirspor\u2019u FIFA\u2019ya ve mahkemeye verdi\u011finde benden destek isterlerdi. Taraftarla g\u00f6r\u00fc\u015ft\u00fcm, \u00e7al\u0131\u015fanlarla g\u00f6r\u00fc\u015ft\u00fcm, b\u00fct\u00fcn y\u00f6netim hep beni arard\u0131. Bu kadar \u015fey ya\u015fand\u0131ktan sonra b\u00f6yle bir \u015feyi nas\u0131l yapt\u0131lar diye soruyorum kendime\u201d a\u00e7\u0131klamas\u0131n\u0131 yapt\u0131.<\/p>\n<p>\u201cTaraftar beni motive ediyor\u201d<\/p>\n<p>Karag\u00fcmr\u00fck gibi bir semt tak\u0131m\u0131n\u0131n \u00e7ok ate\u015fli taraftar\u0131 oldu\u011funu vurgulayan Erkan Zengin, \u201cBen b\u00f6yle bir semtte bu taraftar\u0131n bu kenetlenmesine ger\u00e7ekten inanam\u0131yorum, inan\u0131lmaz bir durum. Bu kenetlenme Eski\u015fehir\u2019de de vard\u0131. Oradaki duygular\u0131m\u0131 burada da ya\u015f\u0131yorum. Oynad\u0131\u011f\u0131m kul\u00fcplerin her zaman taraftarlar\u0131 \u00e7ok iyi oldu. Be\u015fikta\u015f, Eski\u015fehir, Trabzonspor ve Karag\u00fcmr\u00fck Oynad\u0131\u011f\u0131m kul\u00fcplerde hep iyi bir taraftar\u0131n \u00f6n\u00fcnde oynad\u0131m. Futbolcuyu taraftar oynat\u0131r diye d\u00fc\u015f\u00fcn\u00fcyorum. Bu durum futbolcuyu ekstra ko\u015fturuyor. Seyircisiz oynamak \u00e7ok farkl\u0131. Futbolcu nas\u0131l motive olur bilmiyorum ama beni motive eden taraftar. Onlar\u0131n bana hem iyi y\u00f6nde hem k\u00f6t\u00fc y\u00f6nde konu\u015fmas\u0131 beni her zaman motive ediyor\u201d \u015feklinde konu\u015ftu.<\/p>\n<p>\u201cBen teknik ekibe yard\u0131mc\u0131 oluyorum\u201d<\/p>\n<p>Osmanl\u0131spor ma\u00e7\u0131 \u00f6ncesinde kendisinin teknik ekipte yer alaca\u011f\u0131n\u0131n a\u00e7\u0131klanmas\u0131yla ilgili konu\u015fan Erkan Zengin, \u201cBa\u015fkan\u0131m\u0131z b\u00f6yle bir proje olmas\u0131n\u0131 istedi. Buraya bir teknik adam da gelebilirdi. Ba\u015fkan\u0131m\u0131z, futbolculara ve yard\u0131mc\u0131 hocalara \u00e7ok g\u00fcvendi. Bana direkt hoca diyemezsiniz \u00e7\u00fcnk\u00fc ben futbolcuyum. Ben, teknik ekibe yard\u0131mc\u0131 oluyorum ama b\u00fct\u00fcn futbolcular teknik ekibe yard\u0131mc\u0131 oluyor. Tabii ki ben tak\u0131m\u0131n kaptan\u0131 oldu\u011fum i\u00e7in biraz daha katk\u0131 sa\u011fl\u0131yorum. Burada hocalar\u0131m\u0131z var. Antrenman program\u0131 haz\u0131rlayan da var analiz yapan da. Burada o kadar kaliteli ve tecr\u00fcbeli futbolcular var ki, herkes bir \u015fey yap\u0131yor\u201d diye konu\u015ftu.<\/p>\n<p>2009 y\u0131l\u0131nda Be\u015fikta\u015f\u2019ta birlikte oynad\u0131\u011f\u0131 Yusuf \u015eim\u015fek\u2019in de daha \u00f6nce antren\u00f6r-futbolcu olarak Turgutluspor\u2019da g\u00f6rev yapt\u0131\u011f\u0131 hat\u0131rlat\u0131lan Erkan Zengin, \u201cYusuf \u015eim\u015fek hocan\u0131n da kariyeri biraz b\u00f6yleydi. Burada da hocal\u0131k yapt\u0131. Kendisini \u00e7ok seviyorum ve ona da ba\u015far\u0131lar diliyorum\u201d dedi.<\/p>\n<p>Tak\u0131m arkada\u015f\u0131 Bar\u0131\u015f \u00d6zbek\u2019le ilgili de konu\u015fan Erkan, \u201cBar\u0131\u015f\u2019\u0131n zaman\u0131nda futbolu \u00e7ok erken b\u0131rakt\u0131\u011f\u0131n\u0131 d\u00fc\u015f\u00fcnm\u00fc\u015ft\u00fcm. Yeniden ba\u015flamas\u0131 \u00e7ok olumlu oldu. \u015eampiyonluktaki ba\u015f mimarlardan birisi kendisidir. Bizimle antrenmanlara \u00e7\u0131k\u0131yordu ve ba\u015fkan\u0131m\u0131z \u2018Bar\u0131\u015f sen daha oynayabilirsin\u2019 dedi. Bar\u0131\u015f da kabul etti ve g\u00fczel bir durum ortaya \u00e7\u0131kt\u0131. 32 ya\u015f\u0131nda kendisi, neden oynamas\u0131n\u201d a\u00e7\u0131klamas\u0131nda bulundu.<\/p>\n<p>\u201cBen kendimi oyundan almad\u0131m, hocalar\u0131m\u0131z ald\u0131\u201d<\/p>\n<p>Osmanl\u0131spor ma\u00e7\u0131nda sosyal medyada \u201cTeknik Direkt\u00f6r Erkan Zengin kendisini oyundan ald\u0131\u201d s\u00f6ylemleriyle ilgili de konu\u015fan ba\u015far\u0131l\u0131 futbolcu, \u201cTak\u0131m\u0131n ba\u015f\u0131nda hocalar\u0131m\u0131z var ve onlar neyi g\u00f6r\u00fcyorsa ona g\u00f6re hareket ediliyor. Bir futbolcu sahadan \u00e7\u0131kmak istedi\u011fi zaman bunu zaten s\u00f6yl\u00fcyor. Hocalar da bunu g\u00f6r\u00fcyor zaten. 2 gol atm\u0131\u015ft\u0131m ve yorulmu\u015ftum. Ma\u00e7tan \u00f6nce de sakatl\u0131\u011f\u0131m vard\u0131 ve aya\u011f\u0131m a\u011fr\u0131yordu. Hocalar da bunu g\u00f6rd\u00fc ve benim oyundan \u00e7\u0131kmam gerekti. Ben zaten sahadayken, kenara gelip \u2018\u015eunu oyundan \u00e7\u0131kar\u0131n\u2019 diyemem ki. Bu biraz sa\u00e7ma olur\u201d dedi.<\/p>\n<p>Son olarak Karag\u00fcmr\u00fck taraftar\u0131 ve Vefa Stad\u0131\u2019yla ilgili konu\u015fan Erkan, \u201cMa\u00e7 yapt\u0131\u011f\u0131m\u0131z yerdeki atmosfer inan\u0131lmaz. Kahvenin \u00f6n\u00fcnden ge\u00e7erken bile insan mutlu oluyor. Ben ilk kez b\u00f6yle bir stat g\u00f6r\u00fcyorum. \u00c7ok g\u00fczel, \u00e7ok sevimli bir ortam var. Mahalleden ge\u00e7erken teyzeler \u2018Hadi aslan\u0131m, hadi o\u011flum\u2019 diyor. Bu durum Trabzon\u2019da da olmu\u015ftu. Taraftar\u0131n inan\u0131lmaz bir deste\u011fi var. Benim \u00e7ok fazla bir \u015fey s\u00f6ylememe gerek yok. Onlar zaten gere\u011fini her ma\u00e7ta yap\u0131yor\u201d diyerek s\u00f6zlerini tamamlad\u0131.<\/p>\n","protected":false},"excerpt":{"rendered":"<p>KARAG\u00dcMR\u00dcK KAPTANI ERKAN ZENG\u0130N, KIRMIZI-S\u0130YAHLI KUL\u00dcPLE \u0130LG\u0130L\u0130 SAM\u0130M\u0130 A\u00c7IKLAMALAR YAPTI. KEND\u0130S\u0130N\u0130N TEKN\u0130K ADAM OLMADI\u011eINI, FUTBOLCU OLDU\u011eUNU \u00dcZER\u0130NE BASARAK S\u00d6YLEYEN ERKAN ZENG\u0130N, SADECE TEKN\u0130K EK\u0130BE YARDIMCI OLDU\u011eUNU VURGULADI<\/p>\n","protected":false},"author":1,"featured_media":219638,"comment_status":"closed","ping_status":"open","sticky":false,"template":"","format":"standard","meta":{"jetpack_post_was_ever_published":false,"_jetpack_newsletter_access":"","_jetpack_dont_email_post_to_subs":false,"_jetpack_newsletter_tier_id":0,"_jetpack_memberships_contains_paywalled_content":false,"_jetpack_memberships_contains_paid_content":false,"footnotes":"","jetpack_publicize_message":"","jetpack_publicize_feature_enabled":true,"jetpack_social_post_already_shared":true,"jetpack_social_options":{"image_generator_settings":{"template":"highway","default_image_id":0,"font":"","enabled":false},"version":2}},"categories":[657],"tags":[23651,1073,3195,10815,55626,7893,1545,35848,2082,15184],"class_list":["post-219637","post","type-post","status-publish","format-standard","has-post-thumbnail","hentry","category-spor","tag-zengin","tag-ozel","tag-ben","tag-burada","tag-ekibe","tag-erkan","tag-haber","tag-oluyorum","tag-teknik","tag-yardimci"],"jetpack_publicize_connections":[],"jetpack_featured_media_url":"https:\/\/i0.wp.com\/www.tvturk.com\/wp-content\/uploads\/2019\/10\/ozel-haber-erkan-zengin-ben-burada-teknik-ekibe-yardimci-oluyorum_c17332c.jpg?fit=1000%2C666","jetpack_sharing_enabled":true,"jetpack_shortlink":"https:\/\/wp.me\/paKIfm-V8x","_links":{"self":[{"href":"http:\/\/www.tvturk.com\/index.php\/wp-json\/wp\/v2\/posts\/219637","targetHints":{"allow":["GET"]}}],"collection":[{"href":"http:\/\/www.tvturk.com\/index.php\/wp-json\/wp\/v2\/posts"}],"about":[{"href":"http:\/\/www.tvturk.com\/index.php\/wp-json\/wp\/v2\/types\/post"}],"author":[{"embeddable":true,"href":"http:\/\/www.tvturk.com\/index.php\/wp-json\/wp\/v2\/users\/1"}],"replies":[{"embeddable":true,"href":"http:\/\/www.tvturk.com\/index.php\/wp-json\/wp\/v2\/comments?post=219637"}],"version-history":[{"count":0,"href":"http:\/\/www.tvturk.com\/index.php\/wp-json\/wp\/v2\/posts\/219637\/revisions"}],"wp:featuredmedia":[{"embeddable":true,"href":"http:\/\/www.tvturk.com\/index.php\/wp-json\/wp\/v2\/media\/219638"}],"wp:attachment":[{"href":"http:\/\/www.tvturk.com\/index.php\/wp-json\/wp\/v2\/media?parent=219637"}],"wp:term":[{"taxonomy":"category","embeddable":true,"href":"http:\/\/www.tvturk.com\/index.php\/wp-json\/wp\/v2\/categories?post=219637"},{"taxonomy":"post_tag","embeddable":true,"href":"http:\/\/www.tvturk.com\/index.php\/wp-json\/wp\/v2\/tags?post=219637"}],"curies":[{"name":"wp","href":"https:\/\/api.w.org\/{rel}","templated":true}]}}