{"id":219733,"date":"2019-10-25T12:01:57","date_gmt":"2019-10-25T09:01:57","guid":{"rendered":"http:\/\/www.tvturk.com\/index.php\/disisleri-bakani-cavusoglu-azerbaycanda-baglantisizlar-hareketi-18-zirvesine-katildi\/"},"modified":"2019-10-25T12:01:57","modified_gmt":"2019-10-25T09:01:57","slug":"disisleri-bakani-cavusoglu-azerbaycanda-baglantisizlar-hareketi-18-zirvesine-katildi","status":"publish","type":"post","link":"http:\/\/www.tvturk.com\/index.php\/disisleri-bakani-cavusoglu-azerbaycanda-baglantisizlar-hareketi-18-zirvesine-katildi\/","title":{"rendered":"D\u0131\u015fi\u015fleri Bakan\u0131 \u00c7avu\u015fo\u011flu, Azerbaycan\u2019da Ba\u011flant\u0131s\u0131zlar Hareketi 18. Zirvesi\u2019ne kat\u0131ld\u0131"},"content":{"rendered":"<p>D\u0131\u015fi\u015fleri Bakan\u0131 Mevl\u00fct \u00c7avu\u015fo\u011flu, Azerbaycan\u2019da Ba\u011flant\u0131s\u0131zlar Hareketi (NAM) Devlet ve H\u00fck\u00fcmet Ba\u015fkanlar\u0131 18. Zirvesi\u2019ne kat\u0131ld\u0131.<\/p>\n<p>D\u0131\u015fi\u015fleri Bakan\u0131 Mevl\u00fct \u00c7avu\u015fo\u011flu, Bak\u00fc temaslar\u0131n\u0131 s\u00fcrd\u00fcr\u00fcyor. Bakan \u00c7avu\u015fo\u011flu, 25-26 Ekim\u2019de Azerbaycan\u2019\u0131n ev sahipli\u011finde ba\u015fkent Bak\u00fc\u2019de d\u00fczenlenen NAM Devlet ve H\u00fck\u00fcmet Ba\u015fkanlar\u0131 18. Zirvesi \u00f6ncesi Azerbaycan Cumhurba\u015fkan\u0131 \u0130lham Aliyev taraf\u0131ndan kar\u015f\u0131land\u0131. \u00c7avu\u015fo\u011flu, zirve \u00f6ncesi toplant\u0131ya kat\u0131lan liderlerle aile foto\u011fraf\u0131nda yer ald\u0131. \u00c7avu\u015fo\u011flu, liderlerle birlikte Ba\u011flant\u0131s\u0131zlar Hareketi (NAM) Devlet ve H\u00fck\u00fcmet Ba\u015fkanlar\u0131 18. Zirvesi\u2019ne kat\u0131ld\u0131.<\/p>\n<p>Zirveye yakla\u015f\u0131k 60 \u00fclkenin devlet ve h\u00fck\u00fcmet ba\u015fkanlar\u0131n\u0131n yan\u0131 s\u0131ra uluslararas\u0131 \u00f6rg\u00fctlerin ba\u015fkanlar\u0131 kat\u0131l\u0131yor.  26 Ekim\u2019e kadar devam edecek NAM liderler zirvesine 158 \u00fclkeden uluslararas\u0131 kurulu\u015f kat\u0131l\u0131yor. Zirve\u2019de \u00f6rg\u00fct\u00fcn ba\u015fkanl\u0131\u011f\u0131 \u00fc\u00e7 y\u0131ll\u0131\u011f\u0131na Azerbaycan\u2019a devredilecek. D\u00f6rt belgenin kabul edilmesi beklenen zirvede, Da\u011fl\u0131k Karaba\u011f ihtilaf\u0131n\u0131n \u00e7\u00f6z\u00fcm\u00fc ilgili karar sonu\u00e7 bildirgesinde yer alacak.<\/p>\n<p>D\u0131\u015fi\u015fleri Bakan\u0131 Mevl\u00fct \u00c7avu\u015fo\u011flu, Bak\u00fc temaslar\u0131 kapsam\u0131nda d\u00fcn mevkida\u015flar\u0131yla ikili temaslarda bulundu.<\/p>\n","protected":false},"excerpt":{"rendered":"<p>DI\u015e\u0130\u015eLER\u0130 BAKANI MEVL\u00dcT \u00c7AVU\u015eO\u011eLU, AZERBAYCAN\u2019DA BA\u011eLANTISIZLAR HAREKET\u0130 (NAM) DEVLET VE H\u00dcK\u00dcMET BA\u015eKANLARI 18. Z\u0130RVES\u0130\u2019NE KATILDI.<\/p>\n","protected":false},"author":1,"featured_media":219734,"comment_status":"closed","ping_status":"open","sticky":false,"template":"","format":"standard","meta":{"jetpack_post_was_ever_published":false,"_jetpack_newsletter_access":"","_jetpack_dont_email_post_to_subs":false,"_jetpack_newsletter_tier_id":0,"_jetpack_memberships_contains_paywalled_content":false,"_jetpack_memberships_contains_paid_content":false,"footnotes":"","jetpack_publicize_message":"","jetpack_publicize_feature_enabled":true,"jetpack_social_post_already_shared":true,"jetpack_social_options":{"image_generator_settings":{"template":"highway","default_image_id":0,"font":"","enabled":false},"version":2}},"categories":[10],"tags":[3776,19292,55641,933,1499,1498,18216,1757,17126],"class_list":["post-219733","post","type-post","status-publish","format-standard","has-post-thumbnail","hentry","category-dunya","tag-3776","tag-azerbaycanda","tag-baglantisizlar","tag-bakani","tag-cavusoglu","tag-disisleri","tag-hareketi","tag-katildi","tag-zirvesine"],"jetpack_publicize_connections":[],"jetpack_featured_media_url":"https:\/\/i0.wp.com\/www.tvturk.com\/wp-content\/uploads\/2019\/10\/disisleri-bakani-cavusoglu-azerbaycanda-baglantisizlar-hareketi-18-zirvesine-katildi_3a3d6ab.jpg?fit=1000%2C612","jetpack_sharing_enabled":true,"jetpack_shortlink":"https:\/\/wp.me\/paKIfm-Va5","_links":{"self":[{"href":"http:\/\/www.tvturk.com\/index.php\/wp-json\/wp\/v2\/posts\/219733","targetHints":{"allow":["GET"]}}],"collection":[{"href":"http:\/\/www.tvturk.com\/index.php\/wp-json\/wp\/v2\/posts"}],"about":[{"href":"http:\/\/www.tvturk.com\/index.php\/wp-json\/wp\/v2\/types\/post"}],"author":[{"embeddable":true,"href":"http:\/\/www.tvturk.com\/index.php\/wp-json\/wp\/v2\/users\/1"}],"replies":[{"embeddable":true,"href":"http:\/\/www.tvturk.com\/index.php\/wp-json\/wp\/v2\/comments?post=219733"}],"version-history":[{"count":0,"href":"http:\/\/www.tvturk.com\/index.php\/wp-json\/wp\/v2\/posts\/219733\/revisions"}],"wp:featuredmedia":[{"embeddable":true,"href":"http:\/\/www.tvturk.com\/index.php\/wp-json\/wp\/v2\/media\/219734"}],"wp:attachment":[{"href":"http:\/\/www.tvturk.com\/index.php\/wp-json\/wp\/v2\/media?parent=219733"}],"wp:term":[{"taxonomy":"category","embeddable":true,"href":"http:\/\/www.tvturk.com\/index.php\/wp-json\/wp\/v2\/categories?post=219733"},{"taxonomy":"post_tag","embeddable":true,"href":"http:\/\/www.tvturk.com\/index.php\/wp-json\/wp\/v2\/tags?post=219733"}],"curies":[{"name":"wp","href":"https:\/\/api.w.org\/{rel}","templated":true}]}}