{"id":219753,"date":"2019-10-25T12:16:54","date_gmt":"2019-10-25T09:16:54","guid":{"rendered":"http:\/\/www.tvturk.com\/index.php\/7-yasindaki-yusufun-yardim-cigligi\/"},"modified":"2019-10-25T12:16:54","modified_gmt":"2019-10-25T09:16:54","slug":"7-yasindaki-yusufun-yardim-cigligi","status":"publish","type":"post","link":"http:\/\/www.tvturk.com\/index.php\/7-yasindaki-yusufun-yardim-cigligi\/","title":{"rendered":"7 ya\u015f\u0131ndaki Yusuf\u2019un \u2018yard\u0131m\u2019 \u00e7\u0131\u011fl\u0131\u011f\u0131"},"content":{"rendered":"<p>Diyarbak\u0131r\u2019da, 7 y\u0131l \u00f6nce omurilik zarlar\u0131 ve sinirlerinin bir kese halinde belinden d\u0131\u015far\u0131 do\u011fru do\u011fan Yusuf \u00c7elik, hen\u00fcz 7 g\u00fcnl\u00fckken ameliyat masas\u0131na yatt\u0131. Ameliyat sonras\u0131 y\u00fcr\u00fcyemez duruma gelen \u00c7elik, arkada\u015flar\u0131 gibi gezip oyun oynayaca\u011f\u0131 g\u00fcn\u00fcn hayalini kuruyor.<\/p>\n<p>Hani il\u00e7esinde ya\u015fayan ve 10 y\u0131ll\u0131k evli olan Remzi-Sabiha \u00c7elik \u00e7iftinin 7 y\u0131l \u00f6nce Yusuf ismini verdikleri \u00e7ocuklar\u0131 d\u00fcnyaya geldi. Omurilik zarlar\u0131 ve sinirlerinin bir kese halinde belden d\u0131\u015far\u0131 do\u011fan Yusuf, hen\u00fcz 7 g\u00fcnl\u00fckken hastal\u0131\u011f\u0131 nedeniyle b\u0131\u00e7ak alt\u0131na yatt\u0131. Ameliyat sonras\u0131 Yusuf, sa\u011f ve sol ayaklar\u0131n\u0131 bilekten sonra hissetmezken, idrar ve d\u0131\u015fk\u0131s\u0131n\u0131 tutamama durumlar\u0131 ile kar\u015f\u0131 kar\u015f\u0131ya kald\u0131.<\/p>\n<p>Her g\u00fcn 3 kere okula giden anne, o\u011flunun alt\u0131n\u0131 de\u011fi\u015ftiriyor<\/p>\n<p>\u015eimdilerde 7 ya\u015f\u0131nda olan ve ilkokula ba\u015flayan Yusuf\u2019un annesi, her g\u00fcn 3 defa okula giderek o\u011flunun alt\u0131n\u0131 de\u011fi\u015ftiriyor. Ya\u015f\u0131tlar\u0131 gibi ko\u015fup oyun oynayaca\u011f\u0131 g\u00fcn\u00fcn hayalini kuran \u00c7elik, Cumhurba\u015fkan\u0131 Recep Tayyip Erdo\u011fan\u2019\u0131n sesini duymas\u0131n\u0131 ve kendilerine yard\u0131m etmesini bekliyor.<\/p>\n<p>Ya\u015fad\u0131\u011f\u0131 s\u00fcre\u00e7le ilgili \u0130hlas Haber Ajans\u0131 (\u0130HA) muhabirine konu\u015fan baba Remzi \u00c7elik, o\u011flunun tedavisi i\u00e7in Diyarbak\u0131r\u2019a yerle\u015fti\u011fini belirterek, maddi s\u0131k\u0131nt\u0131lardan dolay\u0131 tedaviye devam edemediklerini s\u00f6yledi. \u00c7elik, \u201c7 y\u0131l \u00f6nce o\u011flum do\u011farken s\u0131rt\u0131nda bir kese vard\u0131, ben devlet hastanesine gittim. Bana o\u011flumun ameliyat olmas\u0131 gerekti\u011fini s\u00f6ylediler. 7 g\u00fcnl\u00fckken \u00e7ocuk ameliyat oldu, durumu ortada. Sa\u011f aya\u011f\u0131 bilekten a\u015fa\u011f\u0131 hissetmiyor, alt\u0131n\u0131 hissetmiyor. Biz \u00e7ocuk i\u00e7in k\u00f6yden geldik, normalde Hani il\u00e7esinde kal\u0131yorum. Bu \u00e7ocu\u011fun fizik tedavisi i\u00e7in kalk\u0131p Diyarbak\u0131r merkeze geldim, 15 ayd\u0131r gelmi\u015fim \u00e7al\u0131\u015fmad\u0131\u011f\u0131mdan dolay\u0131 kiralar\u0131m da birikti, ma\u011fduruz. Omurili\u011fin erken do\u011fmas\u0131 ile s\u0131rt\u0131nda bir leke olu\u015ftu, ameliyat sonras\u0131 da ba\u015far\u0131l\u0131 ge\u00e7tiklerini s\u00f6ylediler. O\u011flumu Adana\u2019ya g\u00f6t\u00fcrd\u00fcm, fizik tedavi ile iyile\u015febileceklerini s\u00f6ylediler. 5 y\u0131ld\u0131r fizi\u011fe gidiyor ama de\u011fi\u015fen bir \u015fey yok.  Ben \u00e7ocu\u011fumun iyile\u015fmesini istiyorum, okula gidiyor alt\u0131n\u0131 hissetmedi\u011fin i\u00e7in s\u00fcrekli alt\u0131n\u0131 de\u011fi\u015ftiriyoruz, her g\u00fcn gidip gelmekte s\u0131k\u0131nt\u0131 \u00e7ekiyoruz, gidip gelemiyoruz. O\u011flumda bez ba\u011flamaktan rahats\u0131z\u201d dedi.<\/p>\n<p>\u201cO\u011flumun iyile\u015fmesini istiyorum\u201d<\/p>\n<p>Anne Sabiha \u00c7elik ise o\u011flunun tedavisi i\u00e7in Hani il\u00e7esinden Diyarbak\u0131r\u2019a yerle\u015ftiklerini s\u00f6yledi. Anne \u00c7elik, \u201cDo\u011fuma 1 ay kala hastaneye gittim, belinin su toplad\u0131klar\u0131n\u0131 ve belinde kese olduklar\u0131n\u0131 s\u00f6ylediler. Do\u011fum yaparken bu halde do\u011fdu, doktorlar do\u011far do\u011fmaz kuca\u011f\u0131ma almadan hastaneye g\u00f6t\u00fcrmem gerekti\u011fini s\u00f6ylediler. Bende korktum hemen oradan hastaneye g\u00f6t\u00fcrd\u00fcm, doktorlar ameliyat olmas\u0131 gerekti\u011fini s\u00f6yledi. 7 g\u00fcnl\u00fckken ameliyat oldu. Alt\u0131n\u0131 hissetmiyor, bez ba\u011fl\u0131yoruz, okula ba\u015flad\u0131\u011f\u0131 zamandan beri her g\u00fcn okula bez g\u00f6t\u00fcrerek alt\u0131n\u0131 de\u011fi\u015ftiriyorum. Ko\u015fam\u0131yor, oynayam\u0131yor okuldaki \u00e7ocuklar\u0131n kendisiyle dalga ge\u00e7ti\u011fini sakat oldu\u011funu s\u00f6yl\u00fcyorlar. Buradan Cumhurba\u015fkan\u0131m\u0131za sesleniyorum, iyile\u015fme \u015fans\u0131 varsa mutlaka destek bekliyoruz, yard\u0131m bekliyoruz. Maddi durumumuz \u00e7ok k\u00f6t\u00fc, e\u015fim son 6 ayd\u0131r \u00e7al\u0131\u015fm\u0131yor, baya kiram\u0131z da birikti biz o\u011flumun iyile\u015fmesini istiyoruz, biz onun i\u00e7in k\u00f6yden buraya geldik, iyile\u015firse k\u00f6ye tekrar d\u00f6nmek istiyoruz\u201d diye konu\u015ftu.<\/p>\n<p>\u201cKo\u015fmak, arkada\u015flar\u0131mla oynamak istiyorum\u201d<\/p>\n<p>7 ya\u015f\u0131ndaki Yusuf \u00c7elik ise Cumhurba\u015fkan\u0131 Erdo\u011fan\u2019a seslenerek ko\u015fmak, arkada\u015flar\u0131yla oynamak istedi\u011fini s\u00f6yledi. \u00c7elik, \u201c7 ya\u015f\u0131nday\u0131m herkes sakat oldu\u011fumu s\u00f6yl\u00fcyor, y\u00fcr\u00fcmek, ko\u015fmak istiyorum. Arkada\u015flar\u0131m ko\u015fuyor, oynuyor, ben ko\u015fam\u0131yorum arkada\u015flar\u0131m\u0131 \u00f6zl\u00fcyorum. Beni iyile\u015ftirin\u201d \u015feklinde konu\u015ftu.<\/p>\n","protected":false},"excerpt":{"rendered":"<p>D\u0130YARBAKIR\u2019DA, 7 YIL \u00d6NCE OMUR\u0130L\u0130K ZARLARI VE S\u0130N\u0130RLER\u0130N\u0130N B\u0130R KESE HAL\u0130NDE BEL\u0130NDEN DI\u015eARI DO\u011eRU DO\u011eAN YUSUF \u00c7EL\u0130K, HEN\u00dcZ 7 G\u00dcNL\u00dcKKEN AMEL\u0130YAT MASASINA YATTI. AMEL\u0130YAT SONRASI Y\u00dcR\u00dcYEMEZ DURUMU GELEN \u00c7EL\u0130K, ARKADA\u015eLARI G\u0130B\u0130 GEZ\u0130P OYUN OYNAYACA\u011eI G\u00dcN\u00dcN HAYAL\u0130N\u0130 KURUYOR.<\/p>\n","protected":false},"author":1,"featured_media":219754,"comment_status":"closed","ping_status":"open","sticky":false,"template":"","format":"standard","meta":{"jetpack_post_was_ever_published":false,"_jetpack_newsletter_access":"","_jetpack_dont_email_post_to_subs":false,"_jetpack_newsletter_tier_id":0,"_jetpack_memberships_contains_paywalled_content":false,"_jetpack_memberships_contains_paid_content":false,"footnotes":"","jetpack_publicize_message":"","jetpack_publicize_feature_enabled":true,"jetpack_social_post_already_shared":true,"jetpack_social_options":{"image_generator_settings":{"template":"highway","default_image_id":0,"font":"","enabled":false},"version":2}},"categories":[1],"tags":[18317,1736,1063,17817],"class_list":["post-219753","post","type-post","status-publish","format-standard","has-post-thumbnail","hentry","category-genel","tag-cigligi","tag-yardim","tag-yasindaki","tag-yusufun"],"jetpack_publicize_connections":[],"jetpack_featured_media_url":"https:\/\/i0.wp.com\/www.tvturk.com\/wp-content\/uploads\/2019\/10\/7-yasindaki-yusufun-yardim-cigligi_8950313.jpg?fit=1000%2C666","jetpack_sharing_enabled":true,"jetpack_shortlink":"https:\/\/wp.me\/paKIfm-Vap","_links":{"self":[{"href":"http:\/\/www.tvturk.com\/index.php\/wp-json\/wp\/v2\/posts\/219753","targetHints":{"allow":["GET"]}}],"collection":[{"href":"http:\/\/www.tvturk.com\/index.php\/wp-json\/wp\/v2\/posts"}],"about":[{"href":"http:\/\/www.tvturk.com\/index.php\/wp-json\/wp\/v2\/types\/post"}],"author":[{"embeddable":true,"href":"http:\/\/www.tvturk.com\/index.php\/wp-json\/wp\/v2\/users\/1"}],"replies":[{"embeddable":true,"href":"http:\/\/www.tvturk.com\/index.php\/wp-json\/wp\/v2\/comments?post=219753"}],"version-history":[{"count":0,"href":"http:\/\/www.tvturk.com\/index.php\/wp-json\/wp\/v2\/posts\/219753\/revisions"}],"wp:featuredmedia":[{"embeddable":true,"href":"http:\/\/www.tvturk.com\/index.php\/wp-json\/wp\/v2\/media\/219754"}],"wp:attachment":[{"href":"http:\/\/www.tvturk.com\/index.php\/wp-json\/wp\/v2\/media?parent=219753"}],"wp:term":[{"taxonomy":"category","embeddable":true,"href":"http:\/\/www.tvturk.com\/index.php\/wp-json\/wp\/v2\/categories?post=219753"},{"taxonomy":"post_tag","embeddable":true,"href":"http:\/\/www.tvturk.com\/index.php\/wp-json\/wp\/v2\/tags?post=219753"}],"curies":[{"name":"wp","href":"https:\/\/api.w.org\/{rel}","templated":true}]}}