{"id":219801,"date":"2019-10-25T13:03:30","date_gmt":"2019-10-25T10:03:30","guid":{"rendered":"http:\/\/www.tvturk.com\/index.php\/metin-sahin-2020-yilinda-tokyo-ay-yildizli-bayragimizin-gondere-cekildigi-bir-yer-olsun\/"},"modified":"2019-10-25T13:03:30","modified_gmt":"2019-10-25T10:03:30","slug":"metin-sahin-2020-yilinda-tokyo-ay-yildizli-bayragimizin-gondere-cekildigi-bir-yer-olsun","status":"publish","type":"post","link":"http:\/\/www.tvturk.com\/index.php\/metin-sahin-2020-yilinda-tokyo-ay-yildizli-bayragimizin-gondere-cekildigi-bir-yer-olsun\/","title":{"rendered":"Metin \u015eahin: \u201c2020 y\u0131l\u0131nda Tokyo, ay-y\u0131ld\u0131zl\u0131 bayra\u011f\u0131m\u0131z\u0131n g\u00f6ndere \u00e7ekildi\u011fi bir yer olsun\u201d"},"content":{"rendered":"<p>T\u00fcrkiye Tekvando Federasyonu Ba\u015fkan\u0131 Metin \u015eahin, \u201c2020 y\u0131l\u0131nda Tokyo, ay-y\u0131ld\u0131zl\u0131 bayra\u011f\u0131m\u0131z\u0131n g\u00f6ndere \u00e7ekildi\u011fi bir yer olsun\u201d dedi.<\/p>\n<p>Milli tekvandocular \u0130rem Yaman ve Hatice K\u00fcbra \u0130lg\u00fcn\u2019\u00fcn kar\u015f\u0131 kar\u015f\u0131ya geldi\u011fi m\u00fcsabaka sonras\u0131nda bas\u0131n mensuplar\u0131n\u0131n sorular\u0131n\u0131 yan\u0131tlayan T\u00fcrkiye Tekvando Federasyonu Ba\u015fkan\u0131 Metin \u015eahin, \u201cSporcu sahada iyi oldu\u011fu s\u00fcrece \u00fclkesine madalya kazand\u0131rabilir\u201d ifadelerini kulland\u0131.<\/p>\n<p>\u201c\u0130ki T\u00fcrk evlad\u0131n\u0131n ayn\u0131 seviyeye gelip olimpiyat kotas\u0131n\u0131n i\u00e7inde olmas\u0131 bizim en b\u00fcy\u00fck gururumuzdur\u201d<\/p>\n<p>\u0130ki sporcu aras\u0131ndaki haks\u0131zl\u0131\u011f\u0131 \u00f6nlemek amac\u0131yla b\u00f6yle bir se\u00e7me m\u00fcsabakas\u0131 d\u00fczenlediklerini belirten Federasyon Ba\u015fkan\u0131 Metin \u015eahin, bunu uygulayan\u0131n G\u00fcney Kore ve T\u00fcrkiye oldu\u011funu s\u00f6yledi. \u015eahin, \u201cTokyo Olimpiyatlar\u0131\u2019na k\u0131sa bir s\u00fcre var. En \u00f6nemlisi d\u00fcnyada 205 \u00fclkenin m\u00fccadele etti\u011fi olimpiyatlara kota alabilmek i\u00e7in \u00fclkelerin yar\u0131\u015ft\u0131\u011f\u0131 bu s\u00fcre\u00e7te iki T\u00fcrk evlad\u0131n\u0131n ayn\u0131 seviyeye gelip olimpiyat kotas\u0131n\u0131n i\u00e7inde olmas\u0131 bizim en b\u00fcy\u00fck gururumuzdur. Fakat \u00f6yle ki, iki sporcumuz da olimpiyat kotalar\u0131n\u0131n belirlenece\u011fi, Aral\u0131k ay\u0131ndaki finale k\u0131sa bir s\u00fcre kala puan ve ba\u015far\u0131 olarak ayn\u0131 duruma gelmi\u015fler. Burada yap\u0131lacak \u015fey b\u00fct\u00fcn uluslararas\u0131 alanda yap\u0131ld\u0131\u011f\u0131 gibi, di\u011fer \u00fclkelerinde uygulad\u0131\u011f\u0131 gibi sadece bir ma\u00e7l\u0131k olan Avrupa Ekstra \u015eampiyonas\u0131\u2019na bir sporcunun gitmesi gerekiyor. Sporcular\u0131m\u0131z di\u011fer yar\u0131\u015fmalara kota i\u00e7erisinde oldu\u011fu i\u00e7in kat\u0131labiliyor. Burada bir haks\u0131zl\u0131\u011f\u0131 \u00f6nlemek ad\u0131na bir se\u00e7me koyduk. Kim iyi ise o gitsin. Neticede iki sporcumuz da \u00fclkemize b\u00fcy\u00fck ba\u015far\u0131lar kazand\u0131rm\u0131\u015flard\u0131r\u201d \u015feklinde konu\u015ftu.<\/p>\n<p>\u201cSporcu sahada iyi oldu\u011fu s\u00fcrece \u00fclkesine madalya kazand\u0131rabilir\u201d<\/p>\n<p>Tekvandonun nezaket ve sayg\u0131 sporu oldu\u011funu ifade eden Ba\u015fkan \u015eahin, \u201cBa\u015fa ba\u015f ge\u00e7en m\u00fccadeleyi \u0130rem Yaman kazand\u0131. Fakat Hatice K\u00fcbra \u0130lg\u00fcn\u2019\u00fcn ayn\u0131 \u015fekilde iddias\u0131n\u0131 s\u00fcrd\u00fcr\u00fcyor. \u015eunu istiyoruz; sporcu sahada iyi oldu\u011fu s\u00fcrece \u00fclkesine madalya kazand\u0131rabilir. Onun i\u00e7in bundan sonra yap\u0131lacak olan Grand Prix finalinde daha ba\u015far\u0131l\u0131 olan olimpiyata direkt gidecek. Ben tekvandonun nezaket ve sayg\u0131 sporu oldu\u011funu her zaman ifade ediyorum. Sporcular\u0131m\u0131z sahada var\u0131n\u0131 yo\u011funu ortaya koydular. Ama m\u00fccadele sonunda kucakla\u015ft\u0131lar. T\u00fcrkiye i\u00e7in m\u00fccadeleyi devam ettirme s\u00f6z\u00fc verdiler. Bu sebepten \u00e7ok mutluyum\u201d diye konu\u015ftu.<\/p>\n<p>\u201c2020 y\u0131l\u0131nda Tokyo, ay-y\u0131ld\u0131zl\u0131 bayra\u011f\u0131m\u0131z\u0131n g\u00f6ndere \u00e7ekildi\u011fi bir yer olsun\u201d<\/p>\n<p>D\u00fcnya ve Avrupa \u015fampiyonalar\u0131nda b\u00fcy\u00fck ba\u015far\u0131lar elde edildi\u011fini vurgulayan T\u00fcrkiye Tekvando Federasyonu Ba\u015fkan\u0131, \u201c2020 Tokyo\u2019da iddial\u0131y\u0131z. 4 sporcu ile kotaday\u0131z. \u00c7ok iyi bir sonu\u00e7 ortaya \u00e7\u0131kaca\u011f\u0131na inan\u0131yorum. D\u00fcnyan\u0131n en iyi tak\u0131mlar\u0131n\u0131 yendik. D\u00fcnya ve Avrupa \u015fampiyonalar\u0131nda b\u00fcy\u00fck ba\u015far\u0131lar elde ettik. B\u00fct\u00fcn bu ba\u015far\u0131lar\u0131n \u0131\u015f\u0131\u011f\u0131nda milletimizi sevindirmeye devam edece\u011fiz. 2020 y\u0131l\u0131nda Tokyo, ay y\u0131ld\u0131zl\u0131 bayra\u011f\u0131m\u0131z\u0131n g\u00f6ndere \u00e7ekildi\u011fi bir yer olsun\u201d diyerek s\u00f6zlerini sonland\u0131rd\u0131.<\/p>\n","protected":false},"excerpt":{"rendered":"<p>T\u00dcRK\u0130YE TEKVANDO FEDERASYONU BA\u015eKANI MET\u0130N \u015eAH\u0130N, \u201c2020 YILINDA TOKYO, AY YILDIZLI BAYRA\u011eIMIZIN G\u00d6NDERE \u00c7EK\u0130LD\u0130\u011e\u0130 B\u0130R YER OLSUN\u201d DED\u0130.<\/p>\n","protected":false},"author":1,"featured_media":219802,"comment_status":"closed","ping_status":"open","sticky":false,"template":"","format":"standard","meta":{"jetpack_post_was_ever_published":false,"_jetpack_newsletter_access":"","_jetpack_dont_email_post_to_subs":false,"_jetpack_newsletter_tier_id":0,"_jetpack_memberships_contains_paywalled_content":false,"_jetpack_memberships_contains_paid_content":false,"footnotes":"","jetpack_publicize_message":"","jetpack_publicize_feature_enabled":true,"jetpack_social_post_already_shared":true,"jetpack_social_options":{"image_generator_settings":{"template":"highway","default_image_id":0,"font":"","enabled":false},"version":2}},"categories":[657],"tags":[11539,25917,55660,125,42149,38015,6345,6245,1863,2688,4243,6266],"class_list":["post-219801","post","type-post","status-publish","format-standard","has-post-thumbnail","hentry","category-spor","tag-11539","tag-ay-yildizli","tag-bayragimizin","tag-bir","tag-cekildigi","tag-gondere","tag-metin","tag-olsun","tag-sahin","tag-tokyo","tag-yer","tag-yilinda"],"jetpack_publicize_connections":[],"jetpack_featured_media_url":"https:\/\/i0.wp.com\/www.tvturk.com\/wp-content\/uploads\/2019\/10\/metin-sahin-2020-yilinda-tokyo-ay-yildizli-bayragimizin-gondere-cekildigi-bir-yer-olsun_0aefd1d.jpg?fit=1000%2C692","jetpack_sharing_enabled":true,"jetpack_shortlink":"https:\/\/wp.me\/paKIfm-Vbb","_links":{"self":[{"href":"http:\/\/www.tvturk.com\/index.php\/wp-json\/wp\/v2\/posts\/219801","targetHints":{"allow":["GET"]}}],"collection":[{"href":"http:\/\/www.tvturk.com\/index.php\/wp-json\/wp\/v2\/posts"}],"about":[{"href":"http:\/\/www.tvturk.com\/index.php\/wp-json\/wp\/v2\/types\/post"}],"author":[{"embeddable":true,"href":"http:\/\/www.tvturk.com\/index.php\/wp-json\/wp\/v2\/users\/1"}],"replies":[{"embeddable":true,"href":"http:\/\/www.tvturk.com\/index.php\/wp-json\/wp\/v2\/comments?post=219801"}],"version-history":[{"count":0,"href":"http:\/\/www.tvturk.com\/index.php\/wp-json\/wp\/v2\/posts\/219801\/revisions"}],"wp:featuredmedia":[{"embeddable":true,"href":"http:\/\/www.tvturk.com\/index.php\/wp-json\/wp\/v2\/media\/219802"}],"wp:attachment":[{"href":"http:\/\/www.tvturk.com\/index.php\/wp-json\/wp\/v2\/media?parent=219801"}],"wp:term":[{"taxonomy":"category","embeddable":true,"href":"http:\/\/www.tvturk.com\/index.php\/wp-json\/wp\/v2\/categories?post=219801"},{"taxonomy":"post_tag","embeddable":true,"href":"http:\/\/www.tvturk.com\/index.php\/wp-json\/wp\/v2\/tags?post=219801"}],"curies":[{"name":"wp","href":"https:\/\/api.w.org\/{rel}","templated":true}]}}