{"id":219825,"date":"2019-10-25T13:32:35","date_gmt":"2019-10-25T10:32:35","guid":{"rendered":"http:\/\/www.tvturk.com\/index.php\/adalet-bakani-gulden-abdye-terorist-mazlum-kobaninin-iadesi-cagrisi\/"},"modified":"2019-10-25T13:32:35","modified_gmt":"2019-10-25T10:32:35","slug":"adalet-bakani-gulden-abdye-terorist-mazlum-kobaninin-iadesi-cagrisi","status":"publish","type":"post","link":"http:\/\/www.tvturk.com\/index.php\/adalet-bakani-gulden-abdye-terorist-mazlum-kobaninin-iadesi-cagrisi\/","title":{"rendered":"Adalet Bakan\u0131 G\u00fcl\u2019den ABD\u2019ye ter\u00f6rist Mazlum Kobani\u2019nin iadesi \u00e7a\u011fr\u0131s\u0131"},"content":{"rendered":"<p>\u015eanl\u0131urfa\u2019n\u0131n Suriye s\u0131n\u0131r\u0131ndaki Ak\u00e7akale il\u00e7esinde hakim ve savc\u0131larla toplant\u0131 yapan Adalet Bakan\u0131 Abdulhamit G\u00fcl, ABD\u2019ye, Mazlum Kobani kod adl\u0131 ter\u00f6rist \u015eahin Ferhat Abdi\u2019nin ABD\u2019ye girdi\u011finde yakalanarak T\u00fcrkiye\u2019ye iade edilmesi konusunda \u00e7a\u011fr\u0131da bulundu.<\/p>\n<p>Ak\u00e7akale\u2019de hakim ve savc\u0131larla yapt\u0131\u011f\u0131 toplant\u0131n\u0131n ard\u0131ndan gazetecilere a\u00e7\u0131klamada bulunan Adalet Bakan\u0131 Abdulhamit G\u00fcl, gazetecilerin Mazlum Kobani ile ilgili sorular\u0131na cevap verdi. K\u0131rm\u0131z\u0131 b\u00fclten uygulamas\u0131n\u0131 hat\u0131rlatan G\u00fcl, &#8220;Ter\u00f6r eleba\u015f\u0131yla ilgili yarg\u0131 makamlar\u0131nda yakalama, tutuklama karar\u0131 \u00e7\u0131kar\u0131ld\u0131. K\u0131rm\u0131z\u0131 b\u00fclten \u00e7\u0131kart\u0131ld\u0131. 196 \u00fclkede ge\u00e7erlidir. ABD de bu k\u0131rm\u0131z\u0131 b\u00fclten uygulamas\u0131na anla\u015fmaya dahil olan \u00fclkelerdendir. Tekrar d\u00fcn Bakanl\u0131\u011f\u0131m\u0131z taraf\u0131ndan \u0130\u00e7i\u015fleri Bakanl\u0131\u011f\u0131 \u00fczerinden ABD\u2019ye muhataplar\u0131na tekrar iletilmi\u015ftir. Bu ki\u015fiyle ilgili hi\u00e7bir \u015fekilde ABD birmey\u015fik devletlerinin temasa ge\u00e7memesi, ABD\u2019ye girmesi halinde ise k\u0131rm\u0131z\u0131 b\u00fcltenle arand\u0131\u011f\u0131 ve hakk\u0131nda yakalama karar\u0131 olmas\u0131 nedeniyle yakalan\u0131p, T\u00fcrkiye\u2019ye iade edilmesi gerekmektedir. Bu konudaki hat\u0131rlatmalar d\u00fcn de yap\u0131lm\u0131\u015ft\u0131r, zaten hakk\u0131nda karar vard\u0131r. ABD\u2019nin. hem k\u0131rm\u0131z\u0131 b\u00fclten anla\u015fmas\u0131 hem uluslararas\u0131 su\u00e7lular\u0131n kar\u015f\u0131l\u0131kl\u0131 iadesi ile ilgili s\u00f6zle\u015fme kapsam\u0131nda ABD\u2019nin bu ter\u00f6r eleba\u015f\u0131n\u0131, y\u00f6neticisini, T\u00fcrkiye\u2019ye iadesi gerekmektedir&#8221; diye konu\u015ftu.<\/p>\n","protected":false},"excerpt":{"rendered":"<p>\u015eANLIURFA&#8217;NIN SUR\u0130YE SINIRINDAK\u0130 AK\u00c7AKALE \u0130L\u00c7ES\u0130NDE HAK\u0130M VE SAVCILARLA TOPLANTI YAPAN ADALET BAKANI ABDULHAM\u0130T G\u00dcL, ABD&#8217;YE, MAZLUM KOBAN\u0130 KOD ADLI TER\u00d6R\u0130ST \u015eAH\u0130N FERHAT ABD\u0130&#8217;N\u0130N ABD&#8217;YE G\u0130RD\u0130\u011e\u0130NDE YAKALANARAK T\u00dcRK\u0130YE&#8217;YE \u0130ADE ED\u0130LMES\u0130 KONUSUNDA \u00c7A\u011eRIDA BULUNDU.<\/p>\n","protected":false},"author":1,"featured_media":219826,"comment_status":"closed","ping_status":"open","sticky":false,"template":"","format":"standard","meta":{"jetpack_post_was_ever_published":false,"_jetpack_newsletter_access":"","_jetpack_dont_email_post_to_subs":false,"_jetpack_newsletter_tier_id":0,"_jetpack_memberships_contains_paywalled_content":false,"_jetpack_memberships_contains_paid_content":false,"footnotes":"","jetpack_publicize_message":"","jetpack_publicize_feature_enabled":true,"jetpack_social_post_already_shared":true,"jetpack_social_options":{"image_generator_settings":{"template":"highway","default_image_id":0,"font":"","enabled":false},"version":2}},"categories":[1],"tags":[171,18553,933,5140,1721,14494,55663,17649,6958],"class_list":["post-219825","post","type-post","status-publish","format-standard","has-post-thumbnail","hentry","category-genel","tag-adalet","tag-abdye","tag-bakani","tag-cagrisi","tag-gulden","tag-iadesi","tag-kobaninin","tag-mazlum","tag-terorist"],"jetpack_publicize_connections":[],"jetpack_featured_media_url":"https:\/\/i0.wp.com\/www.tvturk.com\/wp-content\/uploads\/2019\/10\/adalet-bakani-gulden-abdye-terorist-mazlum-kobaninin-iadesi-cagrisi_28ac89c.jpg?fit=1000%2C750","jetpack_sharing_enabled":true,"jetpack_shortlink":"https:\/\/wp.me\/paKIfm-Vbz","_links":{"self":[{"href":"http:\/\/www.tvturk.com\/index.php\/wp-json\/wp\/v2\/posts\/219825","targetHints":{"allow":["GET"]}}],"collection":[{"href":"http:\/\/www.tvturk.com\/index.php\/wp-json\/wp\/v2\/posts"}],"about":[{"href":"http:\/\/www.tvturk.com\/index.php\/wp-json\/wp\/v2\/types\/post"}],"author":[{"embeddable":true,"href":"http:\/\/www.tvturk.com\/index.php\/wp-json\/wp\/v2\/users\/1"}],"replies":[{"embeddable":true,"href":"http:\/\/www.tvturk.com\/index.php\/wp-json\/wp\/v2\/comments?post=219825"}],"version-history":[{"count":0,"href":"http:\/\/www.tvturk.com\/index.php\/wp-json\/wp\/v2\/posts\/219825\/revisions"}],"wp:featuredmedia":[{"embeddable":true,"href":"http:\/\/www.tvturk.com\/index.php\/wp-json\/wp\/v2\/media\/219826"}],"wp:attachment":[{"href":"http:\/\/www.tvturk.com\/index.php\/wp-json\/wp\/v2\/media?parent=219825"}],"wp:term":[{"taxonomy":"category","embeddable":true,"href":"http:\/\/www.tvturk.com\/index.php\/wp-json\/wp\/v2\/categories?post=219825"},{"taxonomy":"post_tag","embeddable":true,"href":"http:\/\/www.tvturk.com\/index.php\/wp-json\/wp\/v2\/tags?post=219825"}],"curies":[{"name":"wp","href":"https:\/\/api.w.org\/{rel}","templated":true}]}}