{"id":219896,"date":"2019-10-25T15:16:27","date_gmt":"2019-10-25T12:16:27","guid":{"rendered":"http:\/\/www.tvturk.com\/index.php\/tel-abyadda-bomba-yuklu-arac-patladi\/"},"modified":"2019-10-25T15:16:27","modified_gmt":"2019-10-25T12:16:27","slug":"tel-abyadda-bomba-yuklu-arac-patladi","status":"publish","type":"post","link":"http:\/\/www.tvturk.com\/index.php\/tel-abyadda-bomba-yuklu-arac-patladi\/","title":{"rendered":"Tel Abyad\u2019da bomba y\u00fckl\u00fc ara\u00e7 patlad\u0131"},"content":{"rendered":"<p>Tel Abyad\u2019\u0131n do\u011fusunda bulunan Hamam T\u00fcrkmen k\u00f6y\u00fcnde bomba y\u00fckl\u00fc arac\u0131n patlamas\u0131 sonucu 1 ki\u015fi hayat\u0131n\u0131 kaybetti.<\/p>\n<p>Tel Abyad\u2019\u0131n do\u011fusunda bulunan Hamam T\u00fcrkmen k\u00f6y\u00fcnde bomba y\u00fckl\u00fc ara\u00e7 patlad\u0131. Patlamada 1 ki\u015fi hayat\u0131n\u0131 kaybederken yaral\u0131lar\u0131n da oldu\u011fu \u00f6\u011frenildi. Yaral\u0131lar hastanelerde tedavi alt\u0131na al\u0131nd\u0131.<\/p>\n<p>Yerel kaynaklar, patlaman\u0131n ter\u00f6r \u00f6rg\u00fct\u00fc PKK\/YPG taraf\u0131ndan ger\u00e7ekle\u015ftirildi\u011fini ifade etti.<\/p>\n","protected":false},"excerpt":{"rendered":"<p>TEL ABYAD&#8217;DA BOMBA Y\u00dcKL\u00dc ARA\u00c7 PATLADI<\/p>\n","protected":false},"author":1,"featured_media":219897,"comment_status":"closed","ping_status":"open","sticky":false,"template":"","format":"standard","meta":{"jetpack_post_was_ever_published":false,"_jetpack_newsletter_access":"","_jetpack_dont_email_post_to_subs":false,"_jetpack_newsletter_tier_id":0,"_jetpack_memberships_contains_paywalled_content":false,"_jetpack_memberships_contains_paid_content":false,"footnotes":"","jetpack_publicize_message":"","jetpack_publicize_feature_enabled":true,"jetpack_social_post_already_shared":true,"jetpack_social_options":{"image_generator_settings":{"template":"highway","default_image_id":0,"font":"","enabled":false},"version":2}},"categories":[10],"tags":[54237,1221,4024,3967,1236,1809],"class_list":["post-219896","post","type-post","status-publish","format-standard","has-post-thumbnail","hentry","category-dunya","tag-abyadda","tag-arac","tag-bomba","tag-patladi","tag-tel","tag-yuklu"],"jetpack_publicize_connections":[],"jetpack_featured_media_url":"https:\/\/i0.wp.com\/www.tvturk.com\/wp-content\/uploads\/2019\/10\/tel-abyadda-bomba-yuklu-arac-patladi_d2ec3b3.jpg?fit=1000%2C562","jetpack_sharing_enabled":true,"jetpack_shortlink":"https:\/\/wp.me\/paKIfm-VcI","_links":{"self":[{"href":"http:\/\/www.tvturk.com\/index.php\/wp-json\/wp\/v2\/posts\/219896","targetHints":{"allow":["GET"]}}],"collection":[{"href":"http:\/\/www.tvturk.com\/index.php\/wp-json\/wp\/v2\/posts"}],"about":[{"href":"http:\/\/www.tvturk.com\/index.php\/wp-json\/wp\/v2\/types\/post"}],"author":[{"embeddable":true,"href":"http:\/\/www.tvturk.com\/index.php\/wp-json\/wp\/v2\/users\/1"}],"replies":[{"embeddable":true,"href":"http:\/\/www.tvturk.com\/index.php\/wp-json\/wp\/v2\/comments?post=219896"}],"version-history":[{"count":0,"href":"http:\/\/www.tvturk.com\/index.php\/wp-json\/wp\/v2\/posts\/219896\/revisions"}],"wp:featuredmedia":[{"embeddable":true,"href":"http:\/\/www.tvturk.com\/index.php\/wp-json\/wp\/v2\/media\/219897"}],"wp:attachment":[{"href":"http:\/\/www.tvturk.com\/index.php\/wp-json\/wp\/v2\/media?parent=219896"}],"wp:term":[{"taxonomy":"category","embeddable":true,"href":"http:\/\/www.tvturk.com\/index.php\/wp-json\/wp\/v2\/categories?post=219896"},{"taxonomy":"post_tag","embeddable":true,"href":"http:\/\/www.tvturk.com\/index.php\/wp-json\/wp\/v2\/tags?post=219896"}],"curies":[{"name":"wp","href":"https:\/\/api.w.org\/{rel}","templated":true}]}}