{"id":219902,"date":"2019-10-25T15:17:53","date_gmt":"2019-10-25T12:17:53","guid":{"rendered":"http:\/\/www.tvturk.com\/index.php\/ozel-haber-futbolcularini-tokatlayan-antrenor-ihaya-konustu\/"},"modified":"2019-10-25T15:17:53","modified_gmt":"2019-10-25T12:17:53","slug":"ozel-haber-futbolcularini-tokatlayan-antrenor-ihaya-konustu","status":"publish","type":"post","link":"http:\/\/www.tvturk.com\/index.php\/ozel-haber-futbolcularini-tokatlayan-antrenor-ihaya-konustu\/","title":{"rendered":"(\u00d6zel haber) Futbolcular\u0131n\u0131 tokatlayan antren\u00f6r \u0130HA\u2019ya konu\u015ftu"},"content":{"rendered":"<p>Sosyal medyada soyunma odas\u0131nda futbolcular\u0131na att\u0131\u011f\u0131 tokatla g\u00fcndem olan Antren\u00f6r Halit Kurt, \u201cAlex Ferguson\u2019un da David Beckham\u2019a terlik att\u0131\u011f\u0131n\u0131 biliyoruz. Oyuncular\u0131mla aramda a\u011fabey-baba ili\u015fkisi var\u201d dedi.<\/p>\n<p>Soyunma odas\u0131nda futbolcular\u0131n\u0131 tokatlad\u0131\u011f\u0131 g\u00f6r\u00fcnt\u00fclerin ortaya \u00e7\u0131kmas\u0131yla sosyal medyada g\u00fcndem olan ve tepkileri \u00fczerine \u00e7eken Meysuspor Antren\u00f6r\u00fc Halit Kurt, o g\u00fcn ya\u015fananlar\u0131 \u0130hlas Haber Ajans\u0131\u2019na (\u0130HA) anlatt\u0131. Videonun 3 sezon \u00f6ncesine ait oldu\u011funu s\u00f6yleyen Kurt, \u201cBahsi ge\u00e7en video 3 sezon \u00f6ncesine ait. Meysuspor-Kayseri \u0130dmanyurdu U-19 m\u00fcsabakas\u0131n\u0131n devre aras\u0131 g\u00f6r\u00fcnt\u00fcleri. Orada olan bir oyuncu \u00e7ekmi\u015f. Kendi aralar\u0131nda \u00f6yle duruyordu ama bug\u00fcn servis edilmesi bana \u00e7ok manidar geldi. 3-1 ma\u011flup durumda soyunma odas\u0131na girmi\u015ftik. Soyunma odas\u0131nda bir \u015fekilde tak\u0131ma m\u00fcdahale etmem gerekiyordu ki bu \u015fekilde etmi\u015f oldum. Ma\u00e7\u0131 da 5-3 biz kazand\u0131k. \u0130\u015fin oras\u0131nda de\u011filim ama bazen antren\u00f6r\u00fcn bir yapt\u0131r\u0131m\u0131 ya da disiplin anlay\u0131\u015f\u0131yla ilgili tezah\u00fcrleri olabiliyor. Bu da onlardan biri. Oyuncular\u0131m\u0131n tamam\u0131yla bir aile ortam\u0131nda g\u00f6r\u00fc\u015f\u00fcyoruz. Y\u0131llard\u0131r bir aile ortam\u0131nda \u00e7al\u0131\u015f\u0131yoruz. 25 y\u0131ll\u0131k antren\u00f6rl\u00fck hayat\u0131mda bu hep b\u00f6yle oldu. \u0130lk g\u00fcnki ba\u015flad\u0131\u011f\u0131m heyecanla ayn\u0131 bu i\u015fi s\u00fcrd\u00fcr\u00fcyorum. Fatih Terim\u2019in dedi\u011fi gibi; \u2019disiplin avucunuzdaki ku\u015fa benzer, b\u0131rak\u0131rsan\u0131z ka\u00e7ar, s\u0131karsan\u0131z \u00f6l\u00fcr.\u2019 Antrenmanlarda da bazen ko\u015fu, \u015f\u0131nav cezas\u0131 ve antrenmandan g\u00f6nderme gibi cezalar olabiliyor ama bu m\u00fcsabaka esnas\u0131 oldu\u011fu i\u00e7in devre aras\u0131nda \u00f6yle bir durum oldu. Bu anlamda \u00f6z\u00fcr diliyorum. \u00d6zellikle orada ge\u00e7en 2 kelime i\u00e7in\u201d ifadelerini kulland\u0131.<\/p>\n<p>&#8220;Alex Ferguson\u2019un da David Beckham\u2019a terlik att\u0131&#8221;<\/p>\n<p>G\u00f6r\u00fcnt\u00fclerin ortaya \u00e7\u0131kmas\u0131n\u0131n ard\u0131ndan oyuncular\u0131n\u0131n kendisinin yan\u0131nda oldu\u011funu dile getirdi\u011fini s\u00f6yleyen Halit Kurt, \u201cBug\u00fcn benim konumumda olan ve benden \u00f6nceki jenerasyonda mevcutta bulunan bir\u00e7ok antren\u00f6r\u00fcn zaman zaman ba\u015fvurdu\u011fu bir y\u00f6ntem. Alex Ferguson\u2019un da David Beckham\u2019a terlik att\u0131\u011f\u0131n\u0131 biliyoruz. Zaman zaman Fatih Terim\u2019in de b\u00f6yle \u015feyler yapabildi\u011fi s\u00f6yleniyor. Oyuncular\u0131m\u0131n aileleri birlikte yan\u0131mda oldu\u011funu bilmem beni mutlu etti. Bug\u00fcn telefonlar\u0131m da hi\u00e7 susmad\u0131. Gerek sosyal medyadan yazarak gerek bizzat arayarak benimle ilgili olan olumlu d\u00fc\u015f\u00fcncelerini belirtmeleri beni memnun etti. Orada \u00f6zellikle \u00f6lm\u00fc\u015f anneme k\u00fcfredenler de var. Onlar\u0131 tespit ettim, gerekli hukuki s\u00fcreci ba\u015flataca\u011f\u0131m. Benim \u00f6yle yap\u0131yor olmam, kimsenin bana k\u00fcf\u00fcr etmesi hakk\u0131n\u0131 vermez. \u00c7\u00fcnk\u00fc oyuncular\u0131m\u0131 seviyorum. Oyuncudan ziyade a\u011fabey, baba ili\u015fkisi var. Aya\u011f\u0131 al\u00e7\u0131ya al\u0131nan bir oyuncumu 3. kata s\u0131rt\u0131mda \u00e7\u0131kard\u0131\u011f\u0131m\u0131 bilirim. Olmamas\u0131 gereken bir \u015feydi ama ma\u00e7ta oldu. Normalde bir evli \u00e7iftin yatak odas\u0131 nas\u0131l mahremiyeti ise soyunma odas\u0131 da bir antren\u00f6r\u00fcn mahremiyetidir. Orada ma\u00e7\u0131 kazanmak ad\u0131na, kupay\u0131 almak ad\u0131na b\u00f6yle bir tak\u0131m durumlar olabiliyor. Dedi\u011fim gibi bu bir\u00e7ok teknik adam\u0131n ba\u015fvurdu\u011fu bir y\u00f6ntemdir. \u015eimdi biz g\u00fcnah ke\u00e7isi olduk\u201d \u015feklinde konu\u015ftu.<\/p>\n","protected":false},"excerpt":{"rendered":"<p>SOSYAL MEDYADA FUTBOLCULARA ATTI\u011eI TOKATLA G\u00dcNDEM OLAN ANTREN\u00d6R HAL\u0130T KURT, \u201cALEX FERGUSON\u2019UN DA DAV\u0130D BECKHAM\u2019A TERL\u0130K ATTI\u011eINI DA B\u0130L\u0130YORUZ. OYUNCULARIMDA, OYUNCUDAN Z\u0130YADE A\u011eABEY, BABA \u0130L\u0130\u015eK\u0130S\u0130 VAR\u201d DED\u0130.<\/p>\n","protected":false},"author":1,"featured_media":219903,"comment_status":"closed","ping_status":"open","sticky":false,"template":"","format":"standard","meta":{"jetpack_post_was_ever_published":false,"_jetpack_newsletter_access":"","_jetpack_dont_email_post_to_subs":false,"_jetpack_newsletter_tier_id":0,"_jetpack_memberships_contains_paywalled_content":false,"_jetpack_memberships_contains_paid_content":false,"footnotes":"","jetpack_publicize_message":"","jetpack_publicize_feature_enabled":true,"jetpack_social_post_already_shared":true,"jetpack_social_options":{"image_generator_settings":{"template":"highway","default_image_id":0,"font":"","enabled":false},"version":2}},"categories":[657],"tags":[1073,22003,55682,1545,6488,4045,55683],"class_list":["post-219902","post","type-post","status-publish","format-standard","has-post-thumbnail","hentry","category-spor","tag-ozel","tag-antrenor","tag-futbolcularini","tag-haber","tag-ihaya","tag-konustu","tag-tokatlayan"],"jetpack_publicize_connections":[],"jetpack_featured_media_url":"https:\/\/i0.wp.com\/www.tvturk.com\/wp-content\/uploads\/2019\/10\/ozel-haber-futbolcularini-tokatlayan-antrenor-ihaya-konustu_d4b96d8.jpg?fit=1000%2C666","jetpack_sharing_enabled":true,"jetpack_shortlink":"https:\/\/wp.me\/paKIfm-VcO","_links":{"self":[{"href":"http:\/\/www.tvturk.com\/index.php\/wp-json\/wp\/v2\/posts\/219902","targetHints":{"allow":["GET"]}}],"collection":[{"href":"http:\/\/www.tvturk.com\/index.php\/wp-json\/wp\/v2\/posts"}],"about":[{"href":"http:\/\/www.tvturk.com\/index.php\/wp-json\/wp\/v2\/types\/post"}],"author":[{"embeddable":true,"href":"http:\/\/www.tvturk.com\/index.php\/wp-json\/wp\/v2\/users\/1"}],"replies":[{"embeddable":true,"href":"http:\/\/www.tvturk.com\/index.php\/wp-json\/wp\/v2\/comments?post=219902"}],"version-history":[{"count":0,"href":"http:\/\/www.tvturk.com\/index.php\/wp-json\/wp\/v2\/posts\/219902\/revisions"}],"wp:featuredmedia":[{"embeddable":true,"href":"http:\/\/www.tvturk.com\/index.php\/wp-json\/wp\/v2\/media\/219903"}],"wp:attachment":[{"href":"http:\/\/www.tvturk.com\/index.php\/wp-json\/wp\/v2\/media?parent=219902"}],"wp:term":[{"taxonomy":"category","embeddable":true,"href":"http:\/\/www.tvturk.com\/index.php\/wp-json\/wp\/v2\/categories?post=219902"},{"taxonomy":"post_tag","embeddable":true,"href":"http:\/\/www.tvturk.com\/index.php\/wp-json\/wp\/v2\/tags?post=219902"}],"curies":[{"name":"wp","href":"https:\/\/api.w.org\/{rel}","templated":true}]}}