{"id":21991,"date":"2019-02-11T15:21:07","date_gmt":"2019-02-11T12:21:07","guid":{"rendered":"http:\/\/www.tvturk.com\/index.php\/fabrika-iscilerinden-kizilaya-destek\/"},"modified":"2019-02-11T15:21:10","modified_gmt":"2019-02-11T12:21:10","slug":"fabrika-iscilerinden-kizilaya-destek","status":"publish","type":"post","link":"http:\/\/www.tvturk.com\/index.php\/fabrika-iscilerinden-kizilaya-destek\/","title":{"rendered":"Fabrika i\u015f\u00e7ilerinden K\u0131z\u0131lay\u2019a destek"},"content":{"rendered":"<p>Tokat\u2019\u0131n Artova il\u00e7esinde \u00e7imento fabrikas\u0131 \u00e7al\u0131\u015fanlar\u0131 toplu \u015fekilde K\u0131z\u0131lay\u2019a kan ve k\u00f6k h\u00fccre ba\u011f\u0131\u015f\u0131nda bulundu.<\/p>\n<p>Artova il\u00e7esinde \u00e7imento fabrikas\u0131nda \u00e7al\u0131\u015fan i\u015f\u00e7iler, fabrika y\u00f6netimine toplu kan ve k\u00f6k h\u00fccre ba\u011f\u0131\u015f\u0131nda bulunmak istedikleri s\u00f6yledi. Bu talebi olumlu bulan firma yetkilileri T\u00fcrk K\u0131z\u0131lay\u0131 ile ileti\u015fime ge\u00e7erek mobil kan toplama arac\u0131n\u0131 il\u00e7eye davet etti. Fabrika \u00e7al\u0131\u015fanlar\u0131yla birlikte vatanda\u015flar\u0131n da destek sa\u011flad\u0131\u011f\u0131 ve etkinlikte y\u00fczlerce ki\u015fi kan ve k\u00f6k h\u00fccre ba\u011f\u0131\u015f\u0131 yapt\u0131. \u2019Dokunuzda bir can var\u2019 slogan\u0131yla ADO\u00c7\u0130M \u00c7imento Fabrikas\u0131 ve T\u00fcrk K\u0131z\u0131lay\u0131 i\u015fbirli\u011fi ile d\u00fczenlenen kampanyan\u0131n; kanser hastalar\u0131na umut olmak ve kan ba\u011f\u0131\u015f\u0131 konusunda fark\u0131ndal\u0131k olu\u015fturmak oldu\u011funu s\u00f6yleyen Fabrika M\u00fcd\u00fcr\u00fc Mesrur B\u00fcy\u00fcka\u015f\u0131k, &#8220;T\u00fcrkiye\u2019nin lider sanayi kurulu\u015flar\u0131ndan biri olan kurumumuz \u00f6nderli\u011finde \u2019Dokunuzda bir can var\u2019 slogan\u0131yla yola \u00e7\u0131karak kan ve k\u00f6k h\u00fccre ba\u011f\u0131\u015f\u0131 kampanyas\u0131 d\u00fczenledik. Bu kampanyaya il\u00e7e protokol\u00fcm\u00fcz, \u00e7al\u0131\u015fanlar\u0131m\u0131z ve aileleri ile vatanda\u015flar da destekte bulundu. Bu kampanyan\u0131n \u00f6zellikle fark\u0131ndal\u0131\u011f\u0131 artt\u0131rmak amac\u0131yla yap\u0131lan bir kampanya oldu\u011funu belirtmekte fayda g\u00f6r\u00fcyoruz. Zaman zaman radyo ve televizyonlarda \u2019Acil kan aran\u0131yor\u2019 diye anonslarla kar\u015f\u0131la\u015f\u0131yoruz. Burada \u00f6zellikle dikkat \u00e7ekmek istedi\u011fimiz konu kan acil de\u011fil s\u00fcrekli bir ihtiya\u00e7t\u0131r. Bir kan 3 can demektir. Onun i\u00e7in kampanyam\u0131z\u0131n yerini bulaca\u011f\u0131n\u0131 umut ediyoruz. Herkese te\u015fekk\u00fcr ediyoruz.&#8221; \u015feklinde konu\u015ftu.<\/p>\n<p>\u00d6te yandan d\u00fczenlenen kampanyaya; Artova Kaymakam\u0131 Mustafa Karali, \u0130l\u00e7e Jandarma Komutan\u0131 C\u00fcneyt Okur, \u0130l\u00e7e Emniyet Amiri Fatih Kaptan da kat\u0131l\u0131m sa\u011flad\u0131.<div class=\"tiled-gallery type-rectangular tiled-gallery-unresized\" data-original-width=\"500\" data-carousel-extra='null' itemscope itemtype=\"http:\/\/schema.org\/ImageGallery\" > <div class=\"gallery-row\" style=\"width: 500px; height: 223px;\" data-original-width=\"500\" data-original-height=\"223\" > <div class=\"gallery-group images-1\" style=\"width: 333px; height: 223px;\" data-original-width=\"333\" data-original-height=\"223\" > <div class=\"tiled-gallery-item tiled-gallery-item-large\" itemprop=\"associatedMedia\" itemscope itemtype=\"http:\/\/schema.org\/ImageObject\"> <a href=\"http:\/\/www.tvturk.com\/index.php\/fabrika-iscilerinden-kizilaya-destek\/fabrika-iscilerinden-kizilaya-destek-3\/\" border=\"0\" itemprop=\"url\"> <meta itemprop=\"width\" content=\"329\"> <meta itemprop=\"height\" content=\"219\"> <img decoding=\"async\" class=\"\" data-attachment-id=\"21993\" data-orig-file=\"http:\/\/www.tvturk.com\/wp-content\/uploads\/2019\/02\/fabrika-iscilerinden-kizilaya-destek_5bc903a.jpg\" data-orig-size=\"1000,666\" data-comments-opened=\"\" data-image-meta=\"{&quot;aperture&quot;:&quot;0&quot;,&quot;credit&quot;:&quot;IHA&quot;,&quot;camera&quot;:&quot;&quot;,&quot;caption&quot;:&quot;TOKAT\\u0027IN ARTOVA \\u0130L\\u00c7ES\\u0130NDE \\u00c7\\u0130MENTO FABR\\u0130KASI \\u00c7ALI\\u015eANLARI TOPLU \\u015eEK\\u0130LDE KIZILAY\\u0027A KAN VE K\\u00d6K H\\u00dcCRE BA\\u011eI\\u015eINDA BULUNDU. (DURSUN EKREM ER\\\/TOKAT-\\u0130HA)&quot;,&quot;created_timestamp&quot;:&quot;0&quot;,&quot;copyright&quot;:&quot;\\u0130HLAS HABER AJANSI, www.iha.com.tr&quot;,&quot;focal_length&quot;:&quot;0&quot;,&quot;iso&quot;:&quot;0&quot;,&quot;shutter_speed&quot;:&quot;0&quot;,&quot;title&quot;:&quot;FABR\\u0130KA \\u0130\\u015e\\u00c7\\u0130LER\\u0130NDEN KIZILAY\\u0027A DESTEK&quot;,&quot;orientation&quot;:&quot;0&quot;}\" data-image-title=\"Fabrika i\u015f\u00e7ilerinden K\u0131z\u0131lay\u2019a destek\" data-image-description=\"&lt;p&gt;Fabrika i\u015f\u00e7ilerinden K\u0131z\u0131lay\u2019a destek&lt;\/p&gt; \" data-medium-file=\"https:\/\/i0.wp.com\/www.tvturk.com\/wp-content\/uploads\/2019\/02\/fabrika-iscilerinden-kizilaya-destek_5bc903a.jpg?fit=300%2C200\" data-large-file=\"https:\/\/i0.wp.com\/www.tvturk.com\/wp-content\/uploads\/2019\/02\/fabrika-iscilerinden-kizilaya-destek_5bc903a.jpg?fit=1000%2C666\" src=\"https:\/\/i0.wp.com\/www.tvturk.com\/wp-content\/uploads\/2019\/02\/fabrika-iscilerinden-kizilaya-destek_5bc903a.jpg?w=329&#038;h=219\" srcset=\"https:\/\/i0.wp.com\/www.tvturk.com\/wp-content\/uploads\/2019\/02\/fabrika-iscilerinden-kizilaya-destek_5bc903a.jpg?w=1000 1000w, https:\/\/i0.wp.com\/www.tvturk.com\/wp-content\/uploads\/2019\/02\/fabrika-iscilerinden-kizilaya-destek_5bc903a.jpg?resize=150%2C100 150w, https:\/\/i0.wp.com\/www.tvturk.com\/wp-content\/uploads\/2019\/02\/fabrika-iscilerinden-kizilaya-destek_5bc903a.jpg?resize=300%2C200 300w, https:\/\/i0.wp.com\/www.tvturk.com\/wp-content\/uploads\/2019\/02\/fabrika-iscilerinden-kizilaya-destek_5bc903a.jpg?resize=768%2C511 768w, https:\/\/i0.wp.com\/www.tvturk.com\/wp-content\/uploads\/2019\/02\/fabrika-iscilerinden-kizilaya-destek_5bc903a.jpg?resize=170%2C113 170w, https:\/\/i0.wp.com\/www.tvturk.com\/wp-content\/uploads\/2019\/02\/fabrika-iscilerinden-kizilaya-destek_5bc903a.jpg?resize=120%2C80 120w\" width=\"329\" height=\"219\" loading=\"lazy\" data-original-width=\"329\" data-original-height=\"219\" itemprop=\"http:\/\/schema.org\/image\" title=\"Fabrika i\u015f\u00e7ilerinden K\u0131z\u0131lay\u2019a destek\" alt=\"Fabrika i\u015f\u00e7ilerinden K\u0131z\u0131lay\u2019a destek\" style=\"width: 329px; height: 219px;\" \/> <\/a> <\/div> <\/div> <!-- close group --> <div class=\"gallery-group images-2\" style=\"width: 167px; height: 223px;\" data-original-width=\"167\" data-original-height=\"223\" > <div class=\"tiled-gallery-item tiled-gallery-item-small\" itemprop=\"associatedMedia\" itemscope itemtype=\"http:\/\/schema.org\/ImageObject\"> <a href=\"http:\/\/www.tvturk.com\/index.php\/fabrika-iscilerinden-kizilaya-destek\/fabrika-iscilerinden-kizilaya-destek-4\/\" border=\"0\" itemprop=\"url\"> <meta itemprop=\"width\" content=\"163\"> <meta itemprop=\"height\" content=\"109\"> <img decoding=\"async\" class=\"\" data-attachment-id=\"21994\" data-orig-file=\"http:\/\/www.tvturk.com\/wp-content\/uploads\/2019\/02\/fabrika-iscilerinden-kizilaya-destek_4e5d9b4.jpg\" data-orig-size=\"1000,666\" data-comments-opened=\"\" data-image-meta=\"{&quot;aperture&quot;:&quot;0&quot;,&quot;credit&quot;:&quot;IHA&quot;,&quot;camera&quot;:&quot;&quot;,&quot;caption&quot;:&quot;TOKAT\\u0027IN ARTOVA \\u0130L\\u00c7ES\\u0130NDE \\u00c7\\u0130MENTO FABR\\u0130KASI \\u00c7ALI\\u015eANLARI TOPLU \\u015eEK\\u0130LDE KIZILAY\\u0027A KAN VE K\\u00d6K H\\u00dcCRE BA\\u011eI\\u015eINDA BULUNDU. (DURSUN EKREM ER\\\/TOKAT-\\u0130HA)&quot;,&quot;created_timestamp&quot;:&quot;0&quot;,&quot;copyright&quot;:&quot;\\u0130HLAS HABER AJANSI, www.iha.com.tr&quot;,&quot;focal_length&quot;:&quot;0&quot;,&quot;iso&quot;:&quot;0&quot;,&quot;shutter_speed&quot;:&quot;0&quot;,&quot;title&quot;:&quot;FABR\\u0130KA \\u0130\\u015e\\u00c7\\u0130LER\\u0130NDEN KIZILAY\\u0027A DESTEK&quot;,&quot;orientation&quot;:&quot;0&quot;}\" data-image-title=\"Fabrika i\u015f\u00e7ilerinden K\u0131z\u0131lay\u2019a destek\" data-image-description=\"&lt;p&gt;Fabrika i\u015f\u00e7ilerinden K\u0131z\u0131lay\u2019a destek&lt;\/p&gt; \" data-medium-file=\"https:\/\/i0.wp.com\/www.tvturk.com\/wp-content\/uploads\/2019\/02\/fabrika-iscilerinden-kizilaya-destek_4e5d9b4.jpg?fit=300%2C200\" data-large-file=\"https:\/\/i0.wp.com\/www.tvturk.com\/wp-content\/uploads\/2019\/02\/fabrika-iscilerinden-kizilaya-destek_4e5d9b4.jpg?fit=1000%2C666\" src=\"https:\/\/i0.wp.com\/www.tvturk.com\/wp-content\/uploads\/2019\/02\/fabrika-iscilerinden-kizilaya-destek_4e5d9b4.jpg?w=163&#038;h=109\" srcset=\"https:\/\/i0.wp.com\/www.tvturk.com\/wp-content\/uploads\/2019\/02\/fabrika-iscilerinden-kizilaya-destek_4e5d9b4.jpg?w=1000 1000w, https:\/\/i0.wp.com\/www.tvturk.com\/wp-content\/uploads\/2019\/02\/fabrika-iscilerinden-kizilaya-destek_4e5d9b4.jpg?resize=150%2C100 150w, https:\/\/i0.wp.com\/www.tvturk.com\/wp-content\/uploads\/2019\/02\/fabrika-iscilerinden-kizilaya-destek_4e5d9b4.jpg?resize=300%2C200 300w, https:\/\/i0.wp.com\/www.tvturk.com\/wp-content\/uploads\/2019\/02\/fabrika-iscilerinden-kizilaya-destek_4e5d9b4.jpg?resize=768%2C511 768w, https:\/\/i0.wp.com\/www.tvturk.com\/wp-content\/uploads\/2019\/02\/fabrika-iscilerinden-kizilaya-destek_4e5d9b4.jpg?resize=170%2C113 170w, https:\/\/i0.wp.com\/www.tvturk.com\/wp-content\/uploads\/2019\/02\/fabrika-iscilerinden-kizilaya-destek_4e5d9b4.jpg?resize=120%2C80 120w\" width=\"163\" height=\"109\" loading=\"lazy\" data-original-width=\"163\" data-original-height=\"109\" itemprop=\"http:\/\/schema.org\/image\" title=\"Fabrika i\u015f\u00e7ilerinden K\u0131z\u0131lay\u2019a destek\" alt=\"Fabrika i\u015f\u00e7ilerinden K\u0131z\u0131lay\u2019a destek\" style=\"width: 163px; height: 109px;\" \/> <\/a> <\/div> <div class=\"tiled-gallery-item tiled-gallery-item-small\" itemprop=\"associatedMedia\" itemscope itemtype=\"http:\/\/schema.org\/ImageObject\"> <a href=\"http:\/\/www.tvturk.com\/index.php\/fabrika-iscilerinden-kizilaya-destek\/fabrika-iscilerinden-kizilaya-destek-5\/\" border=\"0\" itemprop=\"url\"> <meta itemprop=\"width\" content=\"163\"> <meta itemprop=\"height\" content=\"106\"> <img decoding=\"async\" class=\"\" data-attachment-id=\"21995\" data-orig-file=\"http:\/\/www.tvturk.com\/wp-content\/uploads\/2019\/02\/fabrika-iscilerinden-kizilaya-destek_8a0055f.jpg\" data-orig-size=\"1000,651\" data-comments-opened=\"\" data-image-meta=\"{&quot;aperture&quot;:&quot;0&quot;,&quot;credit&quot;:&quot;IHA&quot;,&quot;camera&quot;:&quot;&quot;,&quot;caption&quot;:&quot;TOKAT\\u0027IN ARTOVA \\u0130L\\u00c7ES\\u0130NDE \\u00c7\\u0130MENTO FABR\\u0130KASI \\u00c7ALI\\u015eANLARI TOPLU \\u015eEK\\u0130LDE KIZILAY\\u0027A KAN VE K\\u00d6K H\\u00dcCRE BA\\u011eI\\u015eINDA BULUNDU. (DURSUN EKREM ER\\\/TOKAT-\\u0130HA)&quot;,&quot;created_timestamp&quot;:&quot;0&quot;,&quot;copyright&quot;:&quot;\\u0130HLAS HABER AJANSI, www.iha.com.tr&quot;,&quot;focal_length&quot;:&quot;0&quot;,&quot;iso&quot;:&quot;0&quot;,&quot;shutter_speed&quot;:&quot;0&quot;,&quot;title&quot;:&quot;FABR\\u0130KA \\u0130\\u015e\\u00c7\\u0130LER\\u0130NDEN KIZILAY\\u0027A DESTEK&quot;,&quot;orientation&quot;:&quot;0&quot;}\" data-image-title=\"Fabrika i\u015f\u00e7ilerinden K\u0131z\u0131lay\u2019a destek\" data-image-description=\"&lt;p&gt;Fabrika i\u015f\u00e7ilerinden K\u0131z\u0131lay\u2019a destek&lt;\/p&gt; \" data-medium-file=\"https:\/\/i0.wp.com\/www.tvturk.com\/wp-content\/uploads\/2019\/02\/fabrika-iscilerinden-kizilaya-destek_8a0055f.jpg?fit=300%2C195\" data-large-file=\"https:\/\/i0.wp.com\/www.tvturk.com\/wp-content\/uploads\/2019\/02\/fabrika-iscilerinden-kizilaya-destek_8a0055f.jpg?fit=1000%2C651\" src=\"https:\/\/i0.wp.com\/www.tvturk.com\/wp-content\/uploads\/2019\/02\/fabrika-iscilerinden-kizilaya-destek_8a0055f.jpg?w=163&#038;h=106\" srcset=\"https:\/\/i0.wp.com\/www.tvturk.com\/wp-content\/uploads\/2019\/02\/fabrika-iscilerinden-kizilaya-destek_8a0055f.jpg?w=1000 1000w, https:\/\/i0.wp.com\/www.tvturk.com\/wp-content\/uploads\/2019\/02\/fabrika-iscilerinden-kizilaya-destek_8a0055f.jpg?resize=150%2C98 150w, https:\/\/i0.wp.com\/www.tvturk.com\/wp-content\/uploads\/2019\/02\/fabrika-iscilerinden-kizilaya-destek_8a0055f.jpg?resize=300%2C195 300w, https:\/\/i0.wp.com\/www.tvturk.com\/wp-content\/uploads\/2019\/02\/fabrika-iscilerinden-kizilaya-destek_8a0055f.jpg?resize=768%2C500 768w, https:\/\/i0.wp.com\/www.tvturk.com\/wp-content\/uploads\/2019\/02\/fabrika-iscilerinden-kizilaya-destek_8a0055f.jpg?resize=510%2C330 510w\" width=\"163\" height=\"106\" loading=\"lazy\" data-original-width=\"163\" data-original-height=\"106\" itemprop=\"http:\/\/schema.org\/image\" title=\"Fabrika i\u015f\u00e7ilerinden K\u0131z\u0131lay\u2019a destek\" alt=\"Fabrika i\u015f\u00e7ilerinden K\u0131z\u0131lay\u2019a destek\" style=\"width: 163px; height: 106px;\" \/> <\/a> <\/div> <\/div> <!-- close group --> <\/div> <!-- close row --> <\/div><\/p>\n","protected":false},"excerpt":{"rendered":"<p>TOKAT&#8217;IN ARTOVA \u0130L\u00c7ES\u0130NDE \u00c7\u0130MENTO FABR\u0130KASI \u00c7ALI\u015eANLARI TOPLU \u015eEK\u0130LDE KIZILAY&#8217;A KAN VE K\u00d6K H\u00dcCRE BA\u011eI\u015eINDA BULUNDU.<\/p>\n","protected":false},"author":1,"featured_media":21992,"comment_status":"closed","ping_status":"open","sticky":false,"template":"","format":"standard","meta":{"jetpack_post_was_ever_published":false,"_jetpack_newsletter_access":"","_jetpack_dont_email_post_to_subs":false,"_jetpack_newsletter_tier_id":0,"_jetpack_memberships_contains_paywalled_content":false,"_jetpack_memberships_contains_paid_content":false,"footnotes":"","jetpack_publicize_message":"","jetpack_publicize_feature_enabled":true,"jetpack_social_post_already_shared":false,"jetpack_social_options":{"image_generator_settings":{"template":"highway","default_image_id":0,"font":"","enabled":false},"version":2}},"categories":[658],"tags":[61,2271,9463,3646],"class_list":["post-21991","post","type-post","status-publish","format-standard","has-post-thumbnail","hentry","category-saglik","tag-destek","tag-fabrika","tag-iscilerinden","tag-kizilaya"],"jetpack_publicize_connections":[],"jetpack_featured_media_url":"https:\/\/i0.wp.com\/www.tvturk.com\/wp-content\/uploads\/2019\/02\/fabrika-iscilerinden-kizilaya-destek_2543b53.jpg?fit=1000%2C666","jetpack_sharing_enabled":true,"jetpack_shortlink":"https:\/\/wp.me\/paKIfm-5IH","_links":{"self":[{"href":"http:\/\/www.tvturk.com\/index.php\/wp-json\/wp\/v2\/posts\/21991","targetHints":{"allow":["GET"]}}],"collection":[{"href":"http:\/\/www.tvturk.com\/index.php\/wp-json\/wp\/v2\/posts"}],"about":[{"href":"http:\/\/www.tvturk.com\/index.php\/wp-json\/wp\/v2\/types\/post"}],"author":[{"embeddable":true,"href":"http:\/\/www.tvturk.com\/index.php\/wp-json\/wp\/v2\/users\/1"}],"replies":[{"embeddable":true,"href":"http:\/\/www.tvturk.com\/index.php\/wp-json\/wp\/v2\/comments?post=21991"}],"version-history":[{"count":1,"href":"http:\/\/www.tvturk.com\/index.php\/wp-json\/wp\/v2\/posts\/21991\/revisions"}],"predecessor-version":[{"id":21996,"href":"http:\/\/www.tvturk.com\/index.php\/wp-json\/wp\/v2\/posts\/21991\/revisions\/21996"}],"wp:featuredmedia":[{"embeddable":true,"href":"http:\/\/www.tvturk.com\/index.php\/wp-json\/wp\/v2\/media\/21992"}],"wp:attachment":[{"href":"http:\/\/www.tvturk.com\/index.php\/wp-json\/wp\/v2\/media?parent=21991"}],"wp:term":[{"taxonomy":"category","embeddable":true,"href":"http:\/\/www.tvturk.com\/index.php\/wp-json\/wp\/v2\/categories?post=21991"},{"taxonomy":"post_tag","embeddable":true,"href":"http:\/\/www.tvturk.com\/index.php\/wp-json\/wp\/v2\/tags?post=21991"}],"curies":[{"name":"wp","href":"https:\/\/api.w.org\/{rel}","templated":true}]}}