{"id":219914,"date":"2019-10-25T15:32:40","date_gmt":"2019-10-25T12:32:40","guid":{"rendered":"http:\/\/www.tvturk.com\/index.php\/bakan-varanktan-teknolojiyi-kotuleyen-tanitim-filmine-tepki\/"},"modified":"2019-10-25T15:32:40","modified_gmt":"2019-10-25T12:32:40","slug":"bakan-varanktan-teknolojiyi-kotuleyen-tanitim-filmine-tepki","status":"publish","type":"post","link":"http:\/\/www.tvturk.com\/index.php\/bakan-varanktan-teknolojiyi-kotuleyen-tanitim-filmine-tepki\/","title":{"rendered":"Bakan Varank\u2019tan teknolojiyi k\u00f6t\u00fcleyen tan\u0131t\u0131m filmine tepki"},"content":{"rendered":"<p>Kocaeli\u2019de d\u00fczenlenen Kartepe Zirvesi\u2019nde kat\u0131l\u0131mc\u0131lara izletilen tan\u0131t\u0131m filmine tepki g\u00f6steren Sanayi ve Teknoloji Bakan\u0131 Mustafa Varank, \u201c\u0130zledi\u011fimiz g\u00f6r\u00fcnt\u00fcde teknoloji biraz olumsuz yans\u0131t\u0131lm\u0131\u015f olsa da asl\u0131nda s\u00fcrd\u00fcr\u00fclebilir kalk\u0131nma hedeflerinin yan\u0131nda mutlu insanlar\u0131 \u015fehirlerde ya\u015fatabilmemiz i\u00e7in asl\u0131nda teknolojinin de vaat etti\u011fi b\u00fcy\u00fck imkanlar var\u201d dedi.<\/p>\n<p>Kocaeli\u2019de ger\u00e7ekle\u015ftirilen Kartepe Zirvesine kat\u0131lan Sanayi ve Teknoloji Bakan\u0131 Mustafa Varank, kat\u0131l\u0131mc\u0131lara seslendi. Yapt\u0131\u011f\u0131 konu\u015fmada \u201c\u015eehircilik ve Mutlu \u015eehir\u201d konusunda teknolojinin \u00f6nemli yer tuttu\u011funu kaydeden Varank , program\u0131n ba\u015flang\u0131c\u0131nda izletilen salondaki kat\u0131l\u0131mc\u0131lara izletilen tan\u0131t\u0131m filminde teknolojinin olumsuz olarak ele\u015ftirilmesine dikkat \u00e7ekti. Anla\u015fmal\u0131 reklam ajans\u0131 RNA taraf\u0131ndan haz\u0131rlanan tan\u0131t\u0131m filmine tepki g\u00f6steren Bakan Varank, \u201c\u0130zledi\u011fimiz g\u00f6r\u00fcnt\u00fcde teknoloji biraz olumsuz yans\u0131t\u0131lm\u0131\u015f olsa da asl\u0131nda s\u00fcrd\u00fcr\u00fclebilir kalk\u0131nma hedeflerinin yan\u0131nda mutlu insanlar\u0131 \u015fehirlerde ya\u015fatabilmemiz i\u00e7in asl\u0131nda teknolojinin de vaat etti\u011fi b\u00fcy\u00fck imkanlar var\u201d ifadelerini kulland\u0131.<\/p>\n","protected":false},"excerpt":{"rendered":"<p>KOCAEL\u0130\u2019DE D\u00dcZENLENEN KARTEPE Z\u0130RVES\u0130\u2019NDE KATILIMCILARA \u0130ZLET\u0130LEN TANITIM F\u0130LM\u0130N\u0130 ELE\u015eT\u0130REN SANAY\u0130 VE TEKNOLOJ\u0130 BAKANI MUSTAFA VARANK, \u201c\u0130ZLED\u0130\u011e\u0130M\u0130Z G\u00d6R\u00dcNT\u00dcDE TEKNOLOJ\u0130 B\u0130RAZ OLUMSUZ YANSITILMI\u015e OLSA DA ASLINDA S\u00dcRD\u00dcR\u00dcLEB\u0130L\u0130R KALKINMA HEDEFLER\u0130N\u0130N YANINDA MUTLU \u0130NSANLARIN MUTLU \u0130NSANLARI \u015eEH\u0130RLERDE YA\u015eATAB\u0130LMEM\u0130Z \u0130\u00c7\u0130N ASLINDA TEKNOLOJ\u0130N\u0130N DE VAAT ETT\u0130\u011e\u0130 B\u00dcY\u00dcK \u0130MKANLAR VAR\u201d DED\u0130.<\/p>\n","protected":false},"author":1,"featured_media":219915,"comment_status":"closed","ping_status":"open","sticky":false,"template":"","format":"standard","meta":{"jetpack_post_was_ever_published":false,"_jetpack_newsletter_access":"","_jetpack_dont_email_post_to_subs":false,"_jetpack_newsletter_tier_id":0,"_jetpack_memberships_contains_paywalled_content":false,"_jetpack_memberships_contains_paid_content":false,"footnotes":"","jetpack_publicize_message":"","jetpack_publicize_feature_enabled":true,"jetpack_social_post_already_shared":true,"jetpack_social_options":{"image_generator_settings":{"template":"highway","default_image_id":0,"font":"","enabled":false},"version":2}},"categories":[1],"tags":[742,29594,55686,2221,15112,961,6477],"class_list":["post-219914","post","type-post","status-publish","format-standard","has-post-thumbnail","hentry","category-genel","tag-bakan","tag-filmine","tag-kotuleyen","tag-tanitim","tag-teknolojiyi","tag-tepki","tag-varanktan"],"jetpack_publicize_connections":[],"jetpack_featured_media_url":"https:\/\/i0.wp.com\/www.tvturk.com\/wp-content\/uploads\/2019\/10\/bakan-varanktan-teknolojiyi-kotuleyen-tanitim-filmine-tepki_2338b2b.jpg?fit=1000%2C666","jetpack_sharing_enabled":true,"jetpack_shortlink":"https:\/\/wp.me\/paKIfm-Vd0","_links":{"self":[{"href":"http:\/\/www.tvturk.com\/index.php\/wp-json\/wp\/v2\/posts\/219914","targetHints":{"allow":["GET"]}}],"collection":[{"href":"http:\/\/www.tvturk.com\/index.php\/wp-json\/wp\/v2\/posts"}],"about":[{"href":"http:\/\/www.tvturk.com\/index.php\/wp-json\/wp\/v2\/types\/post"}],"author":[{"embeddable":true,"href":"http:\/\/www.tvturk.com\/index.php\/wp-json\/wp\/v2\/users\/1"}],"replies":[{"embeddable":true,"href":"http:\/\/www.tvturk.com\/index.php\/wp-json\/wp\/v2\/comments?post=219914"}],"version-history":[{"count":0,"href":"http:\/\/www.tvturk.com\/index.php\/wp-json\/wp\/v2\/posts\/219914\/revisions"}],"wp:featuredmedia":[{"embeddable":true,"href":"http:\/\/www.tvturk.com\/index.php\/wp-json\/wp\/v2\/media\/219915"}],"wp:attachment":[{"href":"http:\/\/www.tvturk.com\/index.php\/wp-json\/wp\/v2\/media?parent=219914"}],"wp:term":[{"taxonomy":"category","embeddable":true,"href":"http:\/\/www.tvturk.com\/index.php\/wp-json\/wp\/v2\/categories?post=219914"},{"taxonomy":"post_tag","embeddable":true,"href":"http:\/\/www.tvturk.com\/index.php\/wp-json\/wp\/v2\/tags?post=219914"}],"curies":[{"name":"wp","href":"https:\/\/api.w.org\/{rel}","templated":true}]}}