{"id":219933,"date":"2019-10-25T16:16:28","date_gmt":"2019-10-25T13:16:28","guid":{"rendered":"http:\/\/www.tvturk.com\/index.php\/irakta-siddet-tirmaniyor\/"},"modified":"2019-10-25T16:16:28","modified_gmt":"2019-10-25T13:16:28","slug":"irakta-siddet-tirmaniyor","status":"publish","type":"post","link":"http:\/\/www.tvturk.com\/index.php\/irakta-siddet-tirmaniyor\/","title":{"rendered":"Irak\u2019ta \u015fiddet t\u0131rman\u0131yor"},"content":{"rendered":"<p>Irak\u2019ta s\u00fcren g\u00f6sterilerde g\u00f6stericiler ve polis aras\u0131nda ya\u015fanan \u00e7at\u0131\u015fmalarda kafas\u0131na g\u00f6z ya\u015fart\u0131c\u0131 gaz bombas\u0131 isabet eden 2 ki\u015fi hayat\u0131n\u0131 kaybetti.<\/p>\n<p>Irak\u2019\u0131n ba\u015fkenti Ba\u011fdat\u2019ta yakla\u015f\u0131k 3 hafta aradan sonra bug\u00fcn yeniden ba\u015flayan h\u00fck\u00fcmet kar\u015f\u0131t\u0131 protesto g\u00f6sterilerinin ilk saatlerinde 2 ki\u015finin at\u0131lan g\u00f6z ya\u015fart\u0131c\u0131 gaz bombas\u0131 sonucu \u00f6lmesi b\u00fcy\u00fck tepki uyand\u0131rd\u0131. Irak g\u00fcvenlik g\u00fc\u00e7leri protestocular\u0131 da\u011f\u0131tmak i\u00e7in ger\u00e7ek mermi kullanmasa da 2 ki\u015fi kafas\u0131na isabet eden gaz bombas\u0131 sonucu hayat\u0131n\u0131 kaybetti.<\/p>\n<p>Bu sabahki g\u00f6steride kafas\u0131na gaz bombas\u0131 isabet etmesi sonucu olay yerinde hayat\u0131n\u0131 kaybeden gencin g\u00f6r\u00fcnt\u00fcleri sosyal medyada payla\u015f\u0131ld\u0131. &#8220;Abd\u00fclmehdi ve yanda\u015flar\u0131 taraf\u0131ndan \u00f6ld\u00fcr\u00fcld\u00fc\u201d notuyla sosyal medyada payla\u015f\u0131lan foto\u011fraf b\u00fcy\u00fck tepkilere yol a\u00e7t\u0131.<\/p>\n<p>G\u00fcvenlik g\u00fc\u00e7lerini g\u00f6stericilere kar\u015f\u0131 \u015fiddet kullanmakla su\u00e7layan aktivistler ya\u015fanan \u015fiddet olaylar\u0131nda 3 ki\u015finin \u00f6ld\u00fc\u011f\u00fcn\u00fc ve 300\u2019a yak\u0131n ki\u015finin yaraland\u0131\u011f\u0131n\u0131 iddia etti.<\/p>\n<p>Irak D\u0131\u015fi\u015fleri Bakanl\u0131\u011f\u0131 ise yapt\u0131\u011f\u0131 a\u00e7\u0131klamada ya\u015fanan olaylarda 68 g\u00fcvenlik g\u00fcc\u00fc mensubunun yaraland\u0131\u011f\u0131n\u0131 duyurdu.<\/p>\n","protected":false},"excerpt":{"rendered":"<p>IRAK&#8217;TA S\u00dcREN G\u00d6STER\u0130LERDE G\u00d6STER\u0130C\u0130LER VE POL\u0130S ARASINDA YA\u015eANAN \u00c7ATI\u015eMALARDA KAFASINA G\u00d6Z YA\u015eARTICI GAZ BOMBASI \u0130SABET EDEN 2 K\u0130\u015e\u0130 HAYATINI KAYBETT\u0130.<\/p>\n","protected":false},"author":1,"featured_media":219934,"comment_status":"closed","ping_status":"open","sticky":false,"template":"","format":"standard","meta":{"jetpack_post_was_ever_published":false,"_jetpack_newsletter_access":"","_jetpack_dont_email_post_to_subs":false,"_jetpack_newsletter_tier_id":0,"_jetpack_memberships_contains_paywalled_content":false,"_jetpack_memberships_contains_paid_content":false,"footnotes":"","jetpack_publicize_message":"","jetpack_publicize_feature_enabled":true,"jetpack_social_post_already_shared":true,"jetpack_social_options":{"image_generator_settings":{"template":"highway","default_image_id":0,"font":"","enabled":false},"version":2}},"categories":[10],"tags":[2296,14607,25338],"class_list":["post-219933","post","type-post","status-publish","format-standard","has-post-thumbnail","hentry","category-dunya","tag-siddet","tag-irakta","tag-tirmaniyor"],"jetpack_publicize_connections":[],"jetpack_featured_media_url":"https:\/\/i0.wp.com\/www.tvturk.com\/wp-content\/uploads\/2019\/10\/irakta-siddet-tirmaniyor_77bad7a.jpg?fit=574%2C840","jetpack_sharing_enabled":true,"jetpack_shortlink":"https:\/\/wp.me\/paKIfm-Vdj","_links":{"self":[{"href":"http:\/\/www.tvturk.com\/index.php\/wp-json\/wp\/v2\/posts\/219933","targetHints":{"allow":["GET"]}}],"collection":[{"href":"http:\/\/www.tvturk.com\/index.php\/wp-json\/wp\/v2\/posts"}],"about":[{"href":"http:\/\/www.tvturk.com\/index.php\/wp-json\/wp\/v2\/types\/post"}],"author":[{"embeddable":true,"href":"http:\/\/www.tvturk.com\/index.php\/wp-json\/wp\/v2\/users\/1"}],"replies":[{"embeddable":true,"href":"http:\/\/www.tvturk.com\/index.php\/wp-json\/wp\/v2\/comments?post=219933"}],"version-history":[{"count":0,"href":"http:\/\/www.tvturk.com\/index.php\/wp-json\/wp\/v2\/posts\/219933\/revisions"}],"wp:featuredmedia":[{"embeddable":true,"href":"http:\/\/www.tvturk.com\/index.php\/wp-json\/wp\/v2\/media\/219934"}],"wp:attachment":[{"href":"http:\/\/www.tvturk.com\/index.php\/wp-json\/wp\/v2\/media?parent=219933"}],"wp:term":[{"taxonomy":"category","embeddable":true,"href":"http:\/\/www.tvturk.com\/index.php\/wp-json\/wp\/v2\/categories?post=219933"},{"taxonomy":"post_tag","embeddable":true,"href":"http:\/\/www.tvturk.com\/index.php\/wp-json\/wp\/v2\/tags?post=219933"}],"curies":[{"name":"wp","href":"https:\/\/api.w.org\/{rel}","templated":true}]}}