{"id":219962,"date":"2019-10-25T16:47:17","date_gmt":"2019-10-25T13:47:17","guid":{"rendered":"http:\/\/www.tvturk.com\/index.php\/milli-sporcu-sahika-ercumen-gilindire-magarasinda-dunya-rekoru-deneyecek\/"},"modified":"2019-10-25T16:47:17","modified_gmt":"2019-10-25T13:47:17","slug":"milli-sporcu-sahika-ercumen-gilindire-magarasinda-dunya-rekoru-deneyecek","status":"publish","type":"post","link":"http:\/\/www.tvturk.com\/index.php\/milli-sporcu-sahika-ercumen-gilindire-magarasinda-dunya-rekoru-deneyecek\/","title":{"rendered":"Milli Sporcu \u015eahika Erc\u00fcmen Gilindire ma\u011faras\u0131nda d\u00fcnya rekoru deneyecek"},"content":{"rendered":"<p>Mersin\u2019in Ayd\u0131nc\u0131k il\u00e7esindeki Gilindire Ma\u011faras\u0131\u2019nda d\u00fcnya rekorunu k\u0131rmak i\u00e7in dal\u0131\u015f yapacak olan milli sporcu \u015eahika Erc\u00fcmen, paletsiz kategoride kad\u0131nlar d\u00fcnya rekoru olan 90 metre s\u0131n\u0131r\u0131n\u0131 a\u015farak Guinness D\u00fcnya Rekorlar\u0131 Kitab\u0131\u2019na girmeyi hedefliyor.<\/p>\n<p>\u015eahika Erc\u00fcmen, 1999 y\u0131l\u0131nda hayvanlar\u0131n\u0131 otlat\u0131rken bir \u00e7oban\u0131n kar\u015f\u0131s\u0131na \u00e7\u0131kan kirpiyi takip etmesiyle ortaya \u00e7\u0131kan ve buzul d\u00f6neminden kal\u0131nt\u0131lar ta\u015f\u0131yan Gilindire Ma\u011faras\u0131\u2019nda yapaca\u011f\u0131 rekor denemesi i\u00e7in Gilindire Ma\u011faras\u0131nda antrenman yapt\u0131.<\/p>\n<p>Milli sporcu \u015eahika Erc\u00fcmen gazetecilere yapt\u0131\u011f\u0131 a\u00e7\u0131klamada, rekoru k\u0131r\u0131p bu ba\u015far\u0131y\u0131 Mehmet\u00e7ik\u2019e ithaf etmek istedi\u011fini s\u00f6yledi.<\/p>\n<p>\u015eahika Erc\u00fcmen, paletsiz kategoride kad\u0131nlar d\u00fcnya rekorunun 90 metre oldu\u011funu belirterek, bu rekoru 100 metre ile k\u0131rmay\u0131 hedefledi\u011fini aktard\u0131.<\/p>\n<p>Ma\u011fara i\u00e7inde \u00e7ok zor ko\u015fullarda dal\u0131\u015f yapaca\u011f\u0131n\u0131 belirten Erc\u00fcmen, &#8220;Su \u0131s\u0131s\u0131 ve ma\u011faran\u0131n havas\u0131 \u00e7ok de\u011fi\u015fik. Bu ma\u011farada rahat nefes al\u0131nam\u0131yor. Hatta baz\u0131 ast\u0131m hastalar\u0131 o ma\u011faraya giremiyor. Bizim i\u00e7in baz\u0131 handikaplar\u0131 var. Rekor g\u00fcn\u00fc paletsiz 100 metreyi k\u0131raca\u011f\u0131z. Buna inan\u0131yorum. \u0130lk defa ben bir ma\u011farada rekor deniyorum ve ilk defa asl\u0131nda kendimi zorlayarak paletsiz ve yatay kategorilerde de rekor deniyorum. Bu benim bran\u015f\u0131m de\u011fil, bran\u015f\u0131m olmamas\u0131na ra\u011fmen t\u00fcm eforumu ve g\u00fcc\u00fcm\u00fc ger\u00e7ekten buna aktaraca\u011f\u0131m ve elimden gelenin en iyisini yapaca\u011f\u0131m\u201d dedi.<\/p>\n<p>\u015eahika Erc\u00fcmen \u00e7ocukken ast\u0131m hastas\u0131 oldu\u011fu i\u00e7in evden bile d\u0131\u015far\u0131ya \u00e7\u0131kamad\u0131\u011f\u0131n\u0131, bu y\u00fczden de milli bir sporcu olarak rekor k\u0131rman\u0131n ve ay-y\u0131ld\u0131zl\u0131 bayra\u011f\u0131 dalgaland\u0131rman\u0131n kendisi i\u00e7in \u00e7ok \u00f6nemli oldu\u011funu ifade ederek, \u201cGilindire ma\u011faras\u0131nda 90 metre olan d\u00fcnya rekorunu 100 metreyle k\u0131rmak istiyoruz, biraz \u015fartlar zorlu burada \u00e7\u00fcnk\u00fc nem oldu\u011fu i\u00e7in oksijen oran\u0131 d\u00fc\u015f\u00fck, su ger\u00e7ekten so\u011fuk ve ula\u015fmak bile asl\u0131nda 555 basama\u011f\u0131 a\u015f\u0131p biz g\u00f6le ula\u015fabiliyoruz, ama in\u015fallah rekoru cumhuriyetimize ithafen, Mehmet\u00e7i\u011fe ithafen 100 metreyle k\u0131rmak \u015fu an hedefimiz, \u00e7al\u0131\u015fmalar iyi ge\u00e7ti, 28 ekime haz\u0131r\u0131z, ve ger\u00e7ekten Mersin bizi \u00e7ok g\u00fczel kar\u015f\u0131lad\u0131. Sanayi ve Teknoloji Bakanl\u0131\u011f\u0131m\u0131za ba\u011fl\u0131 \u00c7ukurova Kalk\u0131nma Ajans\u0131 bizi \u00e7ok destekliyor. Bakan\u0131m\u0131z Mustafa Varank ve Gen\u00e7lik Spor Bakan\u0131m\u0131z Mehmet Kasapo\u011flu\u2019na da buradan \u00e7ok te\u015fekk\u00fcr etmek istiyorum. Burada g\u00f6rd\u00fc\u011f\u00fcn\u00fcz gibi \u00e7ok b\u00fcy\u00fck bir \u00e7al\u0131\u015fma var, yani bir ki\u015fi dal\u0131yor, ama 40-50 ki\u015fi \u00e7al\u0131\u015f\u0131yor arkam\u0131zda o y\u00fczden ben herkese \u00e7ok te\u015fekk\u00fcr etmek istiyorum. \u0130n\u015fallah d\u00fcnya rekorunu \u00fclkemize getirece\u011fiz\u201d dedi.<\/p>\n<p>Milli sporcu, i\u00e7inde yakla\u015f\u0131k 46 metre derinli\u011finde su bulunan ma\u011faradaki rekor denemesini 28 Ekim Pazartesi g\u00fcn\u00fc ger\u00e7ekle\u015ftirecek.<\/p>\n","protected":false},"excerpt":{"rendered":"<p>M\u0130LL\u0130 SPORCU \u015eAH\u0130KA ERC\u00dcMEN G\u0130L\u0130ND\u0130RE MA\u011eARASINDA D\u00dcNYA REKORU \u0130\u00c7\u0130N ANTRENMAN YAPTI<\/p>\n","protected":false},"author":1,"featured_media":219963,"comment_status":"closed","ping_status":"open","sticky":false,"template":"","format":"standard","meta":{"jetpack_post_was_ever_published":false,"_jetpack_newsletter_access":"","_jetpack_dont_email_post_to_subs":false,"_jetpack_newsletter_tier_id":0,"_jetpack_memberships_contains_paywalled_content":false,"_jetpack_memberships_contains_paid_content":false,"footnotes":"","jetpack_publicize_message":"","jetpack_publicize_feature_enabled":true,"jetpack_social_post_already_shared":true,"jetpack_social_options":{"image_generator_settings":{"template":"highway","default_image_id":0,"font":"","enabled":false},"version":2}},"categories":[1],"tags":[349,55697,53231,54607,32096,429,6268,53188,3895],"class_list":["post-219962","post","type-post","status-publish","format-standard","has-post-thumbnail","hentry","category-genel","tag-dunya","tag-deneyecek","tag-ercumen","tag-gilindire","tag-magarasinda","tag-milli","tag-rekoru","tag-sahika","tag-sporcu"],"jetpack_publicize_connections":[],"jetpack_featured_media_url":"https:\/\/i0.wp.com\/www.tvturk.com\/wp-content\/uploads\/2019\/10\/milli-sporcu-sahika-ercumen-gilindire-magarasinda-dunya-rekoru-deneyecek_66c6b73.jpg?fit=1000%2C562","jetpack_sharing_enabled":true,"jetpack_shortlink":"https:\/\/wp.me\/paKIfm-VdM","_links":{"self":[{"href":"http:\/\/www.tvturk.com\/index.php\/wp-json\/wp\/v2\/posts\/219962","targetHints":{"allow":["GET"]}}],"collection":[{"href":"http:\/\/www.tvturk.com\/index.php\/wp-json\/wp\/v2\/posts"}],"about":[{"href":"http:\/\/www.tvturk.com\/index.php\/wp-json\/wp\/v2\/types\/post"}],"author":[{"embeddable":true,"href":"http:\/\/www.tvturk.com\/index.php\/wp-json\/wp\/v2\/users\/1"}],"replies":[{"embeddable":true,"href":"http:\/\/www.tvturk.com\/index.php\/wp-json\/wp\/v2\/comments?post=219962"}],"version-history":[{"count":0,"href":"http:\/\/www.tvturk.com\/index.php\/wp-json\/wp\/v2\/posts\/219962\/revisions"}],"wp:featuredmedia":[{"embeddable":true,"href":"http:\/\/www.tvturk.com\/index.php\/wp-json\/wp\/v2\/media\/219963"}],"wp:attachment":[{"href":"http:\/\/www.tvturk.com\/index.php\/wp-json\/wp\/v2\/media?parent=219962"}],"wp:term":[{"taxonomy":"category","embeddable":true,"href":"http:\/\/www.tvturk.com\/index.php\/wp-json\/wp\/v2\/categories?post=219962"},{"taxonomy":"post_tag","embeddable":true,"href":"http:\/\/www.tvturk.com\/index.php\/wp-json\/wp\/v2\/tags?post=219962"}],"curies":[{"name":"wp","href":"https:\/\/api.w.org\/{rel}","templated":true}]}}