{"id":220078,"date":"2019-10-26T09:32:25","date_gmt":"2019-10-26T06:32:25","guid":{"rendered":"http:\/\/www.tvturk.com\/index.php\/dogal-agac-muzesinde-buyuleyici-sonbahar-manzaralari\/"},"modified":"2019-10-26T09:32:25","modified_gmt":"2019-10-26T06:32:25","slug":"dogal-agac-muzesinde-buyuleyici-sonbahar-manzaralari","status":"publish","type":"post","link":"http:\/\/www.tvturk.com\/index.php\/dogal-agac-muzesinde-buyuleyici-sonbahar-manzaralari\/","title":{"rendered":"Do\u011fal a\u011fa\u00e7 m\u00fczesinde b\u00fcy\u00fcleyici sonbahar manzaralar\u0131"},"content":{"rendered":"<p>K\u0131vr\u0131m k\u0131vr\u0131m yollar\u0131, 4 asra \u015fahitlik eden devasa a\u011fa\u00e7lar\u0131, dereleri ve \u015felaleleriyle G\u00fcm\u00fc\u015fhane\u2019nin do\u011fal a\u011fa\u00e7 m\u00fczesi olan \u00d6r\u00fcmcek Ormanlar\u0131 Tabiat Park\u0131 sonbahar mevsiminin b\u00fcy\u00fcleyici g\u00f6r\u00fcnt\u00fclerini yans\u0131t\u0131yor. Renk c\u00fcmb\u00fc\u015f\u00fcne d\u00f6nen b\u00f6lgede bu olu\u015fumlar\u0131n bir ay daha etkisini s\u00fcrd\u00fcrmesi bekleniyor.<\/p>\n<p>G\u00fcm\u00fc\u015fhane\u2019nin K\u00fcrt\u00fcn il\u00e7esi s\u0131n\u0131rlar\u0131nda yer alan ve Avrupa ve Kafkaslar\u2019\u0131n en y\u00fcksek ve en geni\u015f \u00e7apl\u0131 k\u00f6knar ve ladin a\u011fa\u00e7lar\u0131n\u0131n bulundu\u011fu, T\u00fcrkiye\u2019nin \u00f6nemli \u2018kar\u0131\u015f\u0131k\u2019 ormanlar\u0131ndan biri say\u0131lan ve \u201cDo\u011fal A\u011fa\u00e7 M\u00fczesi\u201d olarak nitelendirilen \u00d6r\u00fcmcek Ormanlar\u0131 Tabiat\u0131 Koruma Alan\u0131 sonbahar mevsimiyle renkten renge b\u00fcr\u00fcn\u00fcyor.<\/p>\n<p>Labirenti and\u0131ran patikalar\u0131, k\u0131vr\u0131m k\u0131vr\u0131m yollar\u0131, g\u00f6\u011fe t\u0131rmanan a\u011fa\u00e7lar\u0131, h\u0131r\u00e7\u0131n yama\u00e7lar\u0131, dereleri ve \u015felaleleriyle b\u00fcnyesinde hem geni\u015f yaprakl\u0131 hem de i\u011fne yaprakl\u0131 a\u011fa\u00e7 bulundurmas\u0131 nedeniyle Ekim ay\u0131ndan Kas\u0131m ay\u0131n\u0131n sonuna kadar 2 ay boyunca renkten renge giren \u00d6r\u00fcmcek Ormanlar\u0131, ortalama 420 ya\u015f\u0131na varan a\u011fa\u00e7lar\u0131yla 4 asra \u015fahitlik ediyor.<\/p>\n<p>Sonbahar\u0131n en renkli ve g\u00f6rkemli ya\u015fand\u0131\u011f\u0131 yerlerden birisi<\/p>\n<p>Zirvelerindeki onlarca yaylas\u0131yla \u00f6zellikle yaz aylar\u0131nda on binlerce ki\u015finin i\u00e7inden ge\u00e7ti\u011fi \u00d6r\u00fcmcek Ormanlar\u0131, T\u00fcrkiye\u2019de sonbahar mevsiminin en renkli ve g\u00f6rkemli ya\u015fand\u0131\u011f\u0131 yerlerden birisi olarak biliniyor.<\/p>\n<p>\u0130l\u00e7eye ba\u011fl\u0131 Ye\u015filk\u00f6y k\u00f6y\u00fc s\u0131n\u0131rlar\u0131 i\u00e7erisinde bulunan ve b\u00fcnyesinde bulundurdu\u011fu \u00e7ok say\u0131daki farkl\u0131 a\u011fa\u00e7 t\u00fcrleri nedeniyle Ekim ay\u0131nda y\u00fckseklerde ba\u015flayan renk d\u00f6n\u00fc\u015f\u00fcm\u00fc Kas\u0131m ay\u0131 boyunca al\u00e7ak kesimlere kadar inerek misafirlerine renk c\u00fcmb\u00fc\u015f\u00fc e\u015fli\u011finde b\u00fcy\u00fcleyici manzaralar sunuyor.<\/p>\n<p>K\u00fcrt\u00fcn il\u00e7e merkezinde 11 kilometre mesafede toplam 2 bin 630 dekarl\u0131k alanda ye\u015fil, sar\u0131, k\u0131rm\u0131z\u0131, k\u0131z\u0131l ve mor renklere b\u00fcr\u00fcnen \u00d6r\u00fcmcek Ormanlar\u0131nda co\u015fkun akan dereler ve \u015felaleler de rengarenk yapraklarla doldu.<\/p>\n<p>Uzmanlar taraf\u0131ndan \u201cCanl\u0131 a\u011fa\u00e7 m\u00fczesi\u201d olarak nitelendirilen ladin, kay\u0131n, ceviz, kavak, orman g\u00fcl\u00fc, yaban f\u0131nd\u0131klar\u0131, geni\u015f yaprakl\u0131 a\u011fa\u00e7lar gibi \u00e7ok say\u0131da a\u011fa\u00e7 \u00e7e\u015fidi bulunan ve T\u00fcrkiye\u2019nin \u00f6nemli \u201ckar\u0131\u015f\u0131k\u201d ormanlar\u0131ndan biri say\u0131lan \u00d6r\u00fcmcek Ormanlar\u0131 derin bir vadide denizden y\u00fcksekli\u011fi bin 150 metreden bin 600 metreye kadar olan b\u00f6lgeyi kaps\u0131yor.<\/p>\n<p>\u00d6r\u00fcmcek Ormanlar\u0131 Tabiat\u0131 Koruma Alan\u0131 biti\u015fi\u011finde yer alan \u00c7a\u011flayandibi \u015eelalesi Tabiat Park\u0131 ise ziyaret\u00e7ilerine ayr\u0131 bir g\u00fczellik sunuyor.<\/p>\n<p>Ye\u015filk\u00f6y k\u00f6y\u00fc G\u00fcc\u00fckdene mevkiinde yer alan ve 2014 y\u0131l\u0131nda Tabiat Park\u0131 ilan edilen \u00c7a\u011flayandibi \u015eelalesi suyun do\u011fal olarak 15 metre y\u00fckseklikten d\u00fc\u015ft\u00fc\u011f\u00fc ve d\u00fc\u015f\u00fc s\u0131ras\u0131nda su damlac\u0131klar\u0131n\u0131n etrafa ya\u011fmur etkisi yapmas\u0131 sonucu enfes bir ambiyans olu\u015fturmas\u0131yla biliniyor.<\/p>\n<p>\u201cSonbaharda orman \u00e7ok g\u00fczel oluyor\u201d<\/p>\n<p>Kastamonu\u2019dan K\u00fcrt\u00fcn\u2019e o\u011flunu ziyarete gelen Hasan ve e\u015fi Nebiye Yaman, \u00c7a\u011flayandibi \u015eelalesi Tabiat Park\u0131 ve hemen biti\u015fi\u011findeki \u00d6r\u00fcmcek Ormanlar\u0131 Tabiat\u0131 Koruma Alan\u0131na hayran kald\u0131. Yaman, \u201cBuras\u0131 da Karadeniz\u2019de oldu\u011fundan ormanl\u0131k alan\u0131 bol. Kastamonu\u2019yu and\u0131r\u0131yor ama burada yama\u00e7lar \u00e7ok dik ve fazla. Bu bizim biraz tuhaf\u0131m\u0131za gitti. \u015eelale ve a\u011fa\u00e7lar \u00e7ok g\u00fczel g\u00f6r\u00fcn\u00fcyor. Sonbaharda orman \u00e7ok g\u00fczel oluyor yapraklar rengarenk oldu\u011fu i\u00e7in\u201d dedi.<\/p>\n<p>\u00d6r\u00fcmcek Ormanlar\u0131 Tabiat\u0131 Koruma Alan\u0131 ve \u00c7a\u011flayandibi \u015eelalesi Tabiat Park\u0131nda foto\u011fraf \u00e7ekimi yapan \u00f6d\u00fcll\u00fc foto\u011fraf sanat\u00e7\u0131s\u0131 U\u011fur Bulut ise \u201cT\u00fcrkiye\u2019de sonbahar a\u00e7\u0131s\u0131ndan en verimli \u015fehirlerden birisi olan G\u00fcm\u00fc\u015fhane\u2019yi en iyi \u015fekilde tan\u0131tmaya ve foto\u011fraflar\u0131m\u0131zla g\u00f6stermeye \u00e7al\u0131\u015f\u0131yoruz. Bu b\u00f6lgede manzaralar \u00e7ok g\u00fczeldi. B\u00fct\u00fcn renkler i\u00e7 i\u00e7e. K\u0131rm\u0131z\u0131, sar\u0131 ve ye\u015fil tonlar\u0131 hakim co\u011frafyaya. Y\u00fckseklerde bulunan sis te foto\u011fraflara mistik bir hava katt\u0131\u201d diye konu\u015ftu.<\/p>\n","protected":false},"excerpt":{"rendered":"<p>KIVRIM KIVRIM YOLLARI, 4 ASRA \u015eAH\u0130TL\u0130K EDEN DEVASA A\u011eA\u00c7LARI, DERELER\u0130 VE \u015eELALELER\u0130YLE G\u00dcM\u00dc\u015eHANE\u2019N\u0130N DO\u011eAL A\u011eA\u00c7 M\u00dcZES\u0130 OLAN \u00d6R\u00dcMCEK ORMANLARI TAB\u0130AT PARKI SONBAHAR MEVS\u0130M\u0130N\u0130N B\u00dcY\u00dcLEY\u0130C\u0130 G\u00d6R\u00dcNT\u00dcLER\u0130N\u0130 YANSITIYOR. RENK C\u00dcMB\u00dc\u015e\u00dcNE D\u00d6NEN B\u00d6LGEDE BU OLU\u015eUMLARIN B\u0130R AY DAHA ETK\u0130S\u0130N\u0130 S\u00dcRD\u00dcRMES\u0130 BEKLEN\u0130YOR.<\/p>\n","protected":false},"author":1,"featured_media":220079,"comment_status":"closed","ping_status":"open","sticky":false,"template":"","format":"standard","meta":{"jetpack_post_was_ever_published":false,"_jetpack_newsletter_access":"","_jetpack_dont_email_post_to_subs":false,"_jetpack_newsletter_tier_id":0,"_jetpack_memberships_contains_paywalled_content":false,"_jetpack_memberships_contains_paid_content":false,"footnotes":"","jetpack_publicize_message":"","jetpack_publicize_feature_enabled":true,"jetpack_social_post_already_shared":true,"jetpack_social_options":{"image_generator_settings":{"template":"highway","default_image_id":0,"font":"","enabled":false},"version":2}},"categories":[1],"tags":[1991,32584,1084,13894,16862,49701],"class_list":["post-220078","post","type-post","status-publish","format-standard","has-post-thumbnail","hentry","category-genel","tag-agac","tag-buyuleyici","tag-dogal","tag-manzaralari","tag-muzesinde","tag-sonbahar"],"jetpack_publicize_connections":[],"jetpack_featured_media_url":"https:\/\/i0.wp.com\/www.tvturk.com\/wp-content\/uploads\/2019\/10\/dogal-agac-muzesinde-buyuleyici-sonbahar-manzaralari_ef7311b.jpg?fit=1000%2C562","jetpack_sharing_enabled":true,"jetpack_shortlink":"https:\/\/wp.me\/paKIfm-VfE","_links":{"self":[{"href":"http:\/\/www.tvturk.com\/index.php\/wp-json\/wp\/v2\/posts\/220078","targetHints":{"allow":["GET"]}}],"collection":[{"href":"http:\/\/www.tvturk.com\/index.php\/wp-json\/wp\/v2\/posts"}],"about":[{"href":"http:\/\/www.tvturk.com\/index.php\/wp-json\/wp\/v2\/types\/post"}],"author":[{"embeddable":true,"href":"http:\/\/www.tvturk.com\/index.php\/wp-json\/wp\/v2\/users\/1"}],"replies":[{"embeddable":true,"href":"http:\/\/www.tvturk.com\/index.php\/wp-json\/wp\/v2\/comments?post=220078"}],"version-history":[{"count":0,"href":"http:\/\/www.tvturk.com\/index.php\/wp-json\/wp\/v2\/posts\/220078\/revisions"}],"wp:featuredmedia":[{"embeddable":true,"href":"http:\/\/www.tvturk.com\/index.php\/wp-json\/wp\/v2\/media\/220079"}],"wp:attachment":[{"href":"http:\/\/www.tvturk.com\/index.php\/wp-json\/wp\/v2\/media?parent=220078"}],"wp:term":[{"taxonomy":"category","embeddable":true,"href":"http:\/\/www.tvturk.com\/index.php\/wp-json\/wp\/v2\/categories?post=220078"},{"taxonomy":"post_tag","embeddable":true,"href":"http:\/\/www.tvturk.com\/index.php\/wp-json\/wp\/v2\/tags?post=220078"}],"curies":[{"name":"wp","href":"https:\/\/api.w.org\/{rel}","templated":true}]}}