{"id":220098,"date":"2019-10-26T10:16:36","date_gmt":"2019-10-26T07:16:36","guid":{"rendered":"http:\/\/www.tvturk.com\/index.php\/ayipli-bicerdoverler-15-yil-sonra-iade-edilecek\/"},"modified":"2019-10-26T10:16:36","modified_gmt":"2019-10-26T07:16:36","slug":"ayipli-bicerdoverler-15-yil-sonra-iade-edilecek","status":"publish","type":"post","link":"http:\/\/www.tvturk.com\/index.php\/ayipli-bicerdoverler-15-yil-sonra-iade-edilecek\/","title":{"rendered":"Ay\u0131pl\u0131 bi\u00e7erd\u00f6verler 15 y\u0131l sonra iade edilecek"},"content":{"rendered":"<p>Batmanl\u0131 \u00e7ift\u00e7i E\u015fref Tarhan, ABD\u2019li tar\u0131m ara\u00e7lar\u0131 \u00fcreticisi John Deere\u2019ye kar\u015f\u0131 verdi\u011fi 13 y\u0131ll\u0131k hukuk m\u00fccadelesini kazand\u0131. 2006 y\u0131l\u0131nda a\u00e7\u0131lan dava ile ba\u015flayan s\u00fcre\u00e7 Yarg\u0131tay\u2019dan \u00e7\u0131kan onay ile sonland\u0131. Firma \u015fimdi ay\u0131pl\u0131 oldu\u011funa karar verilen 3 bi\u00e7erd\u00f6vere kar\u015f\u0131l\u0131k Tarhan\u2019a 22 bin euro \u00f6deyecek.<\/p>\n<p>D\u00fcnyan\u0131n en b\u00fcy\u00fck tar\u0131m aletleri \u00fcreticilerinden ABD\u2019li John Deere, T\u00fcrkiye\u2019de 2005 y\u0131l\u0131nda satt\u0131\u011f\u0131 yakla\u015f\u0131k 13 adet 1450 CWS ve 1450 WTS model bi\u00e7erd\u00f6verle \u00e7ift\u00e7ileri ma\u011fdur etti. Ma\u011fdurlardan biri Batmanl\u0131 E\u015fref Tarhan, 2005 y\u0131l\u0131nda ABD\u2019li \u015firketten tanesini 120 bin euroya sat\u0131n ald\u0131\u011f\u0131 3 bi\u00e7erd\u00f6verin ay\u0131pl\u0131 olmas\u0131 sebebiyle ba\u015flatt\u0131\u011f\u0131 hukuk m\u00fccadelesini Yarg\u0131tay\u2019\u0131n onaylamas\u0131yla kazand\u0131.<\/p>\n<p>S\u00f6z konusu al\u0131nan bi\u00e7erd\u00f6verlerin ucuz maliyetinden dolay\u0131 Brezilya\u2019da imal edilip T\u00fcrkiye\u2019ye g\u00f6nderildi\u011fini ve sat\u0131ld\u0131\u011f\u0131n\u0131 belirten Tarhan, s\u00fcrekli ar\u0131za veren bi\u00e7erd\u00f6verleri mahkeme karar\u0131yla teslim edip firmadan 22 bin euro \u00f6deme alacak. E\u015fref Tarhan\u2019\u0131n elde etti\u011fi bu sonu\u00e7, ay\u0131pl\u0131 bi\u00e7erd\u00f6verlerden dolay\u0131 ma\u011fduriyet ya\u015fayan di\u011fer \u00e7ift\u00e7ileri de umutland\u0131rd\u0131.<\/p>\n<p>\u2019\u2019Makineler i\u015f g\u00fcc\u00fcn\u00fcn ucuz oldu\u011fu Brezilya imalat\u0131ym\u0131\u015f\u2019\u2019<\/p>\n<p>Bi\u00e7erd\u00f6verleri al\u0131m s\u00fcrecini anlatan \u00c7ift\u00e7i E\u015fref Tahran, \u2019\u20192005 y\u0131l\u0131na kadar farkl\u0131 marka bi\u00e7erd\u00f6ver kullan\u0131yorduk. Teknolojimizi geli\u015ftirelim diye 2005 y\u0131l\u0131nda makinelerimizi de\u011fi\u015ftirelim dedik. \u00d6nce kulland\u0131\u011f\u0131m\u0131z marka hi\u00e7bir \u015fekilde ar\u0131za yapmayan bir makineydi. 3 tane bi\u00e7er d\u00f6ver ve 4 tane trakt\u00f6r sat\u0131n ald\u0131m. Bi\u00e7erd\u00f6verleri ald\u0131\u011f\u0131m\u0131z ilk haftadan itibaren ar\u0131za yapmaya ba\u015flad\u0131. Me\u011ferse bu makineler Almanya\u2019da ya da Amerika\u2019da yap\u0131lan makineler de\u011fil, i\u015f g\u00fcc\u00fcn\u00fcn ucuz oldu\u011fu Brezilya imalat\u0131ym\u0131\u015f. Biz, bu durumu kendilerine illettik. 5-6 bi\u00e7erd\u00f6ver sahibi toplan\u0131p bu \u015firketin K\u00fc\u00e7\u00fckyal\u0131\u2019daki m\u00fcd\u00fcrl\u00fc\u011f\u00fcne gittik. Makinelerin ay\u0131pl\u0131 oldu\u011funu ve geri al\u0131nmas\u0131 gerekti\u011fini talep ettik. Bunlar, bizi zaman a\u015f\u0131m\u0131na u\u011fratmak i\u00e7in oyalad\u0131lar. B\u00fct\u00fcn makinelerimizi toplay\u0131p kendi ceplerinden masraflar\u0131n\u0131 kar\u015f\u0131lanmak \u00fczere k\u0131r\u0131lan b\u00fct\u00fcn par\u00e7alar\u0131 tamir ettiler. Biz o zaman dedik ki, \u2019\u2019Bu fabrikalar fabrika \u00e7\u0131k\u0131\u015fl\u0131 \u00e7al\u0131\u015fmad\u0131, onar\u0131mla \u00e7al\u0131\u015fmaz\u2019\u2019. Tekrar ar\u0131za yap\u0131nca konuyu mahkemeye ta\u015f\u0131d\u0131m\u2019\u2019 dedi.<\/p>\n<p>\u2019\u2019Bilirki\u015fi raporunda makineler y\u00fczde 60 ay\u0131pl\u0131\u2019\u2019<\/p>\n<p>Bi\u00e7erd\u00f6verlerin ar\u0131za oldu\u011funu ispatlamak i\u00e7in bilirki\u015fi raporlar\u0131na ba\u015fvurduklar\u0131n\u0131 belirten Tahran, \u2019\u2019Yapt\u0131\u011f\u0131m\u0131z anla\u015fmalar gere\u011fi Sultanahmet Ticaret Mahkemeleri yetkiliydi. 39\u2019uncu Asliye Ticaret Mahkemesi\u2019nde dava a\u00e7t\u0131k. Dava neticesinde hakimler bilirki\u015fiye ba\u015fvuru yapmak zorundalar. \u00d6nce Batman\u2019dan 1 tane makine m\u00fchendisi, 1 tane ziraat m\u00fchendisi bir de ba\u015f usta getirdik. Makineler \u00fczerinde yap\u0131lan incelemeler sonucunda makinelerin ay\u0131pl\u0131 oldu\u011fu fabrikaya bildirdik. Onlarda bunu kullan\u0131c\u0131 hatas\u0131 deyip reddedince, 2\u2019nci kez Batman Makineler M\u00fchendisleri Odas\u0131\u2019ndan 9 tane m\u00fchendis ismi g\u00f6nderdik. 9 m\u00fchendis \u00fczerinden 3 ki\u015filik heyet olu\u015fturdular. 3 ki\u015filik heyetin verdi\u011fi bilirki\u015fi raporuna binaen makinelerin ay\u0131pl\u0131 oldu\u011fu s\u00f6ylenildi. \u015eirketin avukatlar\u0131 2\u2019nci bir rapor istedi, mahkeme bunu kabul etti. Adana \u00c7ukurova \u00dcniversitesi Ziraat Fak\u00fcltesi Makine B\u00f6l\u00fcm\u00fc Ba\u015fkanl\u0131\u011f\u0131\u2019ndan 3 ki\u015filik \u00f6\u011fretim \u00fcyesi tayin edip bizim k\u00f6y\u00fcm\u00fcze gelip bi\u00e7erd\u00f6verler \u00fczerinde incelemeler yapt\u0131lar. Onlar, k\u00f6yde yap\u0131lan incelemenin yeterli olmayaca\u011f\u0131n\u0131 ve bir makinenin \u00c7ukurova \u00dcniversitesi\u2019ne g\u00f6t\u00fcrmemizi istediler. K\u0131sa s\u00fcre g\u00f6r\u00fcp teslim ettik. Oradaki bilirki\u015fi heyeti 1 ay makine \u00fczerinde inceleme yapt\u0131lar. Makinelerin y\u00fczde 60 ay\u0131pl\u0131 oldu\u011funu, \u015firketin iddia etti\u011fi gibi kullan\u0131c\u0131 hatas\u0131na tabii olmad\u0131\u011f\u0131n\u0131 \u015feklinde detayl\u0131 bir rapor yaz\u0131p 39\u2019uncu Asliye Ticaret Mahkemesi\u2019ne yollad\u0131lar. Mahkeme g\u00fcn\u00fc \u015firketin avukatlar\u0131 tekrar bilirki\u015fi raporunun bilisel temelden yoksun oldu\u011funu, bu rapora dayanarak mahkemenin karar veremeyece\u011fini \u015feklinde talepte bulundular\u2019\u2019 \u015feklinde konu\u015ftu.<\/p>\n<p>\u2019\u201939\u2019uncu Asliye Ticaret Mahkemesi bu makinelerin ay\u0131pl\u0131 oldu\u011funa karar verdi\u2019\u2019<\/p>\n<p>Tahran s\u00f6zlerine \u015f\u00f6yle devam etti: \u2019\u2019Bu sefer her 3 makinenin \u00c7ukurova \u00dcniversitesi\u2019ne g\u00f6t\u00fcr\u00fclmesine karar verildi. Masraflar\u0131n\u0131 \u015firketin kar\u015f\u0131lamas\u0131 \u00fczerine 3 makineyi \u00fcniversiteye g\u00f6nderdik. 1 aya yak\u0131n makineler orada kald\u0131. Yap\u0131lan incelemede ilk raporlar teyit eder anlamda makinelerin ay\u0131pl\u0131 oldu\u011funa karar verildi. Mahkeme g\u00fcn\u00fc \u015firketin avukatlar\u0131 3 ve 4\u2019\u00fcnc\u00fc rapora itiraz ettiler. Bilimsel temelden yoksun oldu\u011funu ve buna dayanarak karar verilemeyece\u011fini s\u00f6ylediler. Mahkeme heyeti  4 ve 5\u2019inci taleplerini de kabul ettiler. Makinelerin Batman\u2019dan al\u0131p \u0130stanbul Teknik \u00dcniversitesi ve Y\u0131ld\u0131z Teknik \u00dcniversitesi\u2019nden bilirki\u015fi heyetine teslim edilmek \u00fczere \u0130T\u00dc Florya tesislerine getirdiler. Orada da makinelere bir aya yak\u0131n inceleme yap\u0131ld\u0131. Makineler \u00fczerinde yap\u0131lan incemeler neticesinde ge\u00e7mi\u015fteki raporlar\u0131n do\u011fru oldu\u011funu ve bu makinelerin ay\u0131pl\u0131 oldu\u011funu teyit ettiler. Hatta \u015f\u00f6yle bir c\u00fcmle kurdular: \u2019Bu makinelerin ay\u0131pl\u0131 olmad\u0131\u011f\u0131n\u0131 iddia etmek, m\u00fchendislik bilgisini yok saymakt\u0131r\u2019.  39\u2019uncu Asliye Ticaret mahkemesi bu makinelerin ay\u0131pl\u0131 oldu\u011funa karar verdi\u2019\u2019.<\/p>\n<p>\u2019\u20192\u2019nci kez nitelikli doland\u0131r\u0131c\u0131l\u0131k su\u00e7undan firmay\u0131 mahkemeye verece\u011fiz\u2019\u2019<\/p>\n<p>\u015eirketin ka\u00e7ak\u00e7\u0131l\u0131k yapt\u0131\u011f\u0131 iddia Tahran, \u2019\u2019Bu \u015firketin yapt\u0131\u011f\u0131 en \u00f6nemli bir di\u011fer olay da g\u00fcmr\u00fckte ka\u00e7ak\u00e7\u0131l\u0131k yapm\u0131\u015f olmas\u0131d\u0131r.  2450 WTS bizim sat\u0131n ald\u0131\u011f\u0131m\u0131z makineler, onlar\u0131n bize teslim etti\u011fi makineler ise 2004 model  1450 model CWS\u2019dir.  CWS, WTS\u2019nin bir alt modelidir. Nas\u0131l bunlar\u0131 bu \u015fekilde g\u00fcmr\u00fckten ge\u00e7irmi\u015fler anlamak m\u00fcmk\u00fcn de\u011fil. Bu konuda bilirki\u015fi raporlar\u0131nda ve mahkeme kararlar\u0131nda mevcuttur. Yarg\u0131tay\u2019da yerel mahkemenin karar\u0131n\u0131 onam\u0131\u015ft\u0131r. Biz, onlar hakk\u0131nda elimizde raporlar yokken, nitelikli doland\u0131r\u0131c\u0131l\u0131k su\u00e7undan su\u00e7 duyurusunda bulunmu\u015ftuk. O zaman ana dava ile birle\u015ftirilmi\u015fti, \u015fimdi bu raporlar ve mahkeme kararlar\u0131yla ikinci kez adalet bakanl\u0131\u011f\u0131ndan talep edip yeniden nitelikli doland\u0131r\u0131c\u0131l\u0131k su\u00e7undan firmay\u0131 mahkemeye verece\u011fiz\u2019\u2019 diye konu\u015ftu.<\/p>\n<p>\u2019\u2019Makineleri teslim etmemiz halinde 22 bin euroyu verecekler\u2019\u2019<\/p>\n<p>Mahkemenin 10 y\u0131l s\u00fcrd\u00fc\u011f\u00fc aktaran Tahran, \u2019\u2019Mahkeme 2006 y\u0131l\u0131n\u0131n May\u0131s ay\u0131ndan 2017\u2019ye kadar devam etti. 22 bin euroluk k\u0131smi a\u00e7t\u0131\u011f\u0131m\u0131z davay\u0131 a\u00e7t\u0131k. Fakat avukat\u0131m\u0131z\u0131n ihmalinden ve \u0131slah etmedi\u011fimizden dolay\u0131 kazand\u0131\u011f\u0131m\u0131z para 22 bin euro\u2019dur. Makineleri teslim etmemiz halinde 22 bin euroyu verecekler. Biz \u015firketin etik olmayan davran\u0131\u015f i\u00e7erisine girece\u011fini tahmin etmiyorduk. \u0130lk raporlardan sonra \u00fclkeye giren t\u00fcm makineleri geri toplamalar\u0131 gerekiyor. Ben \u015fahsen art\u0131k kendi derdimde de\u011filim. Ka\u00e7 tane makine verilmi\u015fse hepsi ay\u0131pl\u0131d\u0131r. Makinelerden sat\u0131n alan ki\u015filerden birisi makinelerden memnun oldu\u011funu s\u00f6ylerse ben alacaklar\u0131mdan vazge\u00e7ece\u011fim\u2019\u2019 a\u00e7\u0131klamas\u0131nda bulundu.<\/p>\n<p>\u2019\u2019\u015eirkete aile facias\u0131na neden oldu\u2019\u2019<\/p>\n<p>Sat\u0131\u015f yapan bayi ile ilgili ya\u015fanan olay\u0131 anlatan Tahran, \u2019\u2019Diyarbak\u0131r\u2019da Yent\u00fcrk ailesinden Fad\u0131l Yent\u00fcrk, iki tane bi\u00e7erd\u00f6ver sat\u0131n ald\u0131. O\u011flu Esat Yent\u00fcrk ile beraber \u015firketin tesislerine gittik. Makineleri geri almalar\u0131n\u0131 talep ettik ama olumsuz geri d\u00f6n\u00fc\u015f ald\u0131k. Sonra bayiye gittiler tart\u0131\u015fma \u00e7\u0131kt\u0131, birbirine silah s\u0131kt\u0131lar. Bayi ise \u00c7etin S\u00fcmer arkada\u015f\u0131m\u0131zd\u0131. A\u00e7\u0131k\u00e7as\u0131 bayinin burada kabahati yok, kabahatli olan \u015firkettir. \u00c7etin S\u00fcmer yaraland\u0131. Sorumlular 7,5 y\u0131l ceza yediler. Daha sonra onlar\u0131 bar\u0131\u015ft\u0131rd\u0131k. Sorumlular cezaevinde yatt\u0131. \u015eirket asl\u0131nda aile facias\u0131na neden oldu\u2019\u2019 dedi.<\/p>\n<p>Yent\u00fcrk: \u201c\u0130n\u015fallah bizim de ma\u011fduriyetlerimiz giderilir\u201d<\/p>\n<p>Bahsi ge\u00e7en bi\u00e7erd\u00f6verlerin sat\u0131n alan bir ba\u015fka isim de Esat Yent\u00fcrk idi. Yent\u00fcrk, o d\u00f6nem sat\u0131n ald\u0131klar\u0131 bi\u00e7erd\u00f6verlerin hatal\u0131 oldu\u011funu do\u011frulayarak, \u201cBen bu ara\u00e7lardan iki tane ald\u0131m ve bunlar ar\u0131zal\u0131 \u00e7\u0131kt\u0131. Sonu\u00e7 olarak benim gibi arkada\u015flar ma\u011fdur olduk\u201d dedi.<\/p>\n<p>Yent\u00fcrk, firman\u0131n \u0130stanbul\u2019da bulunan genel merkezindeki yetkililerin durumu kabul ettiklerini belirterek \u201cBu kadar insan ma\u011fdur oldu. Bu s\u00fcre\u00e7te arazilerini satanlar da oldu.  Kimisi de bi\u00e7erd\u00f6verlerini geri verdi.  Ben de bi\u00e7erd\u00f6verimi teslim ettim, bug\u00fcne kadar da hi\u00e7 para almad\u0131m\u201d diye konu\u015ftu.<\/p>\n<p>E\u015fref Tarhan\u2019\u0131n verdi\u011fi hukuk m\u00fccadelesini kazand\u0131\u011f\u0131na sevindi\u011fini aktaran Yent\u00fcrk, \u201c\u0130n\u015faallah bizim de ma\u011fduriyetlerimiz giderilir\u201d diyerek  temenni de bulundu.<\/p>\n<p>\u201cBilirki\u015fi tutanaklar\u0131nda fark ettik\u201d<\/p>\n<p>Esat Yent\u00fcrk\u2019\u00fcn karde\u015fi Neaf Yent\u00fcrk de \u201cMa\u011fduriyetimizin hi\u00e7bir kar\u015f\u0131l\u0131\u011f\u0131n\u0131 almad\u0131k. \u0130ki adet bi\u00e7erd\u00f6ver ald\u0131k. Bu ara\u00e7lar bizim ald\u0131\u011f\u0131m\u0131zdan bir model d\u00fc\u015f\u00fck \u00e7\u0131kt\u0131. Ruhsatlar\u0131nda olmas\u0131 gereken gibi yaz\u0131yordu. Bilirki\u015fi tutanaklar\u0131nda fark ettik. Bu zaferi E\u015fraf abi kazand\u0131, T\u00fcrkiye kazand\u0131\u201d diye g\u00f6r\u00fc\u015f belirtti.<\/p>\n<p>Bahsi ge\u00e7en firman\u0131n yetkililerinden konuyla ilgili bir cevap istendi ancak herhangi bir a\u00e7\u0131klama yap\u0131lmad\u0131.<\/p>\n","protected":false},"excerpt":{"rendered":"<p>BATMANLI \u00c7\u0130FT\u00c7\u0130 E\u015eREF TARHAN, ABD&#8217;L\u0130 TARIM ARA\u00c7LARI \u00dcRET\u0130C\u0130S\u0130 JOHN DEERE\u2019YE KAR\u015eI VERD\u0130\u011e\u0130 13 YILLIK HUKUK M\u00dcCADELES\u0130N\u0130 KAZANDI.  (\u00c7\u0130FT\u00c7\u0130 E\u015eREF TAHRAN)<\/p>\n","protected":false},"author":1,"featured_media":220099,"comment_status":"closed","ping_status":"open","sticky":false,"template":"","format":"standard","meta":{"jetpack_post_was_ever_published":false,"_jetpack_newsletter_access":"","_jetpack_dont_email_post_to_subs":false,"_jetpack_newsletter_tier_id":0,"_jetpack_memberships_contains_paywalled_content":false,"_jetpack_memberships_contains_paid_content":false,"footnotes":"","jetpack_publicize_message":"","jetpack_publicize_feature_enabled":true,"jetpack_social_post_already_shared":true,"jetpack_social_options":{"image_generator_settings":{"template":"highway","default_image_id":0,"font":"","enabled":false},"version":2}},"categories":[19],"tags":[23566,44054,6119,17597,2022,231],"class_list":["post-220098","post","type-post","status-publish","format-standard","has-post-thumbnail","hentry","category-ekonomi","tag-ayipli","tag-bicerdoverler","tag-edilecek","tag-iade","tag-sonra","tag-yil"],"jetpack_publicize_connections":[],"jetpack_featured_media_url":"https:\/\/i0.wp.com\/www.tvturk.com\/wp-content\/uploads\/2019\/10\/ayipli-bicerdoverler-15-yil-sonra-iade-edilecek_d240521.jpg?fit=1000%2C666","jetpack_sharing_enabled":true,"jetpack_shortlink":"https:\/\/wp.me\/paKIfm-VfY","_links":{"self":[{"href":"http:\/\/www.tvturk.com\/index.php\/wp-json\/wp\/v2\/posts\/220098","targetHints":{"allow":["GET"]}}],"collection":[{"href":"http:\/\/www.tvturk.com\/index.php\/wp-json\/wp\/v2\/posts"}],"about":[{"href":"http:\/\/www.tvturk.com\/index.php\/wp-json\/wp\/v2\/types\/post"}],"author":[{"embeddable":true,"href":"http:\/\/www.tvturk.com\/index.php\/wp-json\/wp\/v2\/users\/1"}],"replies":[{"embeddable":true,"href":"http:\/\/www.tvturk.com\/index.php\/wp-json\/wp\/v2\/comments?post=220098"}],"version-history":[{"count":0,"href":"http:\/\/www.tvturk.com\/index.php\/wp-json\/wp\/v2\/posts\/220098\/revisions"}],"wp:featuredmedia":[{"embeddable":true,"href":"http:\/\/www.tvturk.com\/index.php\/wp-json\/wp\/v2\/media\/220099"}],"wp:attachment":[{"href":"http:\/\/www.tvturk.com\/index.php\/wp-json\/wp\/v2\/media?parent=220098"}],"wp:term":[{"taxonomy":"category","embeddable":true,"href":"http:\/\/www.tvturk.com\/index.php\/wp-json\/wp\/v2\/categories?post=220098"},{"taxonomy":"post_tag","embeddable":true,"href":"http:\/\/www.tvturk.com\/index.php\/wp-json\/wp\/v2\/tags?post=220098"}],"curies":[{"name":"wp","href":"https:\/\/api.w.org\/{rel}","templated":true}]}}