{"id":220124,"date":"2019-10-26T11:02:50","date_gmt":"2019-10-26T08:02:50","guid":{"rendered":"http:\/\/www.tvturk.com\/index.php\/palandoken-mesleki-yeterlilik-nitelikli-eleman-demektir\/"},"modified":"2019-10-26T11:02:50","modified_gmt":"2019-10-26T08:02:50","slug":"palandoken-mesleki-yeterlilik-nitelikli-eleman-demektir","status":"publish","type":"post","link":"http:\/\/www.tvturk.com\/index.php\/palandoken-mesleki-yeterlilik-nitelikli-eleman-demektir\/","title":{"rendered":"Paland\u00f6ken, \u201cmesleki yeterlilik nitelikli eleman demektir\u201d"},"content":{"rendered":"<p>Mesleki e\u011fitimin ve yeterlilik belgesinin \u00f6nemine dikkati \u00e7eken TESK Genel Ba\u015fkan\u0131 Bendevi Paland\u00f6ken, \u201cG\u00fc\u00e7l\u00fc ekonomi, uluslararas\u0131 alanda da etkin bir konum demektir. Ekonominin g\u00fc\u00e7 ayaklar\u0131ndan birisi nitelikli elemand\u0131r. Nitelikli eleman ihtiyac\u0131 da mesleki e\u011fitim ve yeterlilik ile ger\u00e7ekle\u015fir. TESK olarak biz de mesleki e\u011fitime ve i\u015f g\u00fcc\u00fcne verdi\u011fimiz \u00f6nem do\u011frultusunda bug\u00fcne kadar 23 ulusal yeterlilik, 36 ulusal meslek standard\u0131 haz\u0131rlad\u0131k\u201d dedi.<\/p>\n<p>\u201cUluslararas\u0131 alanda etkin bir konum i\u00e7in g\u00fc\u00e7l\u00fc ekonomi \u015fart\u201d<\/p>\n<p>G\u00fc\u00e7l\u00fc ekonomilerin en \u00f6nemli ayaklar\u0131ndan birinin \u00fcretkenlik ve nitelikli eleman oldu\u011funu vurgulayan T\u00fcrkiye Esnaf ve Sanatk\u00e2rlar Konfederasyonu (TESK) Genel Ba\u015fkan\u0131 Bendevi Paland\u00f6ken, \u201cHer sekt\u00f6rde ve alanda nitelikli elemanlar\u0131 ile \u00fcreten bir \u00fclkenin ekonomisi de g\u00fc\u00e7l\u00fc olur. G\u00fc\u00e7l\u00fc ekonomi ise uluslararas\u0131 alanda da etkin bir konuma sahip olmay\u0131 getirir. Bunun i\u00e7in ise en \u00f6nemli noktalardan birisi, mesle\u011finde gereken bilgi ve tecr\u00fcbeye sahip, nitelikli eleman. \u00dclkemizin de \u00f6nemli sorunlar\u0131ndan birisi olan nitelikli eleman ihtiyac\u0131 ise mesleki e\u011fitim ile kapan\u0131r. Mesleki e\u011fitim, en \u00f6nemli i\u015f g\u00fcc\u00fc potansiyelimiz olan gen\u00e7lerin yetenek ve ilgi alanlar\u0131na \u015fekil kazand\u0131r\u0131r, hem kendilerine hem de ekonomimize katk\u0131 sa\u011flar\u201d diye konu\u015ftu.<\/p>\n<p>\u201cTESK olarak mesleki yeterlili\u011fe verdi\u011fimiz \u00f6nem b\u00fcy\u00fck\u201d<\/p>\n<p>Mesleki yeterlilik ve meslek standartlar\u0131n\u0131n \u00f6neminin alt\u0131n\u0131 \u00e7izen Paland\u00f6ken, \u201cBu y\u0131l y\u00fczde 47 olan istihdam oran\u0131n\u0131n 2023 hedeflerindeki y\u00fczde 50\u2019nin \u00fczerine \u00e7\u0131kartmak i\u00e7in izlenecek yol haritas\u0131nda da mesleki yeterlilik ve meslek standartlar\u0131 \u00e7ok b\u00fcy\u00fck \u00f6nem ta\u015f\u0131yor. TESK olarak bug\u00fcne kadar haz\u0131rlad\u0131\u011f\u0131m\u0131z ulusal yeterlilikler ile ulusal meslek standartlar\u0131, mesleki e\u011fitime verdi\u011fimiz \u00f6nem ile birlikte i\u015f g\u00fcc\u00fcne ve nitelikli eleman sorununa \u00e7\u00f6z\u00fcm noktas\u0131nda destek veriyoruz. Mesleki Yeterlilik Kurumu (MYK) \u2018ndan ald\u0131\u011f\u0131m\u0131z yetki ile Esnaf ve Sanatk\u00e2r Yetkilendirme Merkezi (ESYEM) kapsam\u0131nda, T\u00fcrkiye \u00e7ap\u0131nda 13 meslekte s\u0131nav ve belgelendirme yaparak deste\u011fimizi s\u00fcrd\u00fcrmeye devam edece\u011fiz\u201d \u015feklinde s\u00f6yledi.<\/p>\n","protected":false},"excerpt":{"rendered":"<p>MESLEK\u0130 E\u011e\u0130T\u0130M\u0130N VE YETERL\u0130L\u0130K BELGES\u0130N\u0130N \u00d6NEM\u0130NE D\u0130KKAT\u0130 \u00c7EKEN TESK GENEL BA\u015eKANI BENDEV\u0130 PALAND\u00d6KEN, \u201cG\u00dc\u00c7L\u00dc EKONOM\u0130, ULUSLARARASI ALANDA DA ETK\u0130N B\u0130R KONUM DEMEKT\u0130R. EKONOM\u0130N\u0130N G\u00dc\u00c7 AYAKLARINDAN B\u0130R\u0130S\u0130 N\u0130TEL\u0130KL\u0130 ELEMANDIR. N\u0130TEL\u0130KL\u0130 ELEMAN \u0130HT\u0130YACI DA MESLEK\u0130 E\u011e\u0130T\u0130M VE YETERL\u0130L\u0130K \u0130LE GER\u00c7EKLE\u015e\u0130R. TESK OLARAK B\u0130Z DE MESLEK\u0130 E\u011e\u0130T\u0130ME VE \u0130\u015eG\u00dcC\u00dcNE VERD\u0130\u011e\u0130M\u0130Z \u00d6NEM DO\u011eRULTUSUNDA BUG\u00dcNE KADAR 23 ULUSAL YETERL\u0130L\u0130K, 36 ULUSAL MESLEK STANDARDI HAZIRLADIK\u201d DED\u0130.<\/p>\n","protected":false},"author":1,"featured_media":220125,"comment_status":"closed","ping_status":"open","sticky":false,"template":"","format":"standard","meta":{"jetpack_post_was_ever_published":false,"_jetpack_newsletter_access":"","_jetpack_dont_email_post_to_subs":false,"_jetpack_newsletter_tier_id":0,"_jetpack_memberships_contains_paywalled_content":false,"_jetpack_memberships_contains_paid_content":false,"footnotes":"","jetpack_publicize_message":"","jetpack_publicize_feature_enabled":true,"jetpack_social_post_already_shared":true,"jetpack_social_options":{"image_generator_settings":{"template":"highway","default_image_id":0,"font":"","enabled":false},"version":2}},"categories":[1],"tags":[5525,15983,6605,4533,8073,8959],"class_list":["post-220124","post","type-post","status-publish","format-standard","has-post-thumbnail","hentry","category-genel","tag-demektir","tag-eleman","tag-mesleki","tag-nitelikli","tag-palandoken","tag-yeterlilik"],"jetpack_publicize_connections":[],"jetpack_featured_media_url":"https:\/\/i0.wp.com\/www.tvturk.com\/wp-content\/uploads\/2019\/10\/palandoken-mesleki-yeterlilik-nitelikli-eleman-demektir_0cee7e1.jpg?fit=664%2C1000","jetpack_sharing_enabled":true,"jetpack_shortlink":"https:\/\/wp.me\/paKIfm-Vgo","_links":{"self":[{"href":"http:\/\/www.tvturk.com\/index.php\/wp-json\/wp\/v2\/posts\/220124","targetHints":{"allow":["GET"]}}],"collection":[{"href":"http:\/\/www.tvturk.com\/index.php\/wp-json\/wp\/v2\/posts"}],"about":[{"href":"http:\/\/www.tvturk.com\/index.php\/wp-json\/wp\/v2\/types\/post"}],"author":[{"embeddable":true,"href":"http:\/\/www.tvturk.com\/index.php\/wp-json\/wp\/v2\/users\/1"}],"replies":[{"embeddable":true,"href":"http:\/\/www.tvturk.com\/index.php\/wp-json\/wp\/v2\/comments?post=220124"}],"version-history":[{"count":0,"href":"http:\/\/www.tvturk.com\/index.php\/wp-json\/wp\/v2\/posts\/220124\/revisions"}],"wp:featuredmedia":[{"embeddable":true,"href":"http:\/\/www.tvturk.com\/index.php\/wp-json\/wp\/v2\/media\/220125"}],"wp:attachment":[{"href":"http:\/\/www.tvturk.com\/index.php\/wp-json\/wp\/v2\/media?parent=220124"}],"wp:term":[{"taxonomy":"category","embeddable":true,"href":"http:\/\/www.tvturk.com\/index.php\/wp-json\/wp\/v2\/categories?post=220124"},{"taxonomy":"post_tag","embeddable":true,"href":"http:\/\/www.tvturk.com\/index.php\/wp-json\/wp\/v2\/tags?post=220124"}],"curies":[{"name":"wp","href":"https:\/\/api.w.org\/{rel}","templated":true}]}}