{"id":220310,"date":"2019-10-26T16:03:25","date_gmt":"2019-10-26T13:03:25","guid":{"rendered":"http:\/\/www.tvturk.com\/index.php\/ali-koc-cumhurbaskanimizin-aramizda-olmasi-bizler-icin-bir-gurur-vesilesidir\/"},"modified":"2019-10-26T16:03:25","modified_gmt":"2019-10-26T13:03:25","slug":"ali-koc-cumhurbaskanimizin-aramizda-olmasi-bizler-icin-bir-gurur-vesilesidir","status":"publish","type":"post","link":"http:\/\/www.tvturk.com\/index.php\/ali-koc-cumhurbaskanimizin-aramizda-olmasi-bizler-icin-bir-gurur-vesilesidir\/","title":{"rendered":"Ali Ko\u00e7: \u201cCumhurba\u015fkan\u0131m\u0131z\u0131n aram\u0131zda olmas\u0131 bizler i\u00e7in bir gurur vesilesidir\u201d"},"content":{"rendered":"<p>Fenerbah\u00e7e Spor Kul\u00fcb\u00fc Ba\u015fkan\u0131 Ali Ko\u00e7, \u201cCumhurba\u015fkan\u0131m\u0131z\u0131n Fenerbah\u00e7e sevdal\u0131s\u0131 olmas\u0131, ayn\u0131 renklere g\u00f6n\u00fcl vermemiz ve bug\u00fcn itibariyle Y\u00fcksek Divan Kurulu \u00fcyeli\u011fine ge\u00e7i\u015f yapmas\u0131, hem kul\u00fcb\u00fcm\u00fcz hem de bizler i\u00e7in bir gurur vesilesidir\u201d diye konu\u015ftu.<\/p>\n<p>Fenerbah\u00e7e Divan Kurulu Toplant\u0131s\u0131, Kalam\u0131\u015f Faruk Ilgaz Tesisleri\u2019nde ger\u00e7ekle\u015ftirildi. Toplant\u0131da a\u00e7\u0131klamalarda bulunan Fenerbah\u00e7e Spor Kul\u00fcb\u00fc Ba\u015fkan\u0131 Ali Ko\u00e7, bu toplant\u0131y\u0131 bir aile bulu\u015fmas\u0131 olarak g\u00f6rd\u00fc\u011f\u00fcn\u00fc ifade ederek, \u201cCumhurba\u015fkan\u0131m\u0131z Recep Tayyip Erdo\u011fan\u2019\u0131n as\u0131rl\u0131k \u00e7\u0131nar Fenerbah\u00e7emizin \u00e7at\u0131s\u0131 alt\u0131nda, bug\u00fcn bizlerle birlikte olmas\u0131n\u0131n onurunu ya\u015f\u0131yoruz. Fenerbah\u00e7e Spor Kul\u00fcb\u00fc \u00fcyeli\u011finin 25. y\u0131l\u0131n\u0131 dolduran Say\u0131n Cumhurba\u015fkan\u0131m\u0131z Y\u00fcksek Divan Kurulu \u00fcyemiz oldu. \u015eahs\u0131m ve camiam\u0131z ad\u0131na sizi can\u0131 g\u00f6n\u00fclden tebrik ediyorum. Cumhurba\u015fkan\u0131m\u0131z\u0131n Fenerbah\u00e7e sevdal\u0131s\u0131 olmas\u0131, ayn\u0131 renklere g\u00f6n\u00fcl vermemiz ve bug\u00fcn itibariyle Y\u00fcksek Divan Kurulu \u00fcyeli\u011fine ge\u00e7i\u015f yapmas\u0131, hem kul\u00fcb\u00fcm\u00fcz hem de bizler i\u00e7in bir gurur vesilesidir. Bug\u00fcn camiam\u0131z i\u00e7in tarihi g\u00fcnlerden biridir. Kendilerine davetimizi k\u0131rmayarak te\u015frif ettikleri ve bu tarihi g\u00fcnde aram\u0131zda olduklar\u0131 i\u00e7in camiam\u0131z ad\u0131na \u015f\u00fckranlar\u0131m\u0131 sunuyorum\u201d dedi.<\/p>\n<p>\u201cHer \u015feyden \u00f6nce Fenerbah\u00e7eli vatanseverdir\u201d<\/p>\n<p>Fenerbah\u00e7eli olman\u0131n vatansever oldu\u011funu dile getiren Ko\u00e7, \u201cEn \u00f6nemli kurulu\u015f ama\u00e7lar\u0131m\u0131zdan biri olan, vatan\u0131n gen\u00e7lerini, zorluklara ve askeri seferberliklere vatan\u0131n korunmas\u0131 i\u00e7in haz\u0131rlama d\u00fcsturundan hareketle Fenerbah\u00e7eli sava\u015f zaman\u0131 \u00fclkesinin m\u00fcdafaas\u0131na ko\u015far. Aynen 1. D\u00fcnya Sava\u015f\u0131\u2019nda oldu\u011fu gibi \u00c7anakkale\u2019ye topraklar\u0131m\u0131z\u0131 savunmak i\u00e7in sahada akan teri kurumadan formas\u0131n\u0131 \u00e7\u0131kar\u0131p \u00fcniforma giyen de Fenerbah\u00e7e\u2019ydi, Mustafa Kemal Pa\u015fa\u2019n\u0131n emriyle Kurtulu\u015f Sava\u015f\u0131m\u0131zda Anadolu\u2019ya silah ve m\u00fchimmat ka\u00e7\u0131ran da bu \u015fanl\u0131 camiayd\u0131. S\u0131n\u0131rl\u0131 imkanlar\u0131na ra\u011fmen i\u015fgal kuvvetlerine kar\u015f\u0131 \u00e7\u0131kt\u0131\u011f\u0131 50 ma\u00e7\u0131n 41\u2019ini kazanarak Milli M\u00fccadelemize moral veren ve son ma\u00e7ta da General Harington Kupas\u0131\u2019n\u0131 kald\u0131rarak cephede yendi\u011fimiz i\u015fgal kuvvetlerini ye\u015fil sahada bir kez daha bozguna u\u011fratan da yine Fenerbah\u00e7e\u2019ydi. Fenerbah\u00e7eli bar\u0131\u015f zaman\u0131nda \u00fclkesini uluslararas\u0131 m\u00fcsabakalarda en iyi \u015fekilde temsil etmek i\u00e7in ter d\u00f6ker. Cephede ordusunun, salon ve sahalarda ise \u015eanl\u0131 Bayra\u011f\u0131m\u0131z\u0131n emrinde olmu\u015f bir camiad\u0131r\u201d \u015feklinde konu\u015ftu.<\/p>\n<p>\u201cBar\u0131\u015f P\u0131nar\u0131 Harekat\u0131\u2019n\u0131n t\u00fcm kalbimizle yan\u0131nday\u0131z\u201d<\/p>\n<p>Bar\u0131\u015f P\u0131nar\u0131 Harekat\u0131\u2019na de\u011finen Ali Ko\u00e7, \u201cBug\u00fcn de Bar\u0131\u015f P\u0131nar\u0131 Harekat\u0131\u2019n\u0131n t\u00fcm kalbimizle yan\u0131nda yer ald\u0131\u011f\u0131m\u0131z\u0131 daha ilk anda d\u00fcnyaya ilan ettik. Bu vesileyle t\u00fcm \u015fehitlerimize Allah\u2019tan rahmet, gazilerimize ise acil \u015fifalar diliyoruz. Hakl\u0131 m\u00fccadelemizde T\u00fcrk Silahl\u0131 Kuvvetlerimize bir kez daha kuvvet, kudret ve muvaffakiyetler temenni ediyoruz. Allah yar ve yard\u0131mc\u0131m\u0131z olsun\u201d ifadelerini kulland\u0131.<\/p>\n<p>\u201cHalk\u0131n tak\u0131m\u0131 Fenerbah\u00e7e, demokrasiye inan\u0131r\u201d<\/p>\n<p>Kul\u00fcb\u00fcn b\u00fct\u00fcn yetkili organlar\u0131, kurullar\u0131 ve kararlar\u0131 demokratik s\u00fcre\u00e7lerle belirlendi\u011fini s\u00f6yleyen Ko\u00e7, s\u00f6zlerini \u015f\u00f6yle s\u00fcrd\u00fcrd\u00fc:<\/p>\n<p>\u201c43 bin \u00fcye ile T\u00fcrkiye\u2019de en b\u00fcy\u00fck \u00fcye say\u0131s\u0131na sahip spor kul\u00fcb\u00fc olan Fenerbah\u00e7e\u2019de, her Fenerbah\u00e7eli\u2019nin kul\u00fcb\u00fcne \u00fcyelik hakk\u0131 ve de kul\u00fcb\u00fcn\u00fcn gelece\u011finde s\u00f6z hakk\u0131 vard\u0131r. Fenerbah\u00e7e\u2019nin en b\u00fcy\u00fck g\u00fc\u00e7 kayna\u011f\u0131, \u00fcyelerinin iradesine ve milyonlarca taraftar\u0131n\u0131n deste\u011fine dayanmakt\u0131r. Fenerbah\u00e7eli, t\u0131pk\u0131 kul\u00fcp i\u00e7inde oldu\u011fu gibi \u00fclke y\u00f6netiminde de demokrasinin gere\u011fine ve erdemine inan\u0131r. Milli iradeyle se\u00e7ilmi\u015f devletimizin her bir y\u00f6neticisine sayg\u0131 g\u00f6sterir. Devletinin yan\u0131nda olmak Fenerbah\u00e7eli duru\u015funun olmazsa olmaz ko\u015fuludur.\u201d<\/p>\n<p>\u201cFenerbah\u00e7eli hukukun \u00fcst\u00fcnl\u00fc\u011f\u00fcne ve adalete inan\u0131r\u201d<\/p>\n<p>Hukukun ve adaletin olmad\u0131\u011f\u0131 hi\u00e7bir s\u00fcrecin par\u00e7as\u0131 olmay\u0131 asla kabul etmeyeceklerini dile getiren Ali Ko\u00e7, \u201cHukuk ve adalet d\u0131\u015f\u0131 muamelelere maruz kalmaya da r\u0131za g\u00f6stermez ve t\u00fcm g\u00fcc\u00fcyle kar\u015f\u0131s\u0131nda durur. 3 Temmuz\u2019da camiam\u0131za yap\u0131lan hain FET\u00d6 kumpas\u0131nda dostumuz da d\u00fc\u015fman\u0131m\u0131z da bu tavr\u0131m\u0131z\u0131 g\u00f6rd\u00fc. Say\u0131n ba\u015fkan Aziz Y\u0131ld\u0131r\u0131m\u2019\u0131n liderli\u011finde, y\u00f6netim kurulumuz, sporcular\u0131m\u0131z, \u00e7al\u0131\u015fanlar\u0131m\u0131z ve her \u015feyden \u00f6nemlisi milyonlarca taraftar\u0131m\u0131zla camia olarak en yaln\u0131z kald\u0131\u011f\u0131m\u0131z bu s\u00fcre\u00e7te topyekun m\u00fccadele ettik. Maddi-manevi \u00e7ok a\u011f\u0131r bedeller \u00f6dedik, halen de \u00f6demeye devam ediyoruz. Ancak, ba\u015fta siz olmak \u00fczere vicdanl\u0131 ve objektif herkesin de takdir etti\u011fi gibi, bu \u00f6rg\u00fct\u00fcn al\u00e7ak te\u015febb\u00fcs\u00fcne en g\u00fc\u00e7l\u00fc olduklar\u0131 d\u00f6nemde boyun e\u011fmedik. FET\u00d6\u2019ye kar\u015f\u0131 direnme noktas\u0131nda \u00fclkemize \u00f6nc\u00fc olduk, direni\u015fi ba\u015flatt\u0131k. Bize reva g\u00f6r\u00fclen haks\u0131z muamele kar\u015f\u0131s\u0131nda, bu durumu f\u0131rsat bilerek kendi lehlerine rekabet avantaj\u0131 olu\u015fturmak amac\u0131yla organize ve \u00f6rg\u00fctl\u00fc bir \u015fekilde kul\u00fcb\u00fcm\u00fcze sald\u0131r\u0131lar da ya\u015fad\u0131k. Nitekim geri d\u00f6n\u00fcp bakt\u0131\u011f\u0131m\u0131zda ma\u011fduriyetimizden sportif anlamda istifade edenlerin oldu\u011fu inkar edilemez. Unutmayal\u0131m ki bu kahpe sald\u0131r\u0131ya kadar Fenerbah\u00e7e hem sportif hem de mali a\u00e7\u0131dan rakiplerinden fersah fersah \u00f6ndeydi. T\u00fcm bu ya\u015fananlara ra\u011fmen o g\u00fcn de bug\u00fcn de hukuk ve adalete g\u00fcven duymaya devam ediyoruz. 15 Temmuz\u2019da ya\u015fanan korkun\u00e7 olaylardan ve zat-\u0131 alinizin liderli\u011finde milletimizin hain FET\u00d6 sald\u0131r\u0131s\u0131n\u0131 p\u00fcsk\u00fcrtmesinden sonra ya\u015fanan s\u00fcre\u00e7te Ergenekon ve Balyoz\u2019da oldu\u011fu gibi 3 Temmuz\u2019da ya\u015fananlar\u0131n da b\u00fcy\u00fck bir kumpas oldu\u011funu ac\u0131 bir \u015fekilde g\u00f6rd\u00fck. Her platformda daha \u00f6nce de bir\u00e7ok kez seslendirdi\u011fimiz gibi 3 Temmuz davas\u0131 ile ilgili karar\u0131 Yarg\u0131tay\u2019dan bekliyoruz. Geciken adalet adalet de\u011fildir. Biz hem adalete g\u00fcvenmeye devam edece\u011fiz hem de hakk\u0131m\u0131z\u0131n bir an \u00f6nce teslim edilmesi i\u00e7in hukuki zeminde t\u00fcm \u00e7abalar\u0131m\u0131z\u0131 s\u00fcrd\u00fcrece\u011fiz\u201d dedi.<\/p>\n<p>\u201cFenerbah\u00e7eli Cumhuriyet\u2019e ba\u011fl\u0131d\u0131r\u201d<\/p>\n<p>Fenerbah\u00e7e\u2019nin Cumhuriyet \u00e7izgisinde oldu\u011funu s\u00f6yleyen Ko\u00e7, \u201cFenerbah\u00e7e, Ulu \u00f6nder Atat\u00fcrk\u2019\u00fcn<\/p>\n<p>\u201cCumhuriyet, y\u00fcksek ahlaki de\u011fer ve niteliklere dayanan bir idaredir. Cumhuriyet fazilettir. Cumhuriyet idaresi faziletli ve namuslu insanlar yeti\u015ftirir\u201d s\u00f6z\u00fcn\u00fc felsefe olarak benimsemi\u015ftir.<\/p>\n<p>Cumhuriyet\u2019imizin ilke ve de\u011ferlerine ba\u011fl\u0131l\u0131k, camiam\u0131z\u0131n vatanseverli\u011finin do\u011fal bir sonucudur. Fenerbah\u00e7eli, bu topraklarda bir millet olarak birlikte ve karde\u015f\u00e7e ya\u015faman\u0131n, \u00e7a\u011fda\u015f uygarl\u0131k seviyesini yakalamak ve hatta \u00f6tesine ge\u00e7menin Cumhuriyetin temel hedefleri oldu\u011funun bilincindedir. Atat\u00fcrk\u2019\u00fcn yakm\u0131\u015f oldu\u011fu me\u015faleyi sonsuza kadar ta\u015f\u0131maya kararl\u0131d\u0131r. Bu vesileyle 96. Y\u0131l\u0131na eri\u015fece\u011fimiz Cumhuriyet Bayram\u0131m\u0131z\u0131 \u015fimdiden kutluyorum. Say\u0131n Cumhurba\u015fkan\u0131m, T\u00fcrk sporunun ge\u00e7mi\u015ften g\u00fcn\u00fcm\u00fcze kadar \u00f6nemli sorunlar\u0131 ve ihtiya\u00e7lar\u0131 oldu. \u00d6n\u00fcm\u00fczdeki s\u00fcre\u00e7te de ba\u015fka sorunlar ve ihtiya\u00e7lar\u0131 muhakkak olacakt\u0131r. Bug\u00fcne kadar kul\u00fcpler ve federasyonlar olarak bir\u00e7o\u011funa kendimizin sebep oldu\u011fu bu sorunlar\u0131n \u00fcstesinden gelmeye \u00e7al\u0131\u015ft\u0131k.  G\u00fcc\u00fcm\u00fcz\u00fcn yetmedi\u011fi zamanlarda da \u00fclkemizi y\u00f6netenlerin deste\u011fine m\u00fcracaat ettik. Siz de sporun i\u00e7inden gelen ve bu k\u00fclt\u00fcr\u00fcn \u00f6nemini bilen bir devlet adam\u0131 olarak pek \u00e7ok s\u0131k\u0131nt\u0131m\u0131zda yan\u0131m\u0131zda oldunuz. T\u00fcrk sporunun ve amat\u00f6r kul\u00fcplerin desteklenmesi amac\u0131yla yap\u0131lan kanuni d\u00fczenlemeler bunun en g\u00fczel \u00f6rneklerinden biridir. Amat\u00f6r bran\u015flar\u0131n gelece\u011fi ve geli\u015fimi a\u00e7\u0131s\u0131ndan tarihi nitelikte olan bu kanunla, profesyonel sporculara \u00f6denen \u00fccretlerden kesilen stopaj tutarlar\u0131n\u0131n amat\u00f6r sporlarda kullan\u0131lmas\u0131na imkan tan\u0131nm\u0131\u015ft\u0131r. Bu, b\u00fcnyesinde futbol d\u0131\u015f\u0131nda ba\u015fka spor bran\u015flar\u0131n\u0131 bulunduran kul\u00fcpler i\u00e7in devrim niteli\u011finde bir d\u00fczenleme olmu\u015ftur. Bu d\u00fczenleme \u00fclke sporuna ve kul\u00fcplerimize ger\u00e7ekten b\u00fcy\u00fck katk\u0131lar sa\u011flam\u0131\u015ft\u0131r. Bu konuda hepimiz size \u015f\u00fckran duyuyoruz. Hepimizin bildi\u011fi gibi Fenerbah\u00e7e olimpiyatlara en \u00e7ok sporcu g\u00f6nderen kul\u00fcpt\u00fcr. 2020 Tokyo Olimpiyatlar\u0131\u2019na \u015fu ana kadar 8 sporcumuz kat\u0131l\u0131m hakk\u0131 elde etti. 33 sporcumuz da kat\u0131labilmek i\u00e7in b\u00fcy\u00fck bir rekabet s\u00fcrd\u00fcr\u00fcyor. \u0130n\u015fallah bu uygulama devam eder ve bizler de gen\u00e7 n\u00fcfusu fazla olan \u00fclkemiz i\u00e7in T\u00fcrk sporuna katk\u0131 vermeye devam ederiz. T\u00fcm kul\u00fcpler ad\u0131na bunu sizden istirham ediyorum. Sporun geli\u015fmesi i\u00e7in finansman elbette ki \u00f6nemlidir. Ancak her \u015feyin \u00fcst\u00fcnde olan bir de\u011fer varsa o da rekabette adalettir. Adil sportif rekabetin olmad\u0131\u011f\u0131 yerde sporun arzu edilen seviyeye y\u00fckselmesi m\u00fcmk\u00fcn olamaz. E\u011fer camialar aras\u0131nda kutupla\u015fmalardan s\u00f6z ediyorsak, bunun alt\u0131nda yatan en \u00f6nemli neden adalet eksikli\u011fidir. Sporda ba\u015far\u0131 sadece iyi y\u00f6netim, do\u011fru yat\u0131r\u0131m, yetenek ve \u00e7al\u0131\u015fman\u0131n neticesinde gelmelidir. Sezona ba\u015flarken adalet ve e\u015fitlik ilkelerine at\u0131fta bulunarak bir \u00e7a\u011fr\u0131 yapm\u0131\u015ft\u0131k. Yine bu anlay\u0131\u015fla T\u00fcrkiye Futbol Federasyonu se\u00e7imlerinde tek bir ismi dahi \u00f6nermedik, al\u0131\u015f\u0131lm\u0131\u015f\u0131n aksine bu do\u011frultuda bir lobi \u00e7al\u0131\u015fmas\u0131 yapmad\u0131k. Sporda adaletsizlik tart\u0131\u015fmalar\u0131n\u0131 sona erdirmek i\u00e7in ba\u015fta federasyon olmak \u00fczere t\u00fcm payda\u015flar \u00fczerimize d\u00fc\u015feni yapmal\u0131, birlikte \u00e7aba g\u00f6stermelidir. Unutmayal\u0131m ki bizler sahada rakip, saha d\u0131\u015f\u0131nda ise payda\u015f\u0131z. Bahsetti\u011fimiz ortam\u0131 tesis edebilmek i\u00e7in bize d\u00fc\u015fen ne g\u00f6rev varsa T\u00fcrk sporunun emrindeyiz.  Vefa Bey, in\u015fallah s\u00f6zlerinizde bahsetti\u011finiz o toplant\u0131y\u0131 da ger\u00e7ekle\u015ftirirsiniz. Biz Fenerbah\u00e7e olarak hem sorumluluklar\u0131m\u0131z\u0131n fark\u0131nday\u0131z, hem de \u00fczerimize d\u00fc\u015fenleri yapt\u0131\u011f\u0131m\u0131za inan\u0131yoruz. Adil rekabete zarar verecek oldu bittilere de sessiz kalmayaca\u011f\u0131m\u0131z\u0131 s\u00f6ylemek isteriz&#8221; dedi.<\/p>\n<p>\u201cCumhurba\u015fkan\u0131m\u0131z\u0131 ma\u00e7a bekliyoruz\u201d<\/p>\n<p>Cumhurba\u015fkan\u0131 Recep Tayyip Erdo\u011fan\u2019\u0131 ak\u015fam oynanacak olan Konyaspor ma\u00e7\u0131na davet eden Ali Ko\u00e7, &#8220;Fenerbah\u00e7e camias\u0131 olarak sizi ve de\u011ferli ailenizi stad\u0131m\u0131zda a\u011f\u0131rlamaktan b\u00fcy\u00fck onur duyaca\u011f\u0131m\u0131z\u0131 belirtmek istiyorum. Sizin sporu ne kadar sevdi\u011finizi, T\u00fcrk sporunun geli\u015fmesi i\u00e7in yapt\u0131\u011f\u0131n\u0131z icraatlar\u0131, futbolu ne kadar yak\u0131ndan takip etti\u011finizi hepimiz biliyoruz. Herkes sizin Fenerbah\u00e7eli oldu\u011funuzu biliyor ancak Fenerbah\u00e7e\u2019nin sizin i\u00e7in tam olarak ne anlama geldi\u011fini herkes tam olarak tahayy\u00fcl edemeyebilir. Biraz sonra videoda izleyece\u011fimiz gibi, kariyer planlaman\u0131z\u0131 farkl\u0131 bir \u015fekilde yapm\u0131\u015f olsayd\u0131n\u0131z belki de bug\u00fcn aram\u0131zda eski bir sporcumuz veya kul\u00fcp y\u00f6neticimiz olarak bulunuyor olacakt\u0131n\u0131z. Ama \u00f6nemli olan bug\u00fcn Y\u00fcksek Divan Kurulu \u00fcyemiz olarak aram\u0131zda bulunman\u0131zd\u0131r\u201d \u015feklinde konu\u015ftu.<\/p>\n<p>\u201cKenan Evren Lisesi\u2019nin devri ger\u00e7ekle\u015fti\u201d<\/p>\n<p>Stad\u0131n yan\u0131nda bulunan Kenan Evren Lisesi arazisi hakk\u0131nda konu\u015fan sar\u0131-lacivertli kul\u00fcb\u00fcn ba\u015fkan\u0131, \u201cG\u00f6reve geldi\u011fimizden beri \u00e7ok \u00fczerinde durdu\u011fumuz Kenan Evren Lisesi\u2019nin kul\u00fcb\u00fcm\u00fcze devri bu hafta ger\u00e7ekle\u015fmi\u015ftir. Bu konuyu bilfiil takip ederek desteklerini esirgemeyen Say\u0131n Cumhurba\u015fkan\u0131m\u0131za \u015f\u00fckranlar\u0131m\u0131z\u0131 sunuyoruz\u201d diyerek s\u00f6zlerini tamamlad\u0131.<\/p>\n","protected":false},"excerpt":{"rendered":"<p>FENERBAH\u00c7E D\u0130VAN KURULU TOPLANTISI, KALAMI\u015e FARUK ILGAZ TES\u0130SLER\u0130\u2019NDE GER\u00c7EKLE\u015eT\u0130R\u0130LD\u0130.<\/p>\n","protected":false},"author":1,"featured_media":220311,"comment_status":"closed","ping_status":"open","sticky":false,"template":"","format":"standard","meta":{"jetpack_post_was_ever_published":false,"_jetpack_newsletter_access":"","_jetpack_dont_email_post_to_subs":false,"_jetpack_newsletter_tier_id":0,"_jetpack_memberships_contains_paywalled_content":false,"_jetpack_memberships_contains_paid_content":false,"footnotes":"","jetpack_publicize_message":"","jetpack_publicize_feature_enabled":true,"jetpack_social_post_already_shared":true,"jetpack_social_options":{"image_generator_settings":{"template":"highway","default_image_id":0,"font":"","enabled":false},"version":2}},"categories":[657],"tags":[20126,49506,21678,625,125,4305,44,10157,5308,6367],"class_list":["post-220310","post","type-post","status-publish","format-standard","has-post-thumbnail","hentry","category-spor","tag-bizler","tag-aramizda","tag-cumhurbaskanimizin","tag-ali","tag-bir","tag-gurur","tag-icin","tag-koc","tag-olmasi","tag-vesilesidir"],"jetpack_publicize_connections":[],"jetpack_featured_media_url":"https:\/\/i0.wp.com\/www.tvturk.com\/wp-content\/uploads\/2019\/10\/ali-koc-cumhurbaskanimizin-aramizda-olmasi-bizler-icin-bir-gurur-vesilesidir_f2857fb.jpg?fit=1000%2C563","jetpack_sharing_enabled":true,"jetpack_shortlink":"https:\/\/wp.me\/paKIfm-Vjo","_links":{"self":[{"href":"http:\/\/www.tvturk.com\/index.php\/wp-json\/wp\/v2\/posts\/220310","targetHints":{"allow":["GET"]}}],"collection":[{"href":"http:\/\/www.tvturk.com\/index.php\/wp-json\/wp\/v2\/posts"}],"about":[{"href":"http:\/\/www.tvturk.com\/index.php\/wp-json\/wp\/v2\/types\/post"}],"author":[{"embeddable":true,"href":"http:\/\/www.tvturk.com\/index.php\/wp-json\/wp\/v2\/users\/1"}],"replies":[{"embeddable":true,"href":"http:\/\/www.tvturk.com\/index.php\/wp-json\/wp\/v2\/comments?post=220310"}],"version-history":[{"count":0,"href":"http:\/\/www.tvturk.com\/index.php\/wp-json\/wp\/v2\/posts\/220310\/revisions"}],"wp:featuredmedia":[{"embeddable":true,"href":"http:\/\/www.tvturk.com\/index.php\/wp-json\/wp\/v2\/media\/220311"}],"wp:attachment":[{"href":"http:\/\/www.tvturk.com\/index.php\/wp-json\/wp\/v2\/media?parent=220310"}],"wp:term":[{"taxonomy":"category","embeddable":true,"href":"http:\/\/www.tvturk.com\/index.php\/wp-json\/wp\/v2\/categories?post=220310"},{"taxonomy":"post_tag","embeddable":true,"href":"http:\/\/www.tvturk.com\/index.php\/wp-json\/wp\/v2\/tags?post=220310"}],"curies":[{"name":"wp","href":"https:\/\/api.w.org\/{rel}","templated":true}]}}