{"id":220354,"date":"2019-10-26T17:16:52","date_gmt":"2019-10-26T14:16:52","guid":{"rendered":"http:\/\/www.tvturk.com\/index.php\/eski-bakan-prof-dr-nabi-avcidan-yerli-roman-onerisi\/"},"modified":"2019-10-26T17:16:52","modified_gmt":"2019-10-26T14:16:52","slug":"eski-bakan-prof-dr-nabi-avcidan-yerli-roman-onerisi","status":"publish","type":"post","link":"http:\/\/www.tvturk.com\/index.php\/eski-bakan-prof-dr-nabi-avcidan-yerli-roman-onerisi\/","title":{"rendered":"Eski Bakan Prof. Dr. Nabi Avc\u0131\u2019dan yerli roman \u00f6nerisi"},"content":{"rendered":"<p>Eski Milli E\u011fitim, K\u00fclt\u00fcr ve Turizm Bakan\u0131, Eski\u015fehir Milletvekili Prof. Dr. Nabi Avc\u0131 gen\u00e7lerin roman okurken yerli yazarlar\u0131 tercih etmeleri konusunda uyar\u0131larda bulundu.<\/p>\n<p>Fatih Belediyesi Sulukule Sanat Akademisi\u2019nde 2019-2020 akademik y\u0131l\u0131 a\u00e7\u0131l\u0131\u015f\u0131, Eski Milli E\u011fitim, K\u00fclt\u00fcr ve Turizm Bakan\u0131, Eski\u015fehir Milletvekili Prof. Dr. Nabi Avc\u0131\u2019n\u0131n kat\u0131l\u0131m\u0131 ile ger\u00e7ekle\u015ftirildi. A\u00e7\u0131l\u0131\u015f t\u00f6renine Nabi Avc\u0131\u2019n\u0131n yan\u0131 s\u0131ra \u00f6\u011fretmenler ve \u00f6\u011frenciler de haz\u0131r bulundu. Akademik y\u0131l\u0131n\u0131n ilk dersini Prof. Dr. Nabi Avc\u0131 ger\u00e7ekle\u015ftirdi.  \u201cK\u00fclt\u00fcr, E\u011fitim ve Sanat\u201d ad\u0131 alt\u0131nda ger\u00e7ekle\u015fen s\u00f6yleyi\u015fi soru cevap \u015feklinde ilerledi. Kitap okuman\u0131n \u00f6nemli oldu\u011funu vurgulayan Milletvekili Avc\u0131, \u00f6\u011frencilerin roman okurken tercihlerinin ilk \u00f6nce yerli romanlar olmas\u0131 gerekti\u011fi \u00f6nemine de\u011finerek, \u00f6\u011frencilere yabanc\u0131 romanlar\u0131 tercih etmemeleri konusunda uyar\u0131larda bulundu.<\/p>\n<p>&#8220;Bir kitap okuma al\u0131\u015fkanl\u0131\u011f\u0131n\u0131z olsun&#8221;<\/p>\n<p>Milletvekili Avc\u0131 konu\u015fmas\u0131n\u0131 \u015f\u00f6yle s\u00fcrd\u00fcrd\u00fc: \u201cBelki Sait Faik Abas\u0131yan\u0131k\u2019\u0131 sevmediniz. Mustafa Kutlu diye bir hikayecimiz var. Oda sizin hayatlar\u0131n\u0131z\u0131 anlat\u0131yor. Onun hikayelerinde kendinizi bulacaks\u0131n\u0131z. Ama derseniz ki Mustafa Kutlu\u2019yu da sevmedik. Biz k\u00fc\u00e7\u00fckken Teksas Tommiks okurduk. \u015eimdi \u00e7izgi romanlar var, onu da okuyun ama okuyun. Bir kitap okuma al\u0131\u015fkanl\u0131\u011f\u0131n\u0131z olsun. Marvel, Amerika k\u00f6kenli bir \u00e7izgi film, onu New York\u2019taki \u00e7ocuklar okusunlar ama \u0130stanbul\u2019da Marvel biraz yabanc\u0131 kal\u0131yor. \u0130stanbul\u2019un \u00e7izgi romanlar\u0131 vard\u0131r, onlar\u0131 okuyun. Mutlaka bir hobiniz olsun.\u201d Eski Bakan Avc\u0131\u2019ya kat\u0131l\u0131mlar\u0131ndan dolay\u0131 te\u015fekk\u00fcr plaketi verildi.<\/p>\n","protected":false},"excerpt":{"rendered":"<p>ESK\u0130 M\u0130LL\u0130 E\u011e\u0130T\u0130M, K\u00dcLT\u00dcR VE TUR\u0130ZM BAKANI, ESK\u0130\u015eEH\u0130R M\u0130LLETVEK\u0130L\u0130 PROF. DR. NAB\u0130 AVCI GEN\u00c7LER\u0130N ROMAN OKURKEN YERL\u0130 YAZARLARI TERC\u0130H ETMELER\u0130 KONUSUNDA UYARILARDA BULUNDU.<\/p>\n","protected":false},"author":1,"featured_media":220355,"comment_status":"closed","ping_status":"open","sticky":false,"template":"","format":"standard","meta":{"jetpack_post_was_ever_published":false,"_jetpack_newsletter_access":"","_jetpack_dont_email_post_to_subs":false,"_jetpack_newsletter_tier_id":0,"_jetpack_memberships_contains_paywalled_content":false,"_jetpack_memberships_contains_paid_content":false,"footnotes":"","jetpack_publicize_message":"","jetpack_publicize_feature_enabled":true,"jetpack_social_post_already_shared":true,"jetpack_social_options":{"image_generator_settings":{"template":"highway","default_image_id":0,"font":"","enabled":false},"version":2}},"categories":[1],"tags":[12825,742,279,1123,26799,4928,2750,8414,2454],"class_list":["post-220354","post","type-post","status-publish","format-standard","has-post-thumbnail","hentry","category-genel","tag-avcidan","tag-bakan","tag-dr","tag-eski","tag-nabi","tag-onerisi","tag-prof","tag-roman","tag-yerli"],"jetpack_publicize_connections":[],"jetpack_featured_media_url":"https:\/\/i0.wp.com\/www.tvturk.com\/wp-content\/uploads\/2019\/10\/eski-bakan-prof-dr-nabi-avcidan-yerli-roman-onerisi_bd43d9c.jpg?fit=1000%2C666","jetpack_sharing_enabled":true,"jetpack_shortlink":"https:\/\/wp.me\/paKIfm-Vk6","_links":{"self":[{"href":"http:\/\/www.tvturk.com\/index.php\/wp-json\/wp\/v2\/posts\/220354","targetHints":{"allow":["GET"]}}],"collection":[{"href":"http:\/\/www.tvturk.com\/index.php\/wp-json\/wp\/v2\/posts"}],"about":[{"href":"http:\/\/www.tvturk.com\/index.php\/wp-json\/wp\/v2\/types\/post"}],"author":[{"embeddable":true,"href":"http:\/\/www.tvturk.com\/index.php\/wp-json\/wp\/v2\/users\/1"}],"replies":[{"embeddable":true,"href":"http:\/\/www.tvturk.com\/index.php\/wp-json\/wp\/v2\/comments?post=220354"}],"version-history":[{"count":0,"href":"http:\/\/www.tvturk.com\/index.php\/wp-json\/wp\/v2\/posts\/220354\/revisions"}],"wp:featuredmedia":[{"embeddable":true,"href":"http:\/\/www.tvturk.com\/index.php\/wp-json\/wp\/v2\/media\/220355"}],"wp:attachment":[{"href":"http:\/\/www.tvturk.com\/index.php\/wp-json\/wp\/v2\/media?parent=220354"}],"wp:term":[{"taxonomy":"category","embeddable":true,"href":"http:\/\/www.tvturk.com\/index.php\/wp-json\/wp\/v2\/categories?post=220354"},{"taxonomy":"post_tag","embeddable":true,"href":"http:\/\/www.tvturk.com\/index.php\/wp-json\/wp\/v2\/tags?post=220354"}],"curies":[{"name":"wp","href":"https:\/\/api.w.org\/{rel}","templated":true}]}}