{"id":22038,"date":"2019-02-11T15:26:17","date_gmt":"2019-02-11T12:26:17","guid":{"rendered":"http:\/\/www.tvturk.com\/index.php\/neset-ertas-bursada-konserle-anildi\/"},"modified":"2019-02-11T15:26:22","modified_gmt":"2019-02-11T12:26:22","slug":"neset-ertas-bursada-konserle-anildi","status":"publish","type":"post","link":"http:\/\/www.tvturk.com\/index.php\/neset-ertas-bursada-konserle-anildi\/","title":{"rendered":"Ne\u015fet Erta\u015f Bursa\u2019da konserle an\u0131ld\u0131"},"content":{"rendered":"<p>Bursa\u2019da Ne\u015fet Erta\u015f An\u0131s\u0131na Konser D\u00fczenlendi. Konsere Bursa B\u00fcy\u00fck\u015fehir Belediye Ba\u015fkan\u0131 Alinur Akta\u015f\u2019da kat\u0131ld\u0131.<\/p>\n<p>Bursa Orkestra \u015eube M\u00fcd\u00fcrl\u00fc\u011f\u00fc T\u00fcrk Halk M\u00fczi\u011fi B\u00f6l\u00fcm\u00fc ve K\u0131r\u015fehir Abdallar Toplulu\u011fu, &#8220;Bozk\u0131r\u0131n tezenesi&#8221; olarak bilinen Ne\u015fet Erta\u015f\u2019\u0131n an\u0131s\u0131na konser verdi. Merinos Atat\u00fcrk Kongre ve K\u00fclt\u00fcr Merkezi\u2019nde ger\u00e7ekle\u015fen konseri \u015eef Altan G\u00f6l y\u00f6netti. Konsere kat\u0131lan Ba\u015fkan Akta\u015f, \u00e7al\u0131nan m\u00fczi\u011fe alk\u0131\u015flarla e\u015flik etti.Konserde, K\u0131r\u015fehir Abdallar Toplulu\u011fu ve T\u00fcrk Halk M\u00fczi\u011fi B\u00f6l\u00fcm\u00fc solistleri Ne\u015fet Erta\u015f\u2019\u0131n unutulmaz eserlerini seslendirdi.<\/p>\n<p>Gecede Ne\u015fet Erta\u015f\u2019\u0131n &#8220;K\u00f6pr\u00fcden Ge\u00e7ti Gelin&#8221;, &#8220;Kendim Ettim Kendim Buldum&#8221;gibi eserleri m\u00fczikseverler taraf\u0131ndan be\u011feni kazand\u0131. Kat\u0131ld\u0131\u011f\u0131 konserde konu\u015fan Bursa B\u00fcy\u00fck\u015fehir Belediye Ba\u015fkan\u0131 Alinur Akta\u015f, \u201cRahmetli Ne\u015fat Erta\u015f, 1938 y\u0131l\u0131nda K\u0131r\u015fehir\u2019de d\u00fcnyaya geldi. Babas\u0131 da saz sanat\u00e7\u0131s\u0131 8 ya\u015f\u0131ndayken saz ve keman \u00e7almay\u0131 \u00f6\u011frenmi\u015f, 7-8 y\u0131l K\u0131r\u015fehir, Yozgat ve \u00c7orum ahalisinde programlara kat\u0131l\u0131p e\u011fitim hayat\u0131na hi\u00e7 ba\u015flamadan evine ekmek temin etmeye \u00e7al\u0131\u015fm\u0131\u015f, d\u00f6nemin Cumhurba\u015fkan\u0131  Say\u0131n S\u00fcleyman Demirel, kendisine devlet sanat\u00e7\u0131l\u0131\u011f\u0131n\u0131 teklif etti\u011finde oda \u015fu cevab\u0131 vermi\u015f zaten herkes bu devletin sanat\u00e7\u0131s\u0131 de\u011fil mi diyerek devlet sanat\u00e7\u0131s\u0131 \u00fcnvan\u0131n\u0131 reddetmi\u015f Ne\u015fat Erta\u015f, b\u00f6yle birisi siz sanat\u0131n\u0131z\u0131, mesle\u011finizi ve siyasetinizi iyi icra ederseniz b\u00fcrokratl\u0131\u011f\u0131n\u0131z\u0131 iyi yaparsan\u0131z bekli sizi o y\u0131llarda sizi anlamazlar ama sonra ki y\u0131llarda bu ak\u015fam oldu\u011fu gibi geni\u015f kitleler b\u00f6yle bir araya gelir sizi rahmetle ve yapt\u0131\u011f\u0131n\u0131z icraatlar\u0131n\u0131z la anar\u201d dedi.<div class=\"tiled-gallery type-rectangular tiled-gallery-unresized\" data-original-width=\"500\" data-carousel-extra='null' itemscope itemtype=\"http:\/\/schema.org\/ImageGallery\" > <div class=\"gallery-row\" style=\"width: 500px; height: 224px;\" data-original-width=\"500\" data-original-height=\"224\" > <div class=\"gallery-group images-1\" style=\"width: 334px; height: 224px;\" data-original-width=\"334\" data-original-height=\"224\" > <div class=\"tiled-gallery-item tiled-gallery-item-large\" itemprop=\"associatedMedia\" itemscope itemtype=\"http:\/\/schema.org\/ImageObject\"> <a href=\"http:\/\/www.tvturk.com\/index.php\/neset-ertas-bursada-konserle-anildi\/neset-ertas-bursada-konserle-anildi-3\/\" border=\"0\" itemprop=\"url\"> <meta itemprop=\"width\" content=\"330\"> <meta itemprop=\"height\" content=\"220\"> <img decoding=\"async\" class=\"\" data-attachment-id=\"22040\" data-orig-file=\"http:\/\/www.tvturk.com\/wp-content\/uploads\/2019\/02\/neset-ertas-bursada-konserle-anildi_e3a1649.jpg\" data-orig-size=\"1000,666\" data-comments-opened=\"\" data-image-meta=\"{&quot;aperture&quot;:&quot;0&quot;,&quot;credit&quot;:&quot;IHA&quot;,&quot;camera&quot;:&quot;&quot;,&quot;caption&quot;:&quot;BURSA\\u0027DA NE\\u015eET ERTA\\u015e ANISINA KONSER D\\u00dcZENLEND\\u0130. KONSERE BURSA B\\u00dcY\\u00dcK\\u015eEH\\u0130R BELED\\u0130YE BA\\u015eKANI AL\\u0130NUR AKTA\\u015e\\u2019DA KATILDI. (BURAK T\\u00dcRKER\\\/BURSA-\\u0130HA)&quot;,&quot;created_timestamp&quot;:&quot;0&quot;,&quot;copyright&quot;:&quot;\\u0130HLAS HABER AJANSI, www.iha.com.tr&quot;,&quot;focal_length&quot;:&quot;0&quot;,&quot;iso&quot;:&quot;0&quot;,&quot;shutter_speed&quot;:&quot;0&quot;,&quot;title&quot;:&quot;NE\\u015eET ERTA\\u015e BURSA\\u2019DA KONSERLE ANILDI BA\\u015eKAN AL\\u0130NUR AKTA\\u015e NE\\u015eAT ERTA\\u015e ANISINA D\\u00dcZENLENEN KONSERE KATILDI&quot;,&quot;orientation&quot;:&quot;0&quot;}\" data-image-title=\"Ne\u015fet Erta\u015f Bursa\u2019da konserle an\u0131ld\u0131\" data-image-description=\"&lt;p&gt;Ne\u015fet Erta\u015f Bursa\u2019da konserle an\u0131ld\u0131&lt;\/p&gt; \" data-medium-file=\"https:\/\/i0.wp.com\/www.tvturk.com\/wp-content\/uploads\/2019\/02\/neset-ertas-bursada-konserle-anildi_e3a1649.jpg?fit=300%2C200\" data-large-file=\"https:\/\/i0.wp.com\/www.tvturk.com\/wp-content\/uploads\/2019\/02\/neset-ertas-bursada-konserle-anildi_e3a1649.jpg?fit=1000%2C666\" src=\"https:\/\/i0.wp.com\/www.tvturk.com\/wp-content\/uploads\/2019\/02\/neset-ertas-bursada-konserle-anildi_e3a1649.jpg?w=330&#038;h=220\" srcset=\"https:\/\/i0.wp.com\/www.tvturk.com\/wp-content\/uploads\/2019\/02\/neset-ertas-bursada-konserle-anildi_e3a1649.jpg?w=1000 1000w, https:\/\/i0.wp.com\/www.tvturk.com\/wp-content\/uploads\/2019\/02\/neset-ertas-bursada-konserle-anildi_e3a1649.jpg?resize=150%2C100 150w, https:\/\/i0.wp.com\/www.tvturk.com\/wp-content\/uploads\/2019\/02\/neset-ertas-bursada-konserle-anildi_e3a1649.jpg?resize=300%2C200 300w, https:\/\/i0.wp.com\/www.tvturk.com\/wp-content\/uploads\/2019\/02\/neset-ertas-bursada-konserle-anildi_e3a1649.jpg?resize=768%2C511 768w, https:\/\/i0.wp.com\/www.tvturk.com\/wp-content\/uploads\/2019\/02\/neset-ertas-bursada-konserle-anildi_e3a1649.jpg?resize=170%2C113 170w, https:\/\/i0.wp.com\/www.tvturk.com\/wp-content\/uploads\/2019\/02\/neset-ertas-bursada-konserle-anildi_e3a1649.jpg?resize=120%2C80 120w\" width=\"330\" height=\"220\" loading=\"lazy\" data-original-width=\"330\" data-original-height=\"220\" itemprop=\"http:\/\/schema.org\/image\" title=\"Ne\u015fet Erta\u015f Bursa\u2019da konserle an\u0131ld\u0131\" alt=\"Ne\u015fet Erta\u015f Bursa\u2019da konserle an\u0131ld\u0131\" style=\"width: 330px; height: 220px;\" \/> <\/a> <\/div> <\/div> <!-- close group --> <div class=\"gallery-group images-2\" style=\"width: 166px; height: 224px;\" data-original-width=\"166\" data-original-height=\"224\" > <div class=\"tiled-gallery-item tiled-gallery-item-small\" itemprop=\"associatedMedia\" itemscope itemtype=\"http:\/\/schema.org\/ImageObject\"> <a href=\"http:\/\/www.tvturk.com\/index.php\/neset-ertas-bursada-konserle-anildi\/neset-ertas-bursada-konserle-anildi-4\/\" border=\"0\" itemprop=\"url\"> <meta itemprop=\"width\" content=\"162\"> <meta itemprop=\"height\" content=\"108\"> <img decoding=\"async\" class=\"\" data-attachment-id=\"22041\" data-orig-file=\"http:\/\/www.tvturk.com\/wp-content\/uploads\/2019\/02\/neset-ertas-bursada-konserle-anildi_1d7f5a6.jpg\" data-orig-size=\"1000,666\" data-comments-opened=\"\" data-image-meta=\"{&quot;aperture&quot;:&quot;0&quot;,&quot;credit&quot;:&quot;IHA&quot;,&quot;camera&quot;:&quot;&quot;,&quot;caption&quot;:&quot;BURSA\\u0027DA NE\\u015eET ERTA\\u015e ANISINA KONSER D\\u00dcZENLEND\\u0130. KONSERE BURSA B\\u00dcY\\u00dcK\\u015eEH\\u0130R BELED\\u0130YE BA\\u015eKANI AL\\u0130NUR AKTA\\u015e\\u2019DA KATILDI. (BURAK T\\u00dcRKER\\\/BURSA-\\u0130HA)&quot;,&quot;created_timestamp&quot;:&quot;0&quot;,&quot;copyright&quot;:&quot;\\u0130HLAS HABER AJANSI, www.iha.com.tr&quot;,&quot;focal_length&quot;:&quot;0&quot;,&quot;iso&quot;:&quot;0&quot;,&quot;shutter_speed&quot;:&quot;0&quot;,&quot;title&quot;:&quot;NE\\u015eET ERTA\\u015e BURSA\\u2019DA KONSERLE ANILDI BA\\u015eKAN AL\\u0130NUR AKTA\\u015e NE\\u015eAT ERTA\\u015e ANISINA D\\u00dcZENLENEN KONSERE KATILDI&quot;,&quot;orientation&quot;:&quot;0&quot;}\" data-image-title=\"Ne\u015fet Erta\u015f Bursa\u2019da konserle an\u0131ld\u0131\" data-image-description=\"&lt;p&gt;Ne\u015fet Erta\u015f Bursa\u2019da konserle an\u0131ld\u0131&lt;\/p&gt; \" data-medium-file=\"https:\/\/i0.wp.com\/www.tvturk.com\/wp-content\/uploads\/2019\/02\/neset-ertas-bursada-konserle-anildi_1d7f5a6.jpg?fit=300%2C200\" data-large-file=\"https:\/\/i0.wp.com\/www.tvturk.com\/wp-content\/uploads\/2019\/02\/neset-ertas-bursada-konserle-anildi_1d7f5a6.jpg?fit=1000%2C666\" src=\"https:\/\/i0.wp.com\/www.tvturk.com\/wp-content\/uploads\/2019\/02\/neset-ertas-bursada-konserle-anildi_1d7f5a6.jpg?w=162&#038;h=108\" srcset=\"https:\/\/i0.wp.com\/www.tvturk.com\/wp-content\/uploads\/2019\/02\/neset-ertas-bursada-konserle-anildi_1d7f5a6.jpg?w=1000 1000w, https:\/\/i0.wp.com\/www.tvturk.com\/wp-content\/uploads\/2019\/02\/neset-ertas-bursada-konserle-anildi_1d7f5a6.jpg?resize=150%2C100 150w, https:\/\/i0.wp.com\/www.tvturk.com\/wp-content\/uploads\/2019\/02\/neset-ertas-bursada-konserle-anildi_1d7f5a6.jpg?resize=300%2C200 300w, https:\/\/i0.wp.com\/www.tvturk.com\/wp-content\/uploads\/2019\/02\/neset-ertas-bursada-konserle-anildi_1d7f5a6.jpg?resize=768%2C511 768w, https:\/\/i0.wp.com\/www.tvturk.com\/wp-content\/uploads\/2019\/02\/neset-ertas-bursada-konserle-anildi_1d7f5a6.jpg?resize=170%2C113 170w, https:\/\/i0.wp.com\/www.tvturk.com\/wp-content\/uploads\/2019\/02\/neset-ertas-bursada-konserle-anildi_1d7f5a6.jpg?resize=120%2C80 120w\" width=\"162\" height=\"108\" loading=\"lazy\" data-original-width=\"162\" data-original-height=\"108\" itemprop=\"http:\/\/schema.org\/image\" title=\"Ne\u015fet Erta\u015f Bursa\u2019da konserle an\u0131ld\u0131\" alt=\"Ne\u015fet Erta\u015f Bursa\u2019da konserle an\u0131ld\u0131\" style=\"width: 162px; height: 108px;\" \/> <\/a> <\/div> <div class=\"tiled-gallery-item tiled-gallery-item-small\" itemprop=\"associatedMedia\" itemscope itemtype=\"http:\/\/schema.org\/ImageObject\"> <a href=\"http:\/\/www.tvturk.com\/index.php\/neset-ertas-bursada-konserle-anildi\/neset-ertas-bursada-konserle-anildi-5\/\" border=\"0\" itemprop=\"url\"> <meta itemprop=\"width\" content=\"162\"> <meta itemprop=\"height\" content=\"108\"> <img decoding=\"async\" class=\"\" data-attachment-id=\"22042\" data-orig-file=\"http:\/\/www.tvturk.com\/wp-content\/uploads\/2019\/02\/neset-ertas-bursada-konserle-anildi_2e9a68c.jpg\" data-orig-size=\"1000,666\" data-comments-opened=\"\" data-image-meta=\"{&quot;aperture&quot;:&quot;0&quot;,&quot;credit&quot;:&quot;IHA&quot;,&quot;camera&quot;:&quot;&quot;,&quot;caption&quot;:&quot;BURSA\\u0027DA NE\\u015eET ERTA\\u015e ANISINA KONSER D\\u00dcZENLEND\\u0130. KONSERE BURSA B\\u00dcY\\u00dcK\\u015eEH\\u0130R BELED\\u0130YE BA\\u015eKANI AL\\u0130NUR AKTA\\u015e\\u2019DA KATILDI. (BURAK T\\u00dcRKER\\\/BURSA-\\u0130HA)&quot;,&quot;created_timestamp&quot;:&quot;0&quot;,&quot;copyright&quot;:&quot;\\u0130HLAS HABER AJANSI, www.iha.com.tr&quot;,&quot;focal_length&quot;:&quot;0&quot;,&quot;iso&quot;:&quot;0&quot;,&quot;shutter_speed&quot;:&quot;0&quot;,&quot;title&quot;:&quot;NE\\u015eET ERTA\\u015e BURSA\\u2019DA KONSERLE ANILDI BA\\u015eKAN AL\\u0130NUR AKTA\\u015e NE\\u015eAT ERTA\\u015e ANISINA D\\u00dcZENLENEN KONSERE KATILDI&quot;,&quot;orientation&quot;:&quot;0&quot;}\" data-image-title=\"Ne\u015fet Erta\u015f Bursa\u2019da konserle an\u0131ld\u0131\" data-image-description=\"&lt;p&gt;Ne\u015fet Erta\u015f Bursa\u2019da konserle an\u0131ld\u0131&lt;\/p&gt; \" data-medium-file=\"https:\/\/i0.wp.com\/www.tvturk.com\/wp-content\/uploads\/2019\/02\/neset-ertas-bursada-konserle-anildi_2e9a68c.jpg?fit=300%2C200\" data-large-file=\"https:\/\/i0.wp.com\/www.tvturk.com\/wp-content\/uploads\/2019\/02\/neset-ertas-bursada-konserle-anildi_2e9a68c.jpg?fit=1000%2C666\" src=\"https:\/\/i0.wp.com\/www.tvturk.com\/wp-content\/uploads\/2019\/02\/neset-ertas-bursada-konserle-anildi_2e9a68c.jpg?w=162&#038;h=108\" srcset=\"https:\/\/i0.wp.com\/www.tvturk.com\/wp-content\/uploads\/2019\/02\/neset-ertas-bursada-konserle-anildi_2e9a68c.jpg?w=1000 1000w, https:\/\/i0.wp.com\/www.tvturk.com\/wp-content\/uploads\/2019\/02\/neset-ertas-bursada-konserle-anildi_2e9a68c.jpg?resize=150%2C100 150w, https:\/\/i0.wp.com\/www.tvturk.com\/wp-content\/uploads\/2019\/02\/neset-ertas-bursada-konserle-anildi_2e9a68c.jpg?resize=300%2C200 300w, https:\/\/i0.wp.com\/www.tvturk.com\/wp-content\/uploads\/2019\/02\/neset-ertas-bursada-konserle-anildi_2e9a68c.jpg?resize=768%2C511 768w, https:\/\/i0.wp.com\/www.tvturk.com\/wp-content\/uploads\/2019\/02\/neset-ertas-bursada-konserle-anildi_2e9a68c.jpg?resize=170%2C113 170w, https:\/\/i0.wp.com\/www.tvturk.com\/wp-content\/uploads\/2019\/02\/neset-ertas-bursada-konserle-anildi_2e9a68c.jpg?resize=120%2C80 120w\" width=\"162\" height=\"108\" loading=\"lazy\" data-original-width=\"162\" data-original-height=\"108\" itemprop=\"http:\/\/schema.org\/image\" title=\"Ne\u015fet Erta\u015f Bursa\u2019da konserle an\u0131ld\u0131\" alt=\"Ne\u015fet Erta\u015f Bursa\u2019da konserle an\u0131ld\u0131\" style=\"width: 162px; height: 108px;\" \/> <\/a> <\/div> <\/div> <!-- close group --> <\/div> <!-- close row --> <div class=\"gallery-row\" style=\"width: 500px; height: 334px;\" data-original-width=\"500\" data-original-height=\"334\" > <div class=\"gallery-group images-1\" style=\"width: 500px; height: 334px;\" data-original-width=\"500\" data-original-height=\"334\" > <div class=\"tiled-gallery-item tiled-gallery-item-large\" itemprop=\"associatedMedia\" itemscope itemtype=\"http:\/\/schema.org\/ImageObject\"> <a href=\"http:\/\/www.tvturk.com\/index.php\/neset-ertas-bursada-konserle-anildi\/neset-ertas-bursada-konserle-anildi-6\/\" border=\"0\" itemprop=\"url\"> <meta itemprop=\"width\" content=\"496\"> <meta itemprop=\"height\" content=\"330\"> <img decoding=\"async\" class=\"\" data-attachment-id=\"22043\" data-orig-file=\"http:\/\/www.tvturk.com\/wp-content\/uploads\/2019\/02\/neset-ertas-bursada-konserle-anildi_bc7b2c0.jpg\" data-orig-size=\"1000,666\" data-comments-opened=\"\" data-image-meta=\"{&quot;aperture&quot;:&quot;0&quot;,&quot;credit&quot;:&quot;IHA&quot;,&quot;camera&quot;:&quot;&quot;,&quot;caption&quot;:&quot;BURSA\\u0027DA NE\\u015eET ERTA\\u015e ANISINA KONSER D\\u00dcZENLEND\\u0130. KONSERE BURSA B\\u00dcY\\u00dcK\\u015eEH\\u0130R BELED\\u0130YE BA\\u015eKANI AL\\u0130NUR AKTA\\u015e\\u2019DA KATILDI. (BURAK T\\u00dcRKER\\\/BURSA-\\u0130HA)&quot;,&quot;created_timestamp&quot;:&quot;0&quot;,&quot;copyright&quot;:&quot;\\u0130HLAS HABER AJANSI, www.iha.com.tr&quot;,&quot;focal_length&quot;:&quot;0&quot;,&quot;iso&quot;:&quot;0&quot;,&quot;shutter_speed&quot;:&quot;0&quot;,&quot;title&quot;:&quot;NE\\u015eET ERTA\\u015e BURSA\\u2019DA KONSERLE ANILDI BA\\u015eKAN AL\\u0130NUR AKTA\\u015e NE\\u015eAT ERTA\\u015e ANISINA D\\u00dcZENLENEN KONSERE KATILDI&quot;,&quot;orientation&quot;:&quot;0&quot;}\" data-image-title=\"Ne\u015fet Erta\u015f Bursa\u2019da konserle an\u0131ld\u0131\" data-image-description=\"&lt;p&gt;Ne\u015fet Erta\u015f Bursa\u2019da konserle an\u0131ld\u0131&lt;\/p&gt; \" data-medium-file=\"https:\/\/i0.wp.com\/www.tvturk.com\/wp-content\/uploads\/2019\/02\/neset-ertas-bursada-konserle-anildi_bc7b2c0.jpg?fit=300%2C200\" data-large-file=\"https:\/\/i0.wp.com\/www.tvturk.com\/wp-content\/uploads\/2019\/02\/neset-ertas-bursada-konserle-anildi_bc7b2c0.jpg?fit=1000%2C666\" src=\"https:\/\/i0.wp.com\/www.tvturk.com\/wp-content\/uploads\/2019\/02\/neset-ertas-bursada-konserle-anildi_bc7b2c0.jpg?w=496&#038;h=330\" srcset=\"https:\/\/i0.wp.com\/www.tvturk.com\/wp-content\/uploads\/2019\/02\/neset-ertas-bursada-konserle-anildi_bc7b2c0.jpg?w=1000 1000w, https:\/\/i0.wp.com\/www.tvturk.com\/wp-content\/uploads\/2019\/02\/neset-ertas-bursada-konserle-anildi_bc7b2c0.jpg?resize=150%2C100 150w, https:\/\/i0.wp.com\/www.tvturk.com\/wp-content\/uploads\/2019\/02\/neset-ertas-bursada-konserle-anildi_bc7b2c0.jpg?resize=300%2C200 300w, https:\/\/i0.wp.com\/www.tvturk.com\/wp-content\/uploads\/2019\/02\/neset-ertas-bursada-konserle-anildi_bc7b2c0.jpg?resize=768%2C511 768w, https:\/\/i0.wp.com\/www.tvturk.com\/wp-content\/uploads\/2019\/02\/neset-ertas-bursada-konserle-anildi_bc7b2c0.jpg?resize=170%2C113 170w, https:\/\/i0.wp.com\/www.tvturk.com\/wp-content\/uploads\/2019\/02\/neset-ertas-bursada-konserle-anildi_bc7b2c0.jpg?resize=120%2C80 120w\" width=\"496\" height=\"330\" loading=\"lazy\" data-original-width=\"496\" data-original-height=\"330\" itemprop=\"http:\/\/schema.org\/image\" title=\"Ne\u015fet Erta\u015f Bursa\u2019da konserle an\u0131ld\u0131\" alt=\"Ne\u015fet Erta\u015f Bursa\u2019da konserle an\u0131ld\u0131\" style=\"width: 496px; height: 330px;\" \/> <\/a> <\/div> <\/div> <!-- close group --> <\/div> <!-- close row --> <\/div><\/p>\n","protected":false},"excerpt":{"rendered":"<p>BURSA&#8217;DA NE\u015eET ERTA\u015e ANISINA KONSER D\u00dcZENLEND\u0130. KONSERE BURSA B\u00dcY\u00dcK\u015eEH\u0130R BELED\u0130YE BA\u015eKANI AL\u0130NUR AKTA\u015e\u2019DA KATILDI.<\/p>\n","protected":false},"author":1,"featured_media":22039,"comment_status":"closed","ping_status":"open","sticky":false,"template":"","format":"standard","meta":{"jetpack_post_was_ever_published":false,"_jetpack_newsletter_access":"","_jetpack_dont_email_post_to_subs":false,"_jetpack_newsletter_tier_id":0,"_jetpack_memberships_contains_paywalled_content":false,"_jetpack_memberships_contains_paid_content":false,"footnotes":"","jetpack_publicize_message":"","jetpack_publicize_feature_enabled":true,"jetpack_social_post_already_shared":false,"jetpack_social_options":{"image_generator_settings":{"template":"highway","default_image_id":0,"font":"","enabled":false},"version":2}},"categories":[656],"tags":[241,1032,9478,9479,9477],"class_list":["post-22038","post","type-post","status-publish","format-standard","has-post-thumbnail","hentry","category-kultur-sanat","tag-anildi","tag-bursada","tag-ertas","tag-konserle","tag-neset"],"jetpack_publicize_connections":[],"jetpack_featured_media_url":"https:\/\/i0.wp.com\/www.tvturk.com\/wp-content\/uploads\/2019\/02\/neset-ertas-bursada-konserle-anildi_7f58b7e.jpg?fit=1000%2C666","jetpack_sharing_enabled":true,"jetpack_shortlink":"https:\/\/wp.me\/paKIfm-5Js","_links":{"self":[{"href":"http:\/\/www.tvturk.com\/index.php\/wp-json\/wp\/v2\/posts\/22038","targetHints":{"allow":["GET"]}}],"collection":[{"href":"http:\/\/www.tvturk.com\/index.php\/wp-json\/wp\/v2\/posts"}],"about":[{"href":"http:\/\/www.tvturk.com\/index.php\/wp-json\/wp\/v2\/types\/post"}],"author":[{"embeddable":true,"href":"http:\/\/www.tvturk.com\/index.php\/wp-json\/wp\/v2\/users\/1"}],"replies":[{"embeddable":true,"href":"http:\/\/www.tvturk.com\/index.php\/wp-json\/wp\/v2\/comments?post=22038"}],"version-history":[{"count":1,"href":"http:\/\/www.tvturk.com\/index.php\/wp-json\/wp\/v2\/posts\/22038\/revisions"}],"predecessor-version":[{"id":22044,"href":"http:\/\/www.tvturk.com\/index.php\/wp-json\/wp\/v2\/posts\/22038\/revisions\/22044"}],"wp:featuredmedia":[{"embeddable":true,"href":"http:\/\/www.tvturk.com\/index.php\/wp-json\/wp\/v2\/media\/22039"}],"wp:attachment":[{"href":"http:\/\/www.tvturk.com\/index.php\/wp-json\/wp\/v2\/media?parent=22038"}],"wp:term":[{"taxonomy":"category","embeddable":true,"href":"http:\/\/www.tvturk.com\/index.php\/wp-json\/wp\/v2\/categories?post=22038"},{"taxonomy":"post_tag","embeddable":true,"href":"http:\/\/www.tvturk.com\/index.php\/wp-json\/wp\/v2\/tags?post=22038"}],"curies":[{"name":"wp","href":"https:\/\/api.w.org\/{rel}","templated":true}]}}