{"id":220509,"date":"2019-10-27T09:46:46","date_gmt":"2019-10-27T06:46:46","guid":{"rendered":"http:\/\/www.tvturk.com\/index.php\/ergun-penbe-takim-olmayi-galatasarayda-basardik-su-anda-tarsusta-yasiyorum\/"},"modified":"2019-10-27T09:46:46","modified_gmt":"2019-10-27T06:46:46","slug":"ergun-penbe-takim-olmayi-galatasarayda-basardik-su-anda-tarsusta-yasiyorum","status":"publish","type":"post","link":"http:\/\/www.tvturk.com\/index.php\/ergun-penbe-takim-olmayi-galatasarayda-basardik-su-anda-tarsusta-yasiyorum\/","title":{"rendered":"Erg\u00fcn Penbe: &#8220;Tak\u0131m olmay\u0131 Galatasaray\u2019da ba\u015fard\u0131k. \u015eu anda Tarsus\u2019ta ya\u015f\u0131yorum&#8221;"},"content":{"rendered":"<p>TFF 2. Lig\u2019de m\u00fccadele eden Tarsus \u0130dman Yurdu\u2019nun Teknik Direkt\u00f6r\u00fc Erg\u00fcn Penbe, ba\u015far\u0131y\u0131 yakalamak i\u00e7in tak\u0131m olmay\u0131 Galatasaray\u2019da ba\u015fard\u0131klar\u0131n\u0131 \u015fu anda bunu sar\u0131 lacivertli tak\u0131mda ya\u015fad\u0131\u011f\u0131n\u0131 s\u00f6yledi.<\/p>\n<p>T\u00fcrk Milli Tak\u0131m\u0131\u2019n\u0131n ve Galatasaray\u2019\u0131n efsane futbolcular\u0131ndan ve \u015fuan Tarsus \u0130dman Yurdu Teknik Direkt\u00f6rl\u00fc\u011f\u00fc yapan Erg\u00fcn Penbe, 5 Ocak Akademi\u2019sine konuk oldu. Tak\u0131m olman\u0131n \u00f6nemi ve nas\u0131l olunaca\u011f\u0131 konusunda tecr\u00fcbelerini anlatan Penbe, &#8220;Bireysel oyunda kendine g\u00fcveniyorsan, kendini iyi hissediyorsan ba\u015far\u0131l\u0131 olursun, fakat tak\u0131m oyununda arkada\u015fl\u0131\u011f\u0131n ve aile ba\u011fl\u0131l\u0131\u011f\u0131n\u0131n iyi olmas\u0131 gerekiyor&#8221; dedi.<\/p>\n<p>Bunu Galatasaray\u2019da uzun y\u0131llar iyi s\u00fcrd\u00fcrd\u00fcklerini ve ba\u015fard\u0131klar\u0131n\u0131 s\u00f6yleyen Erg\u00fcn Penbe, &#8220;Galatasaray\u2019dan da \u015fu an bulundu\u011fum Tarsus \u0130dman Yurdu\u2019ndan da \u00f6rnek verebilirim, bunu iki yerde de iyi ba\u015fard\u0131k. 4 y\u0131l \u015fampiyonluk ya\u015fad\u0131\u011f\u0131m\u0131zda ba\u015fkan\u0131ndan, y\u00f6netimine, hocas\u0131ndan sa\u011fl\u0131k ekibine, mas\u00f6rden malzemeciye futbolcusundan tesiste \u00e7al\u0131\u015fan yard\u0131mc\u0131 arkada\u015flar\u0131m\u0131za kadar bir aile olduk. Bunun sonunda da ba\u015far\u0131y\u0131 yakalad\u0131k. Tak\u0131m oyununda veya bunu bir i\u015f yeri i\u00e7inde s\u00f6yleyebiliriz. Bireysel istedi\u011finiz kadar iyi olun tak\u0131m olamazsan\u0131z ba\u015far\u0131 yakalamak \u00e7ok zor hatta olmaz. T\u00fcm halkalar\u0131n, ba\u011flar\u0131n iyi olmas\u0131 gerekiyor. Birinin hatas\u0131n\u0131 di\u011feri kapat\u0131yorsa birbiriniz i\u00e7in m\u00fccadele ediyorsan\u0131z tak\u0131m olmak budur bence&#8221; dedi.<\/p>\n","protected":false},"excerpt":{"rendered":"<p>TARSUS \u0130DMAN YURDU TEKN\u0130K D\u0130REKT\u00d6R\u00dc ERG\u00dcN PENBE,  5 OCAK AKADEM\u0130\u2019S\u0130NE KONUK OLDU.<\/p>\n","protected":false},"author":1,"featured_media":220510,"comment_status":"closed","ping_status":"open","sticky":false,"template":"","format":"standard","meta":{"jetpack_post_was_ever_published":false,"_jetpack_newsletter_access":"","_jetpack_dont_email_post_to_subs":false,"_jetpack_newsletter_tier_id":0,"_jetpack_memberships_contains_paywalled_content":false,"_jetpack_memberships_contains_paid_content":false,"footnotes":"","jetpack_publicize_message":"","jetpack_publicize_feature_enabled":true,"jetpack_social_post_already_shared":true,"jetpack_social_options":{"image_generator_settings":{"template":"highway","default_image_id":0,"font":"","enabled":false},"version":2}},"categories":[657],"tags":[4404,1241,17134,1971,7079,20294,1972,6670,20726,55833],"class_list":["post-220509","post","type-post","status-publish","format-standard","has-post-thumbnail","hentry","category-spor","tag-su","tag-anda","tag-basardik","tag-ergun","tag-galatasarayda","tag-olmayi","tag-penbe","tag-takim","tag-tarsusta","tag-yasiyorum"],"jetpack_publicize_connections":[],"jetpack_featured_media_url":"https:\/\/i0.wp.com\/www.tvturk.com\/wp-content\/uploads\/2019\/10\/ergun-penbe-takim-olmayi-galatasarayda-basardik-su-anda-tarsusta-yasiyorum_0be9b8d.jpg?fit=1000%2C667","jetpack_sharing_enabled":true,"jetpack_shortlink":"https:\/\/wp.me\/paKIfm-VmB","_links":{"self":[{"href":"http:\/\/www.tvturk.com\/index.php\/wp-json\/wp\/v2\/posts\/220509","targetHints":{"allow":["GET"]}}],"collection":[{"href":"http:\/\/www.tvturk.com\/index.php\/wp-json\/wp\/v2\/posts"}],"about":[{"href":"http:\/\/www.tvturk.com\/index.php\/wp-json\/wp\/v2\/types\/post"}],"author":[{"embeddable":true,"href":"http:\/\/www.tvturk.com\/index.php\/wp-json\/wp\/v2\/users\/1"}],"replies":[{"embeddable":true,"href":"http:\/\/www.tvturk.com\/index.php\/wp-json\/wp\/v2\/comments?post=220509"}],"version-history":[{"count":0,"href":"http:\/\/www.tvturk.com\/index.php\/wp-json\/wp\/v2\/posts\/220509\/revisions"}],"wp:featuredmedia":[{"embeddable":true,"href":"http:\/\/www.tvturk.com\/index.php\/wp-json\/wp\/v2\/media\/220510"}],"wp:attachment":[{"href":"http:\/\/www.tvturk.com\/index.php\/wp-json\/wp\/v2\/media?parent=220509"}],"wp:term":[{"taxonomy":"category","embeddable":true,"href":"http:\/\/www.tvturk.com\/index.php\/wp-json\/wp\/v2\/categories?post=220509"},{"taxonomy":"post_tag","embeddable":true,"href":"http:\/\/www.tvturk.com\/index.php\/wp-json\/wp\/v2\/tags?post=220509"}],"curies":[{"name":"wp","href":"https:\/\/api.w.org\/{rel}","templated":true}]}}