{"id":22062,"date":"2019-02-11T15:31:16","date_gmt":"2019-02-11T12:31:16","guid":{"rendered":"http:\/\/www.tvturk.com\/index.php\/sadece-lingual-ortodonti-hizmeti-verecek-klinik-istanbulda-acildi\/"},"modified":"2019-02-11T15:31:16","modified_gmt":"2019-02-11T12:31:16","slug":"sadece-lingual-ortodonti-hizmeti-verecek-klinik-istanbulda-acildi","status":"publish","type":"post","link":"http:\/\/www.tvturk.com\/index.php\/sadece-lingual-ortodonti-hizmeti-verecek-klinik-istanbulda-acildi\/","title":{"rendered":"Sadece lingual ortodonti hizmeti verecek klinik \u0130stanbul\u2019da a\u00e7\u0131ld\u0131"},"content":{"rendered":"<p>Halk aras\u0131nda g\u00f6r\u00fcnmeyen di\u015f telleri olarak bilinen lingual ortodonti hizmeti verecek klinik \u0130stanbul\u2019da a\u00e7\u0131ld\u0131.<\/p>\n<p>Halk aras\u0131nda g\u00f6r\u00fcnmeyen di\u015f telleri olarak bilinen lingual ortodonti hizmeti verecek klinik \u0130stanbul\u2019da a\u00e7\u0131ld\u0131. T\u00fcrkiye\u2019de ilk kez a\u00e7\u0131ld\u0131\u011f\u0131 belirtilen klini\u011fi; meslek hayat\u0131nda 2000-2018 y\u0131llar\u0131 aras\u0131nda lingual tedaviyi geleneksel ortodontik yakla\u015f\u0131mlar ile birlikte uygulayan Dr. Cem Caniklio\u011flu a\u00e7t\u0131.<\/p>\n<p>Klini\u011fin sadece lingual teknik ile tedavi olmak isteyen hastalara hizmet verece\u011fini belirten Caniko\u011flu, lingual tedavi ve proje hakk\u0131nda hakk\u0131nda, &#8220;Esteti\u011fin her ge\u00e7en g\u00fcn daha fazla \u00f6nem kazand\u0131\u011f\u0131 g\u00fcn\u00fcm\u00fczde di\u015flerin \u00f6n y\u00fczlerine uygulanan geleneksel ortodontik y\u00f6ntemler hastalar\u0131n tedavi s\u00fcresince olan estetik beklentilerini kar\u015f\u0131layamamaktad\u0131r. Lingual tedavi son teknolojiyi kullanarak her hasta i\u00e7in \u00f6zel olarak tasarlanm\u0131\u015f braket ve teller ile tedavi s\u0131ras\u0131nda hasta konforunu en \u00fcst d\u00fczeyde tutarak hastalar\u0131m\u0131z\u0131n uzun s\u00fcren ortodontik tedavilerde dolay\u0131 g\u00f6r\u00fcn\u00fcm kayg\u0131lar\u0131n\u0131 minimuma indiren ve kusursuz sonu\u00e7lar elde edilebilen bir tedavi alternatifi sunmakt\u0131r. Lingual teknikte tedavi hastaya uyum sa\u011flamaktad\u0131r. Di\u011fer deyi\u015fle; bu tedavide estetik kayg\u0131lar\u0131 y\u00fcksek hasta gruplar\u0131 d\u0131\u015f g\u00f6r\u00fcn\u00fc\u015flerinden \u00f6d\u00fcn vermeden di\u015flerindeki d\u00fczelmeyi daha tedavi ba\u015f\u0131ndan itibaren ad\u0131m ad\u0131m izleyebilmektedir. Ki\u015filer b\u00f6ylece bir yandan d\u00fczg\u00fcn di\u015flere sahip olurken di\u011fer taraftan da tedavi s\u0131ras\u0131nda \u00f6zg\u00fcrce g\u00fcl\u00fcmseyebilmekte ve hayatlar\u0131na kesintisiz olarak devam edebilmektedir&#8221; dedi.<\/p>\n<p>D\u00fcnya ve Avrupa Lingual Ortodonti Dernekleri\u2019nin aktif \u00fcyesi oldu\u011fu bildirilen Caniklio\u011flu, \u00f6n\u00fcm\u00fczdeki d\u00f6nem i\u00e7in hedeflerini \u015f\u00f6yle a\u00e7\u0131klad\u0131: &#8220;Bu tekni\u011fi zaten yakla\u015f\u0131k olarak 2000\u2019li y\u0131llar\u0131n ba\u015f\u0131ndan bu yana geleneksel ortodontik tedaviler ile birlikte uyguluyordum. Ancak tekni\u011fin gerek \u00e7al\u0131\u015fma y\u00f6ntemlerinin farkl\u0131 olmas\u0131, gerekse bu teknik ile yap\u0131lan tedavilerde kesintisiz bir laboratuar deste\u011fine ihtiya\u00e7 duyulmas\u0131 beni tamamen bu konuda hizmet veren ve b\u00fcnyesinde laboratuar\u0131n\u0131 da bar\u0131nd\u0131r\u0131an bir klinik a\u00e7maya y\u00f6nlendirdi. T\u00fcrkiye de tek d\u00fcnyada \u00f6rne\u011fi say\u0131l\u0131 olan bu klini\u011fimizde \u00f6n\u00fcm\u00fczdeki d\u00f6nemde hedefim sosyal ve estetik \u00e7ekinceler sebebiyle ortodontik tedavi olmaktan ka\u00e7\u0131nan eri\u015fkin hastalarda son teknolojiyi kullanarak hasta konforunu en \u00fcst d\u00fczeyde tutmak ve hasta memnuniyeti odakl\u0131 ki\u015fiye \u00f6zel bir tedavi sunmakt\u0131r&#8221;.<\/p>\n","protected":false},"excerpt":{"rendered":"<p>DR. CEM CAN\u0130KL\u0130O\u011eLU<\/p>\n","protected":false},"author":1,"featured_media":22063,"comment_status":"closed","ping_status":"open","sticky":false,"template":"","format":"standard","meta":{"jetpack_post_was_ever_published":false,"_jetpack_newsletter_access":"","_jetpack_dont_email_post_to_subs":false,"_jetpack_newsletter_tier_id":0,"_jetpack_memberships_contains_paywalled_content":false,"_jetpack_memberships_contains_paid_content":false,"footnotes":"","jetpack_publicize_message":"","jetpack_publicize_feature_enabled":true,"jetpack_social_post_already_shared":false,"jetpack_social_options":{"image_generator_settings":{"template":"highway","default_image_id":0,"font":"","enabled":false},"version":2}},"categories":[658],"tags":[288,8988,1268,9487,9485,9486,8705,1524],"class_list":["post-22062","post","type-post","status-publish","format-standard","has-post-thumbnail","hentry","category-saglik","tag-acildi","tag-hizmeti","tag-istanbulda","tag-klinik","tag-lingual","tag-ortodonti","tag-sadece","tag-verecek"],"jetpack_publicize_connections":[],"jetpack_featured_media_url":"https:\/\/i0.wp.com\/www.tvturk.com\/wp-content\/uploads\/2019\/02\/sadece-lingual-ortodonti-hizmeti-verecek-klinik-istanbulda-acildi_d7fbadf.jpg?fit=1000%2C666","jetpack_sharing_enabled":true,"jetpack_shortlink":"https:\/\/wp.me\/paKIfm-5JQ","_links":{"self":[{"href":"http:\/\/www.tvturk.com\/index.php\/wp-json\/wp\/v2\/posts\/22062","targetHints":{"allow":["GET"]}}],"collection":[{"href":"http:\/\/www.tvturk.com\/index.php\/wp-json\/wp\/v2\/posts"}],"about":[{"href":"http:\/\/www.tvturk.com\/index.php\/wp-json\/wp\/v2\/types\/post"}],"author":[{"embeddable":true,"href":"http:\/\/www.tvturk.com\/index.php\/wp-json\/wp\/v2\/users\/1"}],"replies":[{"embeddable":true,"href":"http:\/\/www.tvturk.com\/index.php\/wp-json\/wp\/v2\/comments?post=22062"}],"version-history":[{"count":0,"href":"http:\/\/www.tvturk.com\/index.php\/wp-json\/wp\/v2\/posts\/22062\/revisions"}],"wp:featuredmedia":[{"embeddable":true,"href":"http:\/\/www.tvturk.com\/index.php\/wp-json\/wp\/v2\/media\/22063"}],"wp:attachment":[{"href":"http:\/\/www.tvturk.com\/index.php\/wp-json\/wp\/v2\/media?parent=22062"}],"wp:term":[{"taxonomy":"category","embeddable":true,"href":"http:\/\/www.tvturk.com\/index.php\/wp-json\/wp\/v2\/categories?post=22062"},{"taxonomy":"post_tag","embeddable":true,"href":"http:\/\/www.tvturk.com\/index.php\/wp-json\/wp\/v2\/tags?post=22062"}],"curies":[{"name":"wp","href":"https:\/\/api.w.org\/{rel}","templated":true}]}}