{"id":220623,"date":"2019-10-27T15:17:26","date_gmt":"2019-10-27T12:17:26","guid":{"rendered":"http:\/\/www.tvturk.com\/index.php\/dunya-sampiyonu-itfaiyeci\/"},"modified":"2019-10-27T15:17:26","modified_gmt":"2019-10-27T12:17:26","slug":"dunya-sampiyonu-itfaiyeci","status":"publish","type":"post","link":"http:\/\/www.tvturk.com\/index.php\/dunya-sampiyonu-itfaiyeci\/","title":{"rendered":"D\u00fcnya \u015fampiyonu itfaiyeci"},"content":{"rendered":"<p>Mersin B\u00fcy\u00fck\u015fehir Belediyesi itfaiye erlerinden Abdurrahman \u00d6zg\u00fcl, zorlu bir ya\u015fam m\u00fccadelesi verirken, hayallerinin pe\u015finden ko\u015farak 2011\u2019de muay thai dal\u0131nda kat\u0131ld\u0131\u011f\u0131 D\u00fcnya O-Sport \u015eampiyonas\u0131\u2019nda birinci oldu. \u00d6zg\u00fcl, itfaiyecili\u011fin de muay thainin de \u00e7ocukluk hayali oldu\u011funu s\u00f6yledi.<\/p>\n<p>Yo\u011fun tempoyla s\u00fcrd\u00fcrd\u00fc\u011f\u00fc itfaiyecilik g\u00f6revinde hayat kurtaran Abdurrahman \u00d6zg\u00fcl, geriye kalan zaman\u0131nda Avrupa\u2019da ve d\u00fcnyada \u015fampiyonluk kazanarak T\u00fcrk bayra\u011f\u0131n\u0131 g\u00f6ndere \u00e7ekmenin gururunu ya\u015f\u0131yor. Zorlu bir ya\u015fam m\u00fccadelesinin ard\u0131ndan hayallerini ger\u00e7ekle\u015ftiren \u00d6zg\u00fcl, 8 n\u00fcfuslu bir ailede yeti\u015ferek \u00f6rnek bir ba\u015far\u0131 \u00f6yk\u00fcs\u00fcne imza att\u0131. 35 ya\u015f\u0131ndaki sporcu, 15 ya\u015f\u0131nda ba\u015flad\u0131\u011f\u0131 d\u00f6v\u00fc\u015f sporlar\u0131n\u0131 s\u00fcrd\u00fcrerek, \u015fu ana kadar T\u00fcrkiye, Avrupa ve d\u00fcnyada \u015fampiyonluklar kazand\u0131. 2011 y\u0131l\u0131nda Antalya\u2019da 15 \u00fclkeden 258 sporcunun kat\u0131ld\u0131\u011f\u0131 D\u00fcnya O-Sport \u015eampiyonas\u0131nda muay thai dal\u0131nda m\u00fccadele ederek 56 kiloda d\u00fcnya \u015fampiyonlu\u011funu kazanan \u00d6zg\u00fcl, 6 y\u0131ld\u0131r B\u00fcy\u00fck\u015fehir Belediyesi b\u00fcnyesinde itfaiye eri olarak g\u00f6rev yap\u0131yor.<\/p>\n<p>\u0130tfaiyecilik ve muay thai onun i\u00e7in vazge\u00e7ilmez bir tutku<\/p>\n<p>Erdemli \u0130tfaiye Grup Amirli\u011finde g\u00f6rev yapan Abdurrahman \u00d6zg\u00fcl, 24 saatlik mesaisinin ard\u0131ndan 48 saatlik dinlenme s\u00fcresini spora ay\u0131r\u0131yor. 2011\u2019de d\u00fcnya \u015fampiyonu oldu\u011fu d\u00f6nemde maddi imkans\u0131zl\u0131klarla tarlada yevmiye kar\u015f\u0131l\u0131\u011f\u0131 \u00e7al\u0131\u015fan \u00d6zg\u00fcl, \u00e7ocuklu\u011fundaki iki hayalini ger\u00e7ekle\u015ftirdi. \u00d6zg\u00fcl, spora ve itfaiyecili\u011fe ba\u015flama \u00f6yk\u00fcs\u00fcn\u00fc \u015f\u00f6yle anlatt\u0131:<\/p>\n<p>&#8220;1996-97 y\u0131llar\u0131nda spora ba\u015flad\u0131m. \u0130lk tekvandoyla ba\u015flam\u0131\u015ft\u0131m. Salon kapand\u0131, iki sene sonra muay thai salonu a\u00e7\u0131ld\u0131. Arkada\u015f\u0131m \u2019gidelim\u2019 dedi. Gittik, ho\u015fumuza gitti. Hi\u00e7bir zaman b\u0131rakma taraftar\u0131 olmad\u0131k. Sonuna kadar devam ettik. B\u00f6lge \u015fampiyonlu\u011fu geldi, T\u00fcrkiye \u015fampiyonlu\u011fu, ard\u0131ndan Avrupa. Avrupa\u2019dan sonra d\u00fcnya \u015fampiyonlu\u011fu geldi. Ba\u015far\u0131lar \u00fcst \u00fcste gelmeye ba\u015flad\u0131. Ondan sonra b\u0131rakamad\u0131m zaten, kopamad\u0131m. Televizyondan itfaiyecilerle ilgili filmler izliyordum. \u0130nsanlara yard\u0131m etmeleri, ko\u015fturmalar\u0131 \u00e7ok ho\u015fuma gidiyordu. Tam benlik dedim. Sonra bu i\u015fe de at\u0131ld\u0131m, hi\u00e7bir zaman b\u0131rakmad\u0131m. \u0130nsanlara yard\u0131m etmek her zaman i\u00e7imde vard\u0131 zaten. Ucunda \u00f6l\u00fcm de olsa sonuna kadar devam edecek. \u0130kisini bir arada g\u00f6t\u00fcrebiliyorum \u00e7\u00fcnk\u00fc ikisi de benim i\u00e7in b\u00fcy\u00fck bir a\u015fk, b\u00fcy\u00fck bir sevgi.\u201d<\/p>\n<p>4 ay sonra yeni bir d\u00fcnya \u015fampiyonlu\u011fu kazanmaya haz\u0131rlan\u0131yor<\/p>\n<p>2011\u2019de elde etti\u011fi ba\u015far\u0131y\u0131 anlatan \u00d6zg\u00fcl, \u015fampiyonaya karde\u015fi Mustafa \u00d6zg\u00fcl ile birlikte kat\u0131ld\u0131\u011f\u0131ndan bahsederek, 4 ay sonra d\u00fcnya \u00e7ap\u0131nda yap\u0131lacak bir ma\u00e7a haz\u0131rland\u0131\u011f\u0131n\u0131 s\u00f6yledi. \u00d6zg\u00fcl, \u201cKarde\u015fimle birlikte girmi\u015ftik. O gen\u00e7lerde, ben b\u00fcy\u00fcklerde. Arkamda onun vermi\u015f oldu\u011fu bir g\u00fcven vard\u0131. \u0130lk ma\u00e7a da zaten ben \u00e7\u0131kt\u0131m. Arkanda onun oldu\u011funu hissetmek zaten \u00e7ok farkl\u0131 geliyor. Karde\u015fin sonu\u00e7ta, ona da \u00f6n ayak olacaks\u0131n. \u00c7\u0131kt\u0131m. \u0130lk ma\u00e7\u0131m\u0131, ikinci ve \u00fc\u00e7\u00fcnc\u00fc ma\u00e7\u0131m\u0131 ald\u0131m. Ondan sonra \u015fampiyonluk geldi. S\u0131rt\u0131m\u0131zda b\u00fcy\u00fck bir y\u00fck vard\u0131, bunun fark\u0131ndayd\u0131k. Gidince bu ma\u00e7\u0131 ald\u0131k ve y\u00fck\u00fc \u00fcst\u00fcm\u00fczden bir nebze indirdik. Gelirken zaten ayr\u0131 bir gurur vard\u0131. Anlat\u0131lmaz, ya\u015fan\u0131r. 4 ay sonra b\u00fcy\u00fck bir ma\u00e7\u0131m var, kesinle\u015fmesini bekliyorum. D\u00fcnya \u00e7ap\u0131nda, yabanc\u0131 sporcular\u0131n bir araya geldi\u011fi bir ma\u00e7 olacak\u201d dedi.<\/p>\n<p>\u0130\u015f d\u0131\u015f\u0131ndaki zaman\u0131n\u0131 spora ay\u0131r\u0131yor<\/p>\n<p>Sporu ya\u015fam\u0131n\u0131n vazge\u00e7ilmez bir par\u00e7as\u0131 olarak g\u00f6ren \u00d6zg\u00fcl, mesai arkada\u015flar\u0131n\u0131n ilgisinden de memnun kald\u0131\u011f\u0131n\u0131 anlatarak, \u201cSabah buradan \u00e7\u0131k\u0131nca ko\u015fuya gidiyorum. Ko\u015fudan sonra sporumu yap\u0131yorum. Ak\u015fam tekrar arkada\u015flarla bir araya gelip sporumuza devam edebiliyoruz. Buradaki ortam\u0131 \u00e7ok seviyorum. Buradaki arkada\u015flar\u0131m \u00e7ok iyiler. Bana sevgiyle yakla\u015f\u0131yorlar. Sonu\u00e7ta bayra\u011f\u0131m\u0131z\u0131 g\u00f6ndere \u00e7ekmi\u015f, \u0130stiklal Mar\u015f\u0131\u2019m\u0131z\u0131 okutmu\u015f bir insan nas\u0131l kar\u015f\u0131lan\u0131yorsa, ben de \u00f6yle kar\u015f\u0131lan\u0131yorum\u201d diye konu\u015ftu.<\/p>\n<p>\u00c7ocukluk hayallerini ger\u00e7ekle\u015ftirdi<\/p>\n<p>Erdemli\u2019den kilometrelerce yol gidip Mersin merkezdeki spor salonunda \u00e7al\u0131\u015fan \u00d6zg\u00fcl, sporu da i\u015fi gibi ciddiyetle yap\u0131yor. \u00d6zg\u00fcl, d\u00f6v\u00fc\u015f sanatlar\u0131nda ilerlemenin \u00e7ocukluk hayali oldu\u011funu \u015fu s\u00f6zlerle anlatt\u0131:<\/p>\n<p>\u201cK\u00fc\u00e7\u00fck ya\u015flarda hem \u00e7al\u0131\u015f\u0131p hem spor yap\u0131yorduk. Hi\u00e7bir \u015fekilde sporu b\u0131rakmad\u0131m. \u00c7ocuklu\u011fum, televizyondaki d\u00f6v\u00fc\u015f filmlerini izleyerek, onlara \u00f6zenerek ge\u00e7ti. Spor sayesinde hi\u00e7bir k\u00f6t\u00fc al\u0131\u015fkanl\u0131\u011f\u0131m\u0131z olmad\u0131. Bizim arkada\u015flar\u0131m\u0131z sporla u\u011fra\u015f\u0131yordu. Bir arkada\u015f\u0131m \u015fampiyonlu\u011funu anlatt\u0131. Ondan esinlenerek ben de ba\u015flad\u0131m. Ben de yapaca\u011f\u0131m dedim ve ba\u015fard\u0131m. \u0130lk tekvandoyla ba\u015flam\u0131\u015ft\u0131m. Sonra muay thaiye d\u00f6nd\u00fcm. Muay thai daha sert, daha a\u011f\u0131r, daha sa\u011flamd\u0131 benim i\u00e7in. Sevdim, b\u0131rakamad\u0131m, kopamad\u0131m. Sonu\u00e7ta bir d\u00fcnya \u015fampiyonu olmak veya Avrupa\u2019da derece yapmak insana gurur veriyor. Bayra\u011f\u0131m\u0131z\u0131 g\u00f6ndere \u00e7ektirdim, \u0130stiklal Mar\u015f\u0131\u2019m\u0131z\u0131 okuttum, onun gururu var i\u00e7imde.\u201d<\/p>\n","protected":false},"excerpt":{"rendered":"<p>2011\u2019DE MUAY THA\u0130 DALINDA KATILDI\u011eI D\u00dcNYA O-SPORT \u015eAMP\u0130YONASI\u2019NDA D\u00dcNYA \u015eAMP\u0130YONU OLAN MERS\u0130N B\u00dcY\u00dcK\u015eEH\u0130R BELED\u0130YES\u0130 \u0130TFA\u0130YE DA\u0130RE BA\u015eKANLI\u011eI&#8217;NDA G\u00d6REVL\u0130 \u0130TFA\u0130YE ER\u0130 ABDURRAHMAN \u00d6ZG\u00dcL, MESLE\u011e\u0130NDE OLDU\u011eU KADAR SPORDA DA BA\u015eARILI.<\/p>\n","protected":false},"author":1,"featured_media":220624,"comment_status":"closed","ping_status":"open","sticky":false,"template":"","format":"standard","meta":{"jetpack_post_was_ever_published":false,"_jetpack_newsletter_access":"","_jetpack_dont_email_post_to_subs":false,"_jetpack_newsletter_tier_id":0,"_jetpack_memberships_contains_paywalled_content":false,"_jetpack_memberships_contains_paid_content":false,"footnotes":"","jetpack_publicize_message":"","jetpack_publicize_feature_enabled":true,"jetpack_social_post_already_shared":true,"jetpack_social_options":{"image_generator_settings":{"template":"highway","default_image_id":0,"font":"","enabled":false},"version":2}},"categories":[657],"tags":[349,48735,2415],"class_list":["post-220623","post","type-post","status-publish","format-standard","has-post-thumbnail","hentry","category-spor","tag-dunya","tag-itfaiyeci","tag-sampiyonu"],"jetpack_publicize_connections":[],"jetpack_featured_media_url":"https:\/\/i0.wp.com\/www.tvturk.com\/wp-content\/uploads\/2019\/10\/dunya-sampiyonu-itfaiyeci_7fa078c.jpg?fit=1000%2C639","jetpack_sharing_enabled":true,"jetpack_shortlink":"https:\/\/wp.me\/paKIfm-Vor","_links":{"self":[{"href":"http:\/\/www.tvturk.com\/index.php\/wp-json\/wp\/v2\/posts\/220623","targetHints":{"allow":["GET"]}}],"collection":[{"href":"http:\/\/www.tvturk.com\/index.php\/wp-json\/wp\/v2\/posts"}],"about":[{"href":"http:\/\/www.tvturk.com\/index.php\/wp-json\/wp\/v2\/types\/post"}],"author":[{"embeddable":true,"href":"http:\/\/www.tvturk.com\/index.php\/wp-json\/wp\/v2\/users\/1"}],"replies":[{"embeddable":true,"href":"http:\/\/www.tvturk.com\/index.php\/wp-json\/wp\/v2\/comments?post=220623"}],"version-history":[{"count":0,"href":"http:\/\/www.tvturk.com\/index.php\/wp-json\/wp\/v2\/posts\/220623\/revisions"}],"wp:featuredmedia":[{"embeddable":true,"href":"http:\/\/www.tvturk.com\/index.php\/wp-json\/wp\/v2\/media\/220624"}],"wp:attachment":[{"href":"http:\/\/www.tvturk.com\/index.php\/wp-json\/wp\/v2\/media?parent=220623"}],"wp:term":[{"taxonomy":"category","embeddable":true,"href":"http:\/\/www.tvturk.com\/index.php\/wp-json\/wp\/v2\/categories?post=220623"},{"taxonomy":"post_tag","embeddable":true,"href":"http:\/\/www.tvturk.com\/index.php\/wp-json\/wp\/v2\/tags?post=220623"}],"curies":[{"name":"wp","href":"https:\/\/api.w.org\/{rel}","templated":true}]}}