{"id":220645,"date":"2019-10-27T16:02:12","date_gmt":"2019-10-27T13:02:12","guid":{"rendered":"http:\/\/www.tvturk.com\/index.php\/izmirli-rapunzel-dunya-rekoru-kirdi\/"},"modified":"2019-10-27T16:02:12","modified_gmt":"2019-10-27T13:02:12","slug":"izmirli-rapunzel-dunya-rekoru-kirdi","status":"publish","type":"post","link":"http:\/\/www.tvturk.com\/index.php\/izmirli-rapunzel-dunya-rekoru-kirdi\/","title":{"rendered":"\u0130zmirli Rapunzel d\u00fcnya rekoru k\u0131rd\u0131"},"content":{"rendered":"<p>\u0130zmir\u2019de ya\u015fayan 12 ya\u015f\u0131ndaki Pelin \u00d6zdemir, do\u011fdu\u011fundan bu yana hi\u00e7 kestirmedi\u011fi 152 santimetrelik sa\u00e7lar\u0131yla D\u00fcnya \u00c7ocuk Rekorlar\u0131 Kitab\u0131\u2019na girdi. Sa\u00e7lar\u0131n\u0131 kestirmeyi d\u00fc\u015f\u00fcnmedi\u011fini belirten Pelin\u2019in boyu ise 157 santimetre.<\/p>\n<p>\u0130zmir\u2019in Karaba\u011flar il\u00e7esinde ya\u015fayan 6. s\u0131n\u0131f \u00f6\u011frencisi 12 ya\u015f\u0131ndaki Pelin \u00d6zdemir, masal kahramanlar\u0131ndan Rapunzel\u2019e benzeyen sa\u00e7lar\u0131yla dikkat \u00e7ekiyor. \u00c7evredekilerin merakl\u0131 bak\u0131\u015flar\u0131n\u0131n oda\u011f\u0131 olan Pelin, \u201c\u015eu an d\u00fcnyadaki en uzun sa\u00e7l\u0131 k\u0131z\u0131m. Sa\u00e7lar\u0131mla D\u00fcnya \u00c7ocuk Rekorlar\u0131 Kitab\u0131\u2019na girdim. Bu Guinnes\u2019ten ayr\u0131 bir olu\u015fum. Benim sa\u00e7lar\u0131m\u0131n u\u00e7lar\u0131 k\u00fc\u00e7\u00fckken daha sar\u0131 ve l\u00fcle l\u00fcleydi. Biz kestirmeye k\u0131yamad\u0131k ve uzad\u0131. Sa\u00e7lar\u0131ma hi\u00e7 makas de\u011fmedi. \u0130nsanlar foto\u011fraf \u00e7ektirmek istiyor. Sa\u00e7\u0131ma ilgi g\u00f6sterilince mutlu oluyorum. \u2018\u015eunun sa\u00e7\u0131na bak, foto\u011fraf\u0131n\u0131 \u00e7ek\u2019 diyorlar. Sa\u00e7\u0131m\u0131 kestirmeyi \u015fu an d\u00fc\u015f\u00fcnm\u00fcyorum. Bebeklik sa\u00e7lar\u0131m\u0131 kestirmeye k\u0131yam\u0131yorum\u201d diye konu\u015ftu.<\/p>\n<p>Herkes ona \u2018Rapunzel\u2019 diyor<\/p>\n<p>\u00c7evresindekilerin ona \u2018Rapunzel\u2019 lakab\u0131 takt\u0131\u011f\u0131n\u0131 ve sa\u00e7lar\u0131n\u0131n bak\u0131m\u0131n\u0131 annesi Selma \u00d6zdemir\u2019in yapt\u0131\u011f\u0131n\u0131 ifade eden Pelin \u00d6zdemir, \u201cY\u0131kamas\u0131 biraz zor oluyor ama al\u0131\u015ft\u0131m. En \u00e7ok halk oyunlar\u0131nda oynarken zorlan\u0131yorum\u201d diye konu\u015ftu.<\/p>\n<p>Pelin\u2019i g\u00f6ren vatanda\u015flar da \u015fa\u015fk\u0131nl\u0131klar\u0131n\u0131 dile getirdi. Kimi uzun sa\u00e7\u0131n bak\u0131m\u0131 zor oldu\u011fu i\u00e7in k\u0131sa sa\u00e7\u0131 tercih etti\u011fini belirtirken, kimi de sa\u00e7lar\u0131 uzamad\u0131\u011f\u0131 i\u00e7in uzun sa\u00e7 kullanamad\u0131\u011f\u0131ndan yak\u0131nd\u0131.<\/p>\n","protected":false},"excerpt":{"rendered":"<p>PEL\u0130N \u00d6ZDEM\u0130R VE ANNES\u0130 SELMA \u00d6ZDEM\u0130R.<\/p>\n","protected":false},"author":1,"featured_media":220646,"comment_status":"closed","ping_status":"open","sticky":false,"template":"","format":"standard","meta":{"jetpack_post_was_ever_published":false,"_jetpack_newsletter_access":"","_jetpack_dont_email_post_to_subs":false,"_jetpack_newsletter_tier_id":0,"_jetpack_memberships_contains_paywalled_content":false,"_jetpack_memberships_contains_paid_content":false,"footnotes":"","jetpack_publicize_message":"","jetpack_publicize_feature_enabled":true,"jetpack_social_post_already_shared":true,"jetpack_social_options":{"image_generator_settings":{"template":"highway","default_image_id":0,"font":"","enabled":false},"version":2}},"categories":[1],"tags":[349,2177,1588,55867,6268],"class_list":["post-220645","post","type-post","status-publish","format-standard","has-post-thumbnail","hentry","category-genel","tag-dunya","tag-izmirli","tag-kirdi","tag-rapunzel","tag-rekoru"],"jetpack_publicize_connections":[],"jetpack_featured_media_url":"https:\/\/i0.wp.com\/www.tvturk.com\/wp-content\/uploads\/2019\/10\/izmirli-rapunzel-dunya-rekoru-kirdi_0f01490.jpg?fit=1000%2C666","jetpack_sharing_enabled":true,"jetpack_shortlink":"https:\/\/wp.me\/paKIfm-VoN","_links":{"self":[{"href":"http:\/\/www.tvturk.com\/index.php\/wp-json\/wp\/v2\/posts\/220645","targetHints":{"allow":["GET"]}}],"collection":[{"href":"http:\/\/www.tvturk.com\/index.php\/wp-json\/wp\/v2\/posts"}],"about":[{"href":"http:\/\/www.tvturk.com\/index.php\/wp-json\/wp\/v2\/types\/post"}],"author":[{"embeddable":true,"href":"http:\/\/www.tvturk.com\/index.php\/wp-json\/wp\/v2\/users\/1"}],"replies":[{"embeddable":true,"href":"http:\/\/www.tvturk.com\/index.php\/wp-json\/wp\/v2\/comments?post=220645"}],"version-history":[{"count":0,"href":"http:\/\/www.tvturk.com\/index.php\/wp-json\/wp\/v2\/posts\/220645\/revisions"}],"wp:featuredmedia":[{"embeddable":true,"href":"http:\/\/www.tvturk.com\/index.php\/wp-json\/wp\/v2\/media\/220646"}],"wp:attachment":[{"href":"http:\/\/www.tvturk.com\/index.php\/wp-json\/wp\/v2\/media?parent=220645"}],"wp:term":[{"taxonomy":"category","embeddable":true,"href":"http:\/\/www.tvturk.com\/index.php\/wp-json\/wp\/v2\/categories?post=220645"},{"taxonomy":"post_tag","embeddable":true,"href":"http:\/\/www.tvturk.com\/index.php\/wp-json\/wp\/v2\/tags?post=220645"}],"curies":[{"name":"wp","href":"https:\/\/api.w.org\/{rel}","templated":true}]}}