{"id":220681,"date":"2019-10-27T17:46:54","date_gmt":"2019-10-27T14:46:54","guid":{"rendered":"http:\/\/www.tvturk.com\/index.php\/suriyenin-kuzeyindeki-halka-insani-yardim\/"},"modified":"2019-10-27T17:46:54","modified_gmt":"2019-10-27T14:46:54","slug":"suriyenin-kuzeyindeki-halka-insani-yardim","status":"publish","type":"post","link":"http:\/\/www.tvturk.com\/index.php\/suriyenin-kuzeyindeki-halka-insani-yardim\/","title":{"rendered":"Suriye\u2019nin kuzeyindeki halka insani yard\u0131m"},"content":{"rendered":"<p>Suriye\u2019nin kuzeyindeki b\u00f6lge halk\u0131na insani yard\u0131mda bulundu.<\/p>\n<p>Suriye\u2019nin kuzeyine d\u00fczenlenen \u2018Bar\u0131\u015f P\u0131nar\u0131 Harekat\u0131\u2019 kapsam\u0131nda ter\u00f6rden temizlenen Tel Abyad b\u00f6lgesindeki halka Hayrat \u0130nsani Yard\u0131m Vakf\u0131, AFAD ve K\u0131z\u0131lay taraf\u0131ndan ekmek, g\u0131da, su, battaniye ve \u00e7ocuklara oyuncak da\u011f\u0131t\u0131ld\u0131. B\u00f6lge halk\u0131n\u0131n aras\u0131nda bulundu\u011fu yakla\u015f\u0131k 2 bin ki\u015fiye yard\u0131mlar da\u011f\u0131t\u0131ld\u0131.<\/p>\n<p>Hayrat \u0130nsani Yard\u0131m Vakf\u0131 Kahramanmara\u015f sorumlusu ve Suriye Koordinat\u00f6r\u00fc Muhammed Ubeyd K\u00f6\u015fker, \u201c\u0130yilik P\u0131nar\u0131 yard\u0131m kampanyas\u0131 kapsam\u0131nda toplanan insani yard\u0131mlar Ak\u00e7akale lojistik merkezimize sevkiyat\u0131 yap\u0131larak F\u0131rat Kalkan\u0131 b\u00f6lgesi ve Zeytin Dal\u0131 Harekat\u0131 b\u00f6lgelerinde oldu\u011fu gibi \u2018Bar\u0131\u015f P\u0131nar\u0131 Harekat\u0131\u2019nda da b\u00f6lgenin huzur ortam\u0131na kavu\u015fmas\u0131 y\u00f6n\u00fcnde insani yard\u0131mlar\u0131 ula\u015ft\u0131rmaya devam edece\u011fiz. Suriye\u2019de sava\u015f\u0131n ba\u015f\u0131ndan bu yana mazlum halka desteklerimiz devam ediyor. Burada \u00f6zellikle g\u0131da maddesi ve battaniye da\u011f\u0131t\u0131m\u0131 yap\u0131lara mazlum halka yard\u0131m eli uzat\u0131lm\u0131\u015ft\u0131r\u201d dedi.<\/p>\n","protected":false},"excerpt":{"rendered":"<p>HAYRAT \u0130NSAN\u0130 YARDIM VAKFI TARAFINDAN SUR\u0130YE\u2019N\u0130N KUZEY\u0130NDEK\u0130 B\u00d6LGE HALKINA \u0130NSAN\u0130 YARDIM FAAL\u0130YET\u0130NDE BULUNDU<\/p>\n","protected":false},"author":1,"featured_media":220682,"comment_status":"closed","ping_status":"open","sticky":false,"template":"","format":"standard","meta":{"jetpack_post_was_ever_published":false,"_jetpack_newsletter_access":"","_jetpack_dont_email_post_to_subs":false,"_jetpack_newsletter_tier_id":0,"_jetpack_memberships_contains_paywalled_content":false,"_jetpack_memberships_contains_paid_content":false,"footnotes":"","jetpack_publicize_message":"","jetpack_publicize_feature_enabled":true,"jetpack_social_post_already_shared":true,"jetpack_social_options":{"image_generator_settings":{"template":"highway","default_image_id":0,"font":"","enabled":false},"version":2}},"categories":[1],"tags":[7477,3945,4009,28859,1736],"class_list":["post-220681","post","type-post","status-publish","format-standard","has-post-thumbnail","hentry","category-genel","tag-suriyenin","tag-halka","tag-insani","tag-kuzeyindeki","tag-yardim"],"jetpack_publicize_connections":[],"jetpack_featured_media_url":"https:\/\/i0.wp.com\/www.tvturk.com\/wp-content\/uploads\/2019\/10\/suriyenin-kuzeyindeki-halka-insani-yardim_7f38657.jpg?fit=1000%2C955","jetpack_sharing_enabled":true,"jetpack_shortlink":"https:\/\/wp.me\/paKIfm-Vpn","_links":{"self":[{"href":"http:\/\/www.tvturk.com\/index.php\/wp-json\/wp\/v2\/posts\/220681","targetHints":{"allow":["GET"]}}],"collection":[{"href":"http:\/\/www.tvturk.com\/index.php\/wp-json\/wp\/v2\/posts"}],"about":[{"href":"http:\/\/www.tvturk.com\/index.php\/wp-json\/wp\/v2\/types\/post"}],"author":[{"embeddable":true,"href":"http:\/\/www.tvturk.com\/index.php\/wp-json\/wp\/v2\/users\/1"}],"replies":[{"embeddable":true,"href":"http:\/\/www.tvturk.com\/index.php\/wp-json\/wp\/v2\/comments?post=220681"}],"version-history":[{"count":0,"href":"http:\/\/www.tvturk.com\/index.php\/wp-json\/wp\/v2\/posts\/220681\/revisions"}],"wp:featuredmedia":[{"embeddable":true,"href":"http:\/\/www.tvturk.com\/index.php\/wp-json\/wp\/v2\/media\/220682"}],"wp:attachment":[{"href":"http:\/\/www.tvturk.com\/index.php\/wp-json\/wp\/v2\/media?parent=220681"}],"wp:term":[{"taxonomy":"category","embeddable":true,"href":"http:\/\/www.tvturk.com\/index.php\/wp-json\/wp\/v2\/categories?post=220681"},{"taxonomy":"post_tag","embeddable":true,"href":"http:\/\/www.tvturk.com\/index.php\/wp-json\/wp\/v2\/tags?post=220681"}],"curies":[{"name":"wp","href":"https:\/\/api.w.org\/{rel}","templated":true}]}}