{"id":220727,"date":"2019-10-27T20:02:29","date_gmt":"2019-10-27T17:02:29","guid":{"rendered":"http:\/\/www.tvturk.com\/index.php\/kartepe-zirvesi-sona-erdi\/"},"modified":"2019-10-27T20:02:29","modified_gmt":"2019-10-27T17:02:29","slug":"kartepe-zirvesi-sona-erdi","status":"publish","type":"post","link":"http:\/\/www.tvturk.com\/index.php\/kartepe-zirvesi-sona-erdi\/","title":{"rendered":"Kartepe Zirvesi sona erdi"},"content":{"rendered":"<p>Yurt i\u00e7i ve yurt d\u0131\u015f\u0131ndan 180\u2019den fazla akademisyen, ara\u015ft\u0131rmac\u0131 diplomat ve siyaset\u00e7inin kat\u0131l\u0131m\u0131yla ger\u00e7ekle\u015ftirilen Kartepe Zirvesi sona erdi. Zirvenin kapan\u0131\u015f oturumunda konu\u015fan Kocaeli B\u00fcy\u00fck\u015fehir Belediye Ba\u015fkan\u0131 Tahir B\u00fcy\u00fckak\u0131n, \u201cBile bile, \u2018Mutlu \u015fehircilik\u2019 diyerek bir risk ald\u0131m. Mutlu \u015fehircilik dedi\u011fimizde insanlar\u0131n kentlerdeki olumsuzluklar\u0131n\u0131 sorgulayaca\u011f\u0131n\u0131 bile bile bunu s\u00f6yledim\u201d dedi.<\/p>\n<p>Yurt i\u00e7i yurt d\u0131\u015f\u0131 pek \u00e7ok akademisyen, siyaset\u00e7i, yazar, k\u00fclt\u00fcr-sanat insan\u0131, i\u015f adamlar\u0131n\u0131n kat\u0131l\u0131m\u0131yla bu y\u0131l 3.\u2019s\u00fc ger\u00e7ekle\u015ftirilen Kartepe Zirvesi sona erdi. 3 g\u00fcn boyunca devam eden ve 180\u2019den fazla akademisyen ve uzman\u0131n konu\u015fmac\u0131 olarak kat\u0131ld\u0131\u011f\u0131 zirvede \u201c\u015eehircilik ve Mutlu \u015eehir\u201d olarak belirlenen tema \u00fczerinden \u00f6nemli de\u011ferlendirmelerde bulunuldu. \u00c7ok say\u0131da oturumun ger\u00e7ekle\u015ftirildi\u011fi zirve, d\u00fczenlenen kapan\u0131\u015f oturumu ile sona erdi. Zirvenin kapan\u0131\u015f oturumuna Kocaeli B\u00fcy\u00fck\u015fehir Belediye Ba\u015fkan\u0131 Tahir B\u00fcy\u00fckak\u0131n, il\u00e7e belediye ba\u015fkanlar\u0131, siyasi parti temsilcileri, akademisyenler ve davetliler kat\u0131ld\u0131.<\/p>\n<p>Akademisyenler kapan\u0131\u015f oturumunda zirveyi de\u011ferlendirdi<\/p>\n<p>Ankara Y\u0131ld\u0131r\u0131m Beyaz\u0131t \u00dcniversitesi\u2019nden Prof. Dr. Y\u0131lmaz Bing\u00f6l, \u0130stanbul \u00dcniversitesi\u2019nden Prof. Dr. Veysel Bozkurt, \u0130stanbul \u00dcniversitesi\u2019nden Prof. Dr. Dilek Demirba\u015f, Sakarya \u00dcniversitesi\u2019nden Prof. Dr. Haluk Selvi, Kocaeli \u00dcniversitesi\u2019nden Prof. Dr. \u0130brahim \u015eirin, kapan\u0131\u015f oturumunun kapan\u0131\u015f konu\u015fmas\u0131n\u0131 ger\u00e7ekle\u015ftirdi. Programda zirve ile ilgili de\u011ferlendirmeler yapan Prof. Dr. Y\u0131lmaz Bing\u00f6l, zirvede d\u00fcnyaya \u00f6nemli mesajlar\u0131n aktar\u0131ld\u0131\u011f\u0131n\u0131 belirterek, zirveden \u00e7\u0131kan raporlar\u0131n \u00f6nemli sonu\u00e7lar\u0131 iletece\u011fine dikkat \u00e7ekti. Daha sonra konu\u015fan Prof. Dr. Veysel Bozkurt, zirvede oturumlara kat\u0131lan konu\u015fmac\u0131lar\u0131n \u00f6nemli problemleri dile getirdi\u011fini s\u00f6yledi. S\u00f6z alan Prof. Dr. Dilek Demirba\u015f da zirvede \u00f6nemli \u00f6nerilerin ortaya \u00e7\u0131kt\u0131\u011f\u0131n\u0131 ve burada dile getiren dezavantajlar\u0131n avantaja \u00e7evrilebilece\u011fini vurgulad\u0131. Yapt\u0131\u011f\u0131 konu\u015fmada zirveden \u00e7\u0131kan sonu\u00e7lar\u0131 de\u011ferlendiren Prof. Dr. Haluk Selvi ise \u015fehirlerde artan mutsuzluk, tatminsizlik gibi problemlerin a\u015f\u0131lmas\u0131n\u0131n \u00e7ocuklar\u0131n ve gen\u00e7li\u011fin mutlu olmas\u0131 ile m\u00fcmk\u00fcn olabilece\u011fi sonucunun \u00e7\u0131kt\u0131\u011f\u0131n\u0131 s\u00f6yledi. Son olarak s\u00f6z alarak de\u011ferlendirmelerde bulunan Prof. Dr. \u0130brahim \u015eirin, zirvedeki yap\u0131lan de\u011ferlendirmelerde 21. y\u00fczy\u0131l\u0131n insanlar\u0131 olarak tarihi bir avantaj olarak kullanarak gelece\u011fin in\u015fa edilmesi gerekti\u011fi sonucunun \u00e7\u0131kt\u0131\u011f\u0131n\u0131 dile getirdi.<\/p>\n<p>\u201cZirvede \u00e7ok ciddi katk\u0131lar yap\u0131ld\u0131\u201d<\/p>\n<p>Akademisyenlerin de\u011ferlendirmelerini dile getirmesinin ard\u0131ndan Kocaeli B\u00fcy\u00fck\u015fehir Belediye Ba\u015fkan\u0131 Tahir B\u00fcy\u00fckak\u0131n, zirvenin kapan\u0131\u015f konu\u015fmas\u0131n\u0131 ger\u00e7ekle\u015ftirdi. Zirveye dair de\u011ferlendirmelerde bulunan B\u00fcy\u00fckak\u0131n, \u201cEski bir akademisyen olarak, kendimi bir belediye ba\u015fkan\u0131 de\u011fil, bir hoca olarak sayarak de\u011ferlendirmeler yapmak istiyorum. Zirvede \u00e7ok ciddi katk\u0131lar yap\u0131ld\u0131. Ama \u00f6zellikle d\u00fcn ak\u015fam ba\u015flayan bir toplant\u0131 ger\u00e7ekle\u015ftirdim. Gen\u00e7lerle birlikte yap\u0131lan toplant\u0131 zirvenin en \u00f6nemli noktas\u0131yd\u0131. Gen\u00e7lerimizle daha fazla konu\u015fmam\u0131z gerekiyor. Orada ortaya \u00e7\u0131kan notlar\u0131 de\u011ferlendireyim. Han\u0131mefendilerin gece saatlerinde otob\u00fcste durak d\u0131\u015f\u0131nda inebilmesi i\u00e7in bir \u00f6neride bulundu. Biz de burada bir somut sonuca vararak d\u00fczenleme yapt\u0131k. Bu d\u00fczenleme son derece yararl\u0131 olacak. Onun i\u00e7in daha fazla dinlemek laz\u0131m. Gen\u00e7 mekanlar tasarlamaya karar verdik. Gen\u00e7ler kendileri i\u00e7in imkanlar istediler. Ayn\u0131 zamanda burada indirim de olsun istediler. Biz de bedava olsun, belediye kar\u015f\u0131las\u0131n dedik. Beraber tasarlayal\u0131m, ad\u0131 da gen\u00e7 mekanlar olsun diye konu\u015ftuk. \u00d6n\u00fcm\u00fczdeki g\u00fcnlerde bunu projelendirece\u011fiz. G\u00f6n\u00fcll\u00fc esasl\u0131 projeleri artt\u0131rmaya karar verdik. \u00c7ocuktan gence, engelliye, dezavantajl\u0131 gruplara kadar, tarihle, do\u011fayla, k\u00fclt\u00fcrle alakal\u0131 bir\u00e7ok konuda sosyal projeleri birlikte yapmaya ve fark\u0131ndal\u0131k projelerini birlikte yapmaya karar verdik\u201d dedi.<\/p>\n<p>\u201cMutlu \u015fehircilik\u2019 diyerek asl\u0131nda bir risk ald\u0131m\u201d<\/p>\n<p>\u0130nsanlar\u0131n \u015fehirlerdeki olumsuzluklara y\u00f6nelik olumsuz y\u00f6nde de\u011ferlendirmeler yapaca\u011f\u0131n\u0131 bilerek, \u201cMutlu \u015eehircilik\u201d temas\u0131n\u0131 se\u00e7ti\u011fini belirten B\u00fcy\u00fckak\u0131n, \u201cGen\u00e7lik meclisleri yapmaya karar verdik. Orada gen\u00e7lerimiz s\u00fcrekli \u00e7al\u0131\u015fs\u0131nlar ve bunu Kocaeli B\u00fcy\u00fck\u015fehir Belediyesi meclisine teklif olarak sunsunlar. Biz de onu orada de\u011ferlendirelim. Benim yapm\u0131\u015f oldu\u011fu oturumun \u00f6zeti buydu. Ben bu oturumlara katk\u0131 sa\u011flayan akademisyenlere ve uygulay\u0131c\u0131lara ayr\u0131 ayr\u0131 te\u015fekk\u00fcr ediyorum. Hepsinin \u00e7al\u0131\u015fmalar\u0131 ilerleyen g\u00fcnlerde de\u011ferlendirilecek. Bence bu zirvenin en b\u00fcy\u00fck kazan\u0131m olu\u015fturdu\u011fu fark\u0131ndal\u0131k. Bile bile, \u2018Mutlu \u015fehircilik\u2019 diyerek bir risk ald\u0131m. Mutlu \u015fehircilik dedi\u011fimizde insanlar\u0131n kentlerdeki olumsuzluklar\u0131n\u0131 sorgulayaca\u011f\u0131n\u0131 bile bile bunu s\u00f6yledim. \u00d6zellikle buraya dikkat \u00e7ekilsin. \u0130nsanlar, \u2018Siz mutlu \u015fehir diyorlar ama bu olursa daha iyi olur\u2019 desinler diye bunu istedim\u201d diye konu\u015ftu.<\/p>\n<p>&#8220;As\u0131l ama\u00e7 insan\u0131n mutlulu\u011fu oldu\u011funu vurgulamakt\u0131&#8221;<\/p>\n<p>Zirve sayesinde \u00f6nemli bir vizyonun olu\u015fmas\u0131na katk\u0131 sa\u011fland\u0131\u011f\u0131n\u0131 dile getiren B\u00fcy\u00fckak\u0131n, \u201cAsl\u0131nda biz var olanla yetinmemeli, s\u00fcrekli olarak yapt\u0131klar\u0131m\u0131z\u0131 g\u00f6zden ge\u00e7irmeli ve iyile\u015ftirmeliyiz. Bu kapsamda mutlu \u015fehir dedi\u011fimizde bir vizyon ortaya koyal\u0131m dedik. Az \u00f6nce ifade edildi. Mutlu \u015fehir diyelim, bir vizyon koyal\u0131m. O vizyon ayn\u0131 \u00e7a\u011fda\u015f medeniyet seviyesine ula\u015fmak gibi bir vizyon olsun. Onun i\u00e7in de s\u00fcrekli \u00e7aba sarf edelim. Asl\u0131nda bu bir vizyondur. Bir kez daha hat\u0131rlat\u0131yorum. \u015eehirlerde insanlar\u0131n mutlu olmak durumunda oldu\u011funu, as\u0131l ama\u00e7 insan\u0131n mutlulu\u011fu oldu\u011funu vurgulamakt\u0131. Bence en \u00f6nemli kazan\u0131m bunun fark\u0131nda olunmas\u0131. Buradan ba\u015flayaca\u011f\u0131z ve sorular burada gelmeye ba\u015flayacak. Ne olursa insan mutlu olur demeye ba\u015flayaca\u011f\u0131z. Bunlar\u0131 s\u0131ralamaya ba\u015flad\u0131\u011f\u0131m\u0131zda ard\u0131ndan onlar\u0131 yapmaya ba\u015flad\u0131\u011f\u0131m\u0131zda ve ne kadar\u0131n\u0131 yap\u0131p yapmad\u0131\u011f\u0131m\u0131z\u0131 g\u00f6rmeye ba\u015flad\u0131\u011f\u0131m\u0131zda o zaman ilerlemi\u015f olaca\u011f\u0131z\u201d \u015feklinde konu\u015ftu.<\/p>\n<p>B\u00fcy\u00fckak\u0131n\u2019\u0131n konu\u015fmas\u0131n\u0131n ard\u0131ndan zirve hat\u0131ra foto\u011fraf\u0131 \u00e7ekilmesiyle sona erdi.<\/p>\n","protected":false},"excerpt":{"rendered":"<p>YURT \u0130\u00c7\u0130 VE YURT DI\u015eINDAN 180\u2019DEN FAZLA AKADEM\u0130SYEN, ARA\u015eTIRMACI D\u0130PLOMAT VE S\u0130YASET\u00c7\u0130N\u0130N KATILIMIYLA GER\u00c7EKLE\u015eT\u0130R\u0130LEN KARTEPE Z\u0130RVES\u0130 SONA ERD\u0130. Z\u0130RVEN\u0130N KAPANI\u015e OTURUMUNDA KONU\u015eAN KOCAEL\u0130 B\u00dcY\u00dcK\u015eEH\u0130R BELED\u0130YE BA\u015eKANI TAH\u0130R B\u00dcY\u00dcKAKIN, \u201cB\u0130LE B\u0130LE, \u2018MUTLU \u015eEH\u0130RC\u0130L\u0130K\u2019 D\u0130YEREK B\u0130R R\u0130SK ALDIM. MUTLU \u015eEH\u0130RC\u0130L\u0130K DED\u0130\u011e\u0130M\u0130ZDE \u0130NSANLARIN KENTLERDEK\u0130 OLUMSUZLUKLARINI SORGULAYACA\u011eINI B\u0130LE B\u0130LE BUNU S\u00d6YLED\u0130M\u201d DED\u0130.<\/p>\n","protected":false},"author":1,"featured_media":220728,"comment_status":"closed","ping_status":"open","sticky":false,"template":"","format":"standard","meta":{"jetpack_post_was_ever_published":false,"_jetpack_newsletter_access":"","_jetpack_dont_email_post_to_subs":false,"_jetpack_newsletter_tier_id":0,"_jetpack_memberships_contains_paywalled_content":false,"_jetpack_memberships_contains_paid_content":false,"footnotes":"","jetpack_publicize_message":"","jetpack_publicize_feature_enabled":true,"jetpack_social_post_already_shared":true,"jetpack_social_options":{"image_generator_settings":{"template":"highway","default_image_id":0,"font":"","enabled":false},"version":2}},"categories":[1],"tags":[793,11470,792,411],"class_list":["post-220727","post","type-post","status-publish","format-standard","has-post-thumbnail","hentry","category-genel","tag-erdi","tag-kartepe","tag-sona","tag-zirvesi"],"jetpack_publicize_connections":[],"jetpack_featured_media_url":"https:\/\/i0.wp.com\/www.tvturk.com\/wp-content\/uploads\/2019\/10\/kartepe-zirvesi-sona-erdi_0e6127f.jpg?fit=1000%2C666","jetpack_sharing_enabled":true,"jetpack_shortlink":"https:\/\/wp.me\/paKIfm-Vq7","_links":{"self":[{"href":"http:\/\/www.tvturk.com\/index.php\/wp-json\/wp\/v2\/posts\/220727","targetHints":{"allow":["GET"]}}],"collection":[{"href":"http:\/\/www.tvturk.com\/index.php\/wp-json\/wp\/v2\/posts"}],"about":[{"href":"http:\/\/www.tvturk.com\/index.php\/wp-json\/wp\/v2\/types\/post"}],"author":[{"embeddable":true,"href":"http:\/\/www.tvturk.com\/index.php\/wp-json\/wp\/v2\/users\/1"}],"replies":[{"embeddable":true,"href":"http:\/\/www.tvturk.com\/index.php\/wp-json\/wp\/v2\/comments?post=220727"}],"version-history":[{"count":0,"href":"http:\/\/www.tvturk.com\/index.php\/wp-json\/wp\/v2\/posts\/220727\/revisions"}],"wp:featuredmedia":[{"embeddable":true,"href":"http:\/\/www.tvturk.com\/index.php\/wp-json\/wp\/v2\/media\/220728"}],"wp:attachment":[{"href":"http:\/\/www.tvturk.com\/index.php\/wp-json\/wp\/v2\/media?parent=220727"}],"wp:term":[{"taxonomy":"category","embeddable":true,"href":"http:\/\/www.tvturk.com\/index.php\/wp-json\/wp\/v2\/categories?post=220727"},{"taxonomy":"post_tag","embeddable":true,"href":"http:\/\/www.tvturk.com\/index.php\/wp-json\/wp\/v2\/tags?post=220727"}],"curies":[{"name":"wp","href":"https:\/\/api.w.org\/{rel}","templated":true}]}}