{"id":220822,"date":"2019-10-28T09:32:15","date_gmt":"2019-10-28T06:32:15","guid":{"rendered":"http:\/\/www.tvturk.com\/index.php\/fotograf-tutkunlari-sonbaharda-sakin-sehir-savsata-akin-ediyor\/"},"modified":"2019-10-28T09:32:15","modified_gmt":"2019-10-28T06:32:15","slug":"fotograf-tutkunlari-sonbaharda-sakin-sehir-savsata-akin-ediyor","status":"publish","type":"post","link":"http:\/\/www.tvturk.com\/index.php\/fotograf-tutkunlari-sonbaharda-sakin-sehir-savsata-akin-ediyor\/","title":{"rendered":"Foto\u011fraf tutkunlar\u0131 sonbaharda sakin \u015fehir \u015eav\u015fat\u2019a ak\u0131n ediyor"},"content":{"rendered":"<p>Sonbaharda fark\u0131 renklere b\u00fcr\u00fcnen Artvin\u2019in Sakin \u015fehir (Cittaslow) \u00fcnvanl\u0131 \u015eav\u015fat il\u00e7esi foto\u011fraf tutkunlar\u0131n\u0131n g\u00f6zdesi haline geldi.<\/p>\n<p>\u015eav\u015fat il\u00e7esi sonbaharla birlikte olu\u015fan renk c\u00fcmb\u00fc\u015f\u00fcyle g\u00f6renleri kendine hayran b\u0131rak\u0131yor. \u015eav\u015fat\u2019ta \u00e7ekilen g\u00f6r\u00fcnt\u00fcleri ressamlar\u0131n ya\u011fl\u0131 boya tablolar\u0131n\u0131 and\u0131r\u0131yor. \u0130l\u00e7enin en \u00e7ok ilgi g\u00f6ren b\u00f6lgelerinden biri olan, Karag\u00f6l\u2019\u00fcn kalp \u015feklindeki g\u00f6r\u00fcnt\u00fcs\u00fc ve yans\u0131mas\u0131 foto\u011fraf tutkunlar\u0131n\u0131n yo\u011fun ilgisiyle kar\u015f\u0131la\u015f\u0131yor. Do\u011fu Karadeniz\u2019de sonbaharla birlikte farkl\u0131 renklerin egemen oldu\u011fu il\u00e7e masal diyarlar\u0131n\u0131 and\u0131r\u0131yor.<\/p>\n<p>Ah\u015fap k\u00f6y evleri, sessizli\u011fi, k\u00fclt\u00fcr\u00fc, m\u00fczi\u011fi ve do\u011fal ya\u015fam\u0131yla dikkati \u00e7eken Artvin\u2019in &#8220;Sakin \u015eehir&#8221; unvanl\u0131 il\u00e7esi \u015eav\u015fat, muhte\u015fem do\u011fas\u0131 ve co\u011frafi g\u00fczellikleriyle yerli-yabanc\u0131 foto\u011fraf tutkunlar\u0131na g\u00f6rsel \u015f\u00f6len sunuyor.<\/p>\n<p>Sonbaharda \u015eav\u015fat\u2019\u0131 foto\u011fraflamak i\u00e7in Rize\u2019den gelen \u0130hsan Sa\u011fba\u015f, \u201cAilecek buraya foto\u011fraf \u00e7ekmeye geldik. Buran\u0131n do\u011fas\u0131n\u0131n \u00e7ok seviyoruz. \u0130lkbaharda \u00e7i\u00e7eklerin a\u00e7mas\u0131yla geliyorum, birde sonbaharda ye\u015fili sar\u0131s\u0131n\u0131n bir arada oldu\u011funu g\u00f6r\u00fcnt\u00fclemek i\u00e7in geliyorum. \u00c7ok harika bir do\u011fas\u0131 var. Buras\u0131 bir cennet, herkesin buras\u0131n\u0131 gelip g\u00f6rmesi laz\u0131m\u201d dedi.<\/p>\n<p>Foto\u011fraf\u00e7\u0131 Orhan Naml\u0131 ise, \u201cS\u0131k s\u0131k gelip gitti\u011fim bir yer buras\u0131 y\u0131llard\u0131r foto\u011fraf\u00e7\u0131l\u0131kla u\u011fra\u015ft\u0131\u011f\u0131m i\u00e7in buran\u0131n konseptini be\u011feniyorum. Sonbahar\u0131 daha \u00e7ok tercih ediyorum g\u00f6rsel olarak daha \u00e7ok etkileyici oluyor. Do\u011fas\u0131 g\u00fczel ama insanlar\u0131n bu g\u00fczel do\u011fay\u0131 hor kulland\u0131\u011f\u0131na da \u015fahit oluyoruz. \u00c7evre temizli\u011fine biraz \u00f6nem g\u00f6sterilse insanlar biraz daha bilin\u00e7lenirse buradan daha \u00e7ok sevk al\u0131nabilir\u201d diye konu\u015ftu.<\/p>\n<p>Emekli m\u00fchendis ve amat\u00f6r foto\u011fraf\u00e7\u0131l\u0131k yapan Vakkas Uyan ise \u201d Zaman bulduk\u00e7a T\u00fcrkiye\u2019nin de\u011fi\u015fik yerlerinde foto\u011fraflar \u00e7ekiyorum. B\u00f6ylelikle emeklili\u011fi verimli bir \u015fekilde ge\u00e7irmek istiyorum. Buraya gelmek i\u00e7in \u00f6zellikle sonbahar\u0131 se\u00e7tim. Do\u011fas\u0131 harika cennet gibi her yer. B\u00f6yle bir do\u011fa \u015fimdiye kadar g\u00f6rmedim. Buradaki a\u011fa\u00e7 yo\u011funlu\u011fu daha fazla, bir de ya\u015flar\u0131 ilerlemi\u015f bunlar tabi insan\u0131 b\u00fcy\u00fcl\u00fcyor\u201d ifadelerini kulland\u0131.<\/p>\n","protected":false},"excerpt":{"rendered":"<p>SONBAHARDA FARKI RENKLERE B\u00dcR\u00dcNEN ARTV\u0130N\u2019\u0130N SAK\u0130N \u015eEH\u0130R (C\u0130TTASLOW)  \u00dcNVANLI \u015eAV\u015eAT \u0130L\u00c7ES\u0130 FOTO\u011eRAF TUTKUNLARININ G\u00d6ZDES\u0130 HAL\u0130NE GELD\u0130.<\/p>\n","protected":false},"author":1,"featured_media":220823,"comment_status":"closed","ping_status":"open","sticky":false,"template":"","format":"standard","meta":{"jetpack_post_was_ever_published":false,"_jetpack_newsletter_access":"","_jetpack_dont_email_post_to_subs":false,"_jetpack_newsletter_tier_id":0,"_jetpack_memberships_contains_paywalled_content":false,"_jetpack_memberships_contains_paid_content":false,"footnotes":"","jetpack_publicize_message":"","jetpack_publicize_feature_enabled":true,"jetpack_social_post_already_shared":true,"jetpack_social_options":{"image_generator_settings":{"template":"highway","default_image_id":0,"font":"","enabled":false},"version":2}},"categories":[1],"tags":[328,523,5874,17672,24650,553,22052,8984],"class_list":["post-220822","post","type-post","status-publish","format-standard","has-post-thumbnail","hentry","category-genel","tag-akin","tag-ediyor","tag-fotograf","tag-sakin","tag-savsata","tag-sehir","tag-sonbaharda","tag-tutkunlari"],"jetpack_publicize_connections":[],"jetpack_featured_media_url":"https:\/\/i0.wp.com\/www.tvturk.com\/wp-content\/uploads\/2019\/10\/fotograf-tutkunlari-sonbaharda-sakin-sehir-savsata-akin-ediyor_238922b.jpg?fit=1000%2C562","jetpack_sharing_enabled":true,"jetpack_shortlink":"https:\/\/wp.me\/paKIfm-VrE","_links":{"self":[{"href":"http:\/\/www.tvturk.com\/index.php\/wp-json\/wp\/v2\/posts\/220822","targetHints":{"allow":["GET"]}}],"collection":[{"href":"http:\/\/www.tvturk.com\/index.php\/wp-json\/wp\/v2\/posts"}],"about":[{"href":"http:\/\/www.tvturk.com\/index.php\/wp-json\/wp\/v2\/types\/post"}],"author":[{"embeddable":true,"href":"http:\/\/www.tvturk.com\/index.php\/wp-json\/wp\/v2\/users\/1"}],"replies":[{"embeddable":true,"href":"http:\/\/www.tvturk.com\/index.php\/wp-json\/wp\/v2\/comments?post=220822"}],"version-history":[{"count":0,"href":"http:\/\/www.tvturk.com\/index.php\/wp-json\/wp\/v2\/posts\/220822\/revisions"}],"wp:featuredmedia":[{"embeddable":true,"href":"http:\/\/www.tvturk.com\/index.php\/wp-json\/wp\/v2\/media\/220823"}],"wp:attachment":[{"href":"http:\/\/www.tvturk.com\/index.php\/wp-json\/wp\/v2\/media?parent=220822"}],"wp:term":[{"taxonomy":"category","embeddable":true,"href":"http:\/\/www.tvturk.com\/index.php\/wp-json\/wp\/v2\/categories?post=220822"},{"taxonomy":"post_tag","embeddable":true,"href":"http:\/\/www.tvturk.com\/index.php\/wp-json\/wp\/v2\/tags?post=220822"}],"curies":[{"name":"wp","href":"https:\/\/api.w.org\/{rel}","templated":true}]}}