{"id":220850,"date":"2019-10-28T10:16:45","date_gmt":"2019-10-28T07:16:45","guid":{"rendered":"http:\/\/www.tvturk.com\/index.php\/kahramanmarastan-kanadaya-takim-elbise\/"},"modified":"2019-10-28T10:16:45","modified_gmt":"2019-10-28T07:16:45","slug":"kahramanmarastan-kanadaya-takim-elbise","status":"publish","type":"post","link":"http:\/\/www.tvturk.com\/index.php\/kahramanmarastan-kanadaya-takim-elbise\/","title":{"rendered":"Kahramanmara\u015f\u2019tan Kanada\u2019ya tak\u0131m elbise"},"content":{"rendered":"<p>Kahramanmara\u015f\u2019ta \u00e7\u0131rak olarak ba\u015flad\u0131\u011f\u0131 i\u015finde 125 ki\u015fiye istihdam sa\u011flayan Kurtulu\u015f \u0130mer, \u00fcretti\u011fi tak\u0131m elbiseleri ba\u015fta Kanada olmak \u00fczere Fas ve Yemen\u2019e g\u00f6nderiyor.<\/p>\n<p>Kurtulu\u015f \u0130mer (40), 10 ya\u015f\u0131ndayken \u00e7\u0131rak olarak ba\u015flad\u0131\u011f\u0131 tekstil sekt\u00f6r\u00fcnde kalfal\u0131k ve ustal\u0131\u011f\u0131n\u0131n ard\u0131ndan 2009 y\u0131l\u0131nda kendi i\u015fletmesini kurdu. Tak\u0131m elbise \u00fcretimi yap\u0131lan tesiste 125 ki\u015fiyi  istihdam etti\u011fini belirten \u0130mer, ihracata da ba\u015flad\u0131klar\u0131n\u0131 s\u00f6yledi.<\/p>\n<p>Tak\u0131m elbiseleri ba\u015fta Kanada olmak \u00fczere Fas ve Yemen\u2019e ihra\u00e7 etti\u011fini vurgulayan \u0130mer, \u201c1989 y\u0131l\u0131nda ilkokulu bitirip bu mesle\u011fe ba\u015flad\u0131m. \u00c7\u0131rakl\u0131k, kalfal\u0131k ve ustal\u0131k d\u00f6nemlerinin ard\u0131ndan 2009 y\u0131l\u0131nda kendi i\u015f yerimizi a\u00e7t\u0131k. Bir merdiven alt\u0131 olarak ba\u015flad\u0131k ve \u015fuanda 125 ki\u015fiye ekmek verebiliyoruz. \u0130\u015fimizi geni\u015fletip b\u00fcy\u00fctmeyi d\u00fc\u015f\u00fcn\u00fcyoruz. G\u00fcnde yakla\u015f\u0131k 450 adet elbise \u00fcretiyoruz&#8221; dedi.<\/p>\n","protected":false},"excerpt":{"rendered":"<p>KAHRAMANMARA\u015e\u2019TA \u00c7IRAK OLARAK BA\u015eLADI\u011eI \u0130\u015e\u0130NDE 125 K\u0130\u015e\u0130YE \u0130ST\u0130HDAM SA\u011eLAYAN KURTULU\u015e \u0130MER, \u00dcRETT\u0130\u011e\u0130 TAKIM ELB\u0130SELER\u0130 BA\u015eTA KANADA OLMAK \u00dcZERE FES VE YEMEN&#8217;E G\u00d6NDER\u0130YOR<\/p>\n","protected":false},"author":1,"featured_media":220851,"comment_status":"closed","ping_status":"open","sticky":false,"template":"","format":"standard","meta":{"jetpack_post_was_ever_published":false,"_jetpack_newsletter_access":"","_jetpack_dont_email_post_to_subs":false,"_jetpack_newsletter_tier_id":0,"_jetpack_memberships_contains_paywalled_content":false,"_jetpack_memberships_contains_paid_content":false,"footnotes":"","jetpack_publicize_message":"","jetpack_publicize_feature_enabled":true,"jetpack_social_post_already_shared":true,"jetpack_social_options":{"image_generator_settings":{"template":"highway","default_image_id":0,"font":"","enabled":false},"version":2}},"categories":[19],"tags":[8895,46,20742,6670],"class_list":["post-220850","post","type-post","status-publish","format-standard","has-post-thumbnail","hentry","category-ekonomi","tag-elbise","tag-kahramanmarastan","tag-kanadaya","tag-takim"],"jetpack_publicize_connections":[],"jetpack_featured_media_url":"https:\/\/i0.wp.com\/www.tvturk.com\/wp-content\/uploads\/2019\/10\/kahramanmarastan-kanadaya-takim-elbise_5b7f368.jpg?fit=1000%2C716","jetpack_sharing_enabled":true,"jetpack_shortlink":"https:\/\/wp.me\/paKIfm-Vs6","_links":{"self":[{"href":"http:\/\/www.tvturk.com\/index.php\/wp-json\/wp\/v2\/posts\/220850","targetHints":{"allow":["GET"]}}],"collection":[{"href":"http:\/\/www.tvturk.com\/index.php\/wp-json\/wp\/v2\/posts"}],"about":[{"href":"http:\/\/www.tvturk.com\/index.php\/wp-json\/wp\/v2\/types\/post"}],"author":[{"embeddable":true,"href":"http:\/\/www.tvturk.com\/index.php\/wp-json\/wp\/v2\/users\/1"}],"replies":[{"embeddable":true,"href":"http:\/\/www.tvturk.com\/index.php\/wp-json\/wp\/v2\/comments?post=220850"}],"version-history":[{"count":0,"href":"http:\/\/www.tvturk.com\/index.php\/wp-json\/wp\/v2\/posts\/220850\/revisions"}],"wp:featuredmedia":[{"embeddable":true,"href":"http:\/\/www.tvturk.com\/index.php\/wp-json\/wp\/v2\/media\/220851"}],"wp:attachment":[{"href":"http:\/\/www.tvturk.com\/index.php\/wp-json\/wp\/v2\/media?parent=220850"}],"wp:term":[{"taxonomy":"category","embeddable":true,"href":"http:\/\/www.tvturk.com\/index.php\/wp-json\/wp\/v2\/categories?post=220850"},{"taxonomy":"post_tag","embeddable":true,"href":"http:\/\/www.tvturk.com\/index.php\/wp-json\/wp\/v2\/tags?post=220850"}],"curies":[{"name":"wp","href":"https:\/\/api.w.org\/{rel}","templated":true}]}}