{"id":22088,"date":"2019-02-11T15:36:07","date_gmt":"2019-02-11T12:36:07","guid":{"rendered":"http:\/\/www.tvturk.com\/index.php\/asm-ve-112-istasyonu-insaati-6-ayda-bitecek\/"},"modified":"2019-02-11T15:36:09","modified_gmt":"2019-02-11T12:36:09","slug":"asm-ve-112-istasyonu-insaati-6-ayda-bitecek","status":"publish","type":"post","link":"http:\/\/www.tvturk.com\/index.php\/asm-ve-112-istasyonu-insaati-6-ayda-bitecek\/","title":{"rendered":"ASM ve 112 \u0130stasyonu in\u015faat\u0131 6 ayda bitecek"},"content":{"rendered":"<p>D\u00dcZCE(\u0130HA) \u2013 D\u00fczce merkez kal\u0131c\u0131 konutlar b\u00f6lgesinde yap\u0131m\u0131 planlanan Aile Sa\u011fl\u0131\u011f\u0131 Merkezi (ASM) ve 112 istasyonunun yap\u0131m i\u015fi \u00e7al\u0131\u015fmalar\u0131 ba\u015flad\u0131.<\/p>\n<p>Merkez Kal\u0131c\u0131 Konutlar Nalbanto\u011flu Mahallesinde yap\u0131lmas\u0131 planlanan 8 hekimlik Aile Sa\u011fl\u0131\u011f\u0131 Merkezi ve 112 Acil Sa\u011fl\u0131k Hizmetleri \u0130stasyonu yap\u0131m \u00e7al\u0131\u015fmalar\u0131 s\u00fcr\u00fcyor. 6 Nolu Aile Sa\u011fl\u0131\u011f\u0131 Merkezinin bulundu\u011fu alana mevcut bina korunarak yap\u0131lacak olan sa\u011fl\u0131k tesisinin ihale s\u00fcreci tamamlanarak yap\u0131m i\u015fini alan ilgili firma taraf\u0131ndan i\u015fe ba\u015fland\u0131. Sa\u011fl\u0131k tesisi 6 ay gibi k\u0131sa bir s\u00fcre i\u00e7erisinde bitirilmesi planlan\u0131yor.<div class=\"tiled-gallery type-rectangular tiled-gallery-unresized\" data-original-width=\"500\" data-carousel-extra='null' itemscope itemtype=\"http:\/\/schema.org\/ImageGallery\" > <div class=\"gallery-row\" style=\"width: 500px; height: 189px;\" data-original-width=\"500\" data-original-height=\"189\" > <div class=\"gallery-group images-1\" style=\"width: 250px; height: 189px;\" data-original-width=\"250\" data-original-height=\"189\" > <div class=\"tiled-gallery-item tiled-gallery-item-small\" itemprop=\"associatedMedia\" itemscope itemtype=\"http:\/\/schema.org\/ImageObject\"> <a href=\"http:\/\/www.tvturk.com\/index.php\/asm-ve-112-istasyonu-insaati-6-ayda-bitecek\/asm-ve-112-istasyonu-insaati-6-ayda-bitecek-3\/\" border=\"0\" itemprop=\"url\"> <meta itemprop=\"width\" content=\"246\"> <meta itemprop=\"height\" content=\"185\"> <img decoding=\"async\" class=\"\" data-attachment-id=\"22090\" data-orig-file=\"http:\/\/www.tvturk.com\/wp-content\/uploads\/2019\/02\/asm-ve-112-istasyonu-insaati-6-ayda-bitecek_66600c3.jpg\" data-orig-size=\"1000,750\" data-comments-opened=\"\" data-image-meta=\"{&quot;aperture&quot;:&quot;0&quot;,&quot;credit&quot;:&quot;IHA&quot;,&quot;camera&quot;:&quot;&quot;,&quot;caption&quot;:&quot;D\\u00dcZCE MERKEZ KALICI KONUTLAR B\\u00d6LGES\\u0130NDE YAPIMI PLANLANAN A\\u0130LE SA\\u011eLI\\u011eI MERKEZ\\u0130 (ASM) VE 112 \\u0130STASYONUNUN YAPIM \\u0130\\u015e\\u0130 \\u00c7ALI\\u015eMALARI BA\\u015eLADI. (AL\\u0130 YILDIZ\\\/D\\u00dcZCE-\\u0130HA)&quot;,&quot;created_timestamp&quot;:&quot;0&quot;,&quot;copyright&quot;:&quot;\\u0130HLAS HABER AJANSI, www.iha.com.tr&quot;,&quot;focal_length&quot;:&quot;0&quot;,&quot;iso&quot;:&quot;0&quot;,&quot;shutter_speed&quot;:&quot;0&quot;,&quot;title&quot;:&quot;ASM VE 112 \\u0130STASYONU \\u0130N\\u015eAATI 6 AYDA B\\u0130TECEK&quot;,&quot;orientation&quot;:&quot;0&quot;}\" data-image-title=\"ASM ve 112 \u0130stasyonu in\u015faat\u0131 6 ayda bitecek\" data-image-description=\"&lt;p&gt;ASM ve 112 \u0130stasyonu in\u015faat\u0131 6 ayda bitecek&lt;\/p&gt; \" data-medium-file=\"https:\/\/i0.wp.com\/www.tvturk.com\/wp-content\/uploads\/2019\/02\/asm-ve-112-istasyonu-insaati-6-ayda-bitecek_66600c3.jpg?fit=300%2C225\" data-large-file=\"https:\/\/i0.wp.com\/www.tvturk.com\/wp-content\/uploads\/2019\/02\/asm-ve-112-istasyonu-insaati-6-ayda-bitecek_66600c3.jpg?fit=1000%2C750\" src=\"https:\/\/i0.wp.com\/www.tvturk.com\/wp-content\/uploads\/2019\/02\/asm-ve-112-istasyonu-insaati-6-ayda-bitecek_66600c3.jpg?w=246&#038;h=185\" srcset=\"https:\/\/i0.wp.com\/www.tvturk.com\/wp-content\/uploads\/2019\/02\/asm-ve-112-istasyonu-insaati-6-ayda-bitecek_66600c3.jpg?w=1000 1000w, https:\/\/i0.wp.com\/www.tvturk.com\/wp-content\/uploads\/2019\/02\/asm-ve-112-istasyonu-insaati-6-ayda-bitecek_66600c3.jpg?resize=150%2C113 150w, https:\/\/i0.wp.com\/www.tvturk.com\/wp-content\/uploads\/2019\/02\/asm-ve-112-istasyonu-insaati-6-ayda-bitecek_66600c3.jpg?resize=300%2C225 300w, https:\/\/i0.wp.com\/www.tvturk.com\/wp-content\/uploads\/2019\/02\/asm-ve-112-istasyonu-insaati-6-ayda-bitecek_66600c3.jpg?resize=768%2C576 768w\" width=\"246\" height=\"185\" loading=\"lazy\" data-original-width=\"246\" data-original-height=\"185\" itemprop=\"http:\/\/schema.org\/image\" title=\"ASM ve 112 \u0130stasyonu in\u015faat\u0131 6 ayda bitecek\" alt=\"ASM ve 112 \u0130stasyonu in\u015faat\u0131 6 ayda bitecek\" style=\"width: 246px; height: 185px;\" \/> <\/a> <\/div> <\/div> <!-- close group --> <div class=\"gallery-group images-1\" style=\"width: 250px; height: 189px;\" data-original-width=\"250\" data-original-height=\"189\" > <div class=\"tiled-gallery-item tiled-gallery-item-small\" itemprop=\"associatedMedia\" itemscope itemtype=\"http:\/\/schema.org\/ImageObject\"> <a href=\"http:\/\/www.tvturk.com\/index.php\/asm-ve-112-istasyonu-insaati-6-ayda-bitecek\/asm-ve-112-istasyonu-insaati-6-ayda-bitecek-4\/\" border=\"0\" itemprop=\"url\"> <meta itemprop=\"width\" content=\"246\"> <meta itemprop=\"height\" content=\"185\"> <img decoding=\"async\" class=\"\" data-attachment-id=\"22091\" data-orig-file=\"http:\/\/www.tvturk.com\/wp-content\/uploads\/2019\/02\/asm-ve-112-istasyonu-insaati-6-ayda-bitecek_b7362ef.jpg\" data-orig-size=\"1000,750\" data-comments-opened=\"\" data-image-meta=\"{&quot;aperture&quot;:&quot;0&quot;,&quot;credit&quot;:&quot;IHA&quot;,&quot;camera&quot;:&quot;&quot;,&quot;caption&quot;:&quot;D\\u00dcZCE MERKEZ KALICI KONUTLAR B\\u00d6LGES\\u0130NDE YAPIMI PLANLANAN A\\u0130LE SA\\u011eLI\\u011eI MERKEZ\\u0130 (ASM) VE 112 \\u0130STASYONUNUN YAPIM \\u0130\\u015e\\u0130 \\u00c7ALI\\u015eMALARI BA\\u015eLADI. (AL\\u0130 YILDIZ\\\/D\\u00dcZCE-\\u0130HA)&quot;,&quot;created_timestamp&quot;:&quot;0&quot;,&quot;copyright&quot;:&quot;\\u0130HLAS HABER AJANSI, www.iha.com.tr&quot;,&quot;focal_length&quot;:&quot;0&quot;,&quot;iso&quot;:&quot;0&quot;,&quot;shutter_speed&quot;:&quot;0&quot;,&quot;title&quot;:&quot;ASM VE 112 \\u0130STASYONU \\u0130N\\u015eAATI 6 AYDA B\\u0130TECEK&quot;,&quot;orientation&quot;:&quot;0&quot;}\" data-image-title=\"ASM ve 112 \u0130stasyonu in\u015faat\u0131 6 ayda bitecek\" data-image-description=\"&lt;p&gt;ASM ve 112 \u0130stasyonu in\u015faat\u0131 6 ayda bitecek&lt;\/p&gt; \" data-medium-file=\"https:\/\/i0.wp.com\/www.tvturk.com\/wp-content\/uploads\/2019\/02\/asm-ve-112-istasyonu-insaati-6-ayda-bitecek_b7362ef.jpg?fit=300%2C225\" data-large-file=\"https:\/\/i0.wp.com\/www.tvturk.com\/wp-content\/uploads\/2019\/02\/asm-ve-112-istasyonu-insaati-6-ayda-bitecek_b7362ef.jpg?fit=1000%2C750\" src=\"https:\/\/i0.wp.com\/www.tvturk.com\/wp-content\/uploads\/2019\/02\/asm-ve-112-istasyonu-insaati-6-ayda-bitecek_b7362ef.jpg?w=246&#038;h=185\" srcset=\"https:\/\/i0.wp.com\/www.tvturk.com\/wp-content\/uploads\/2019\/02\/asm-ve-112-istasyonu-insaati-6-ayda-bitecek_b7362ef.jpg?w=1000 1000w, https:\/\/i0.wp.com\/www.tvturk.com\/wp-content\/uploads\/2019\/02\/asm-ve-112-istasyonu-insaati-6-ayda-bitecek_b7362ef.jpg?resize=150%2C113 150w, https:\/\/i0.wp.com\/www.tvturk.com\/wp-content\/uploads\/2019\/02\/asm-ve-112-istasyonu-insaati-6-ayda-bitecek_b7362ef.jpg?resize=300%2C225 300w, https:\/\/i0.wp.com\/www.tvturk.com\/wp-content\/uploads\/2019\/02\/asm-ve-112-istasyonu-insaati-6-ayda-bitecek_b7362ef.jpg?resize=768%2C576 768w\" width=\"246\" height=\"185\" loading=\"lazy\" data-original-width=\"246\" data-original-height=\"185\" itemprop=\"http:\/\/schema.org\/image\" title=\"ASM ve 112 \u0130stasyonu in\u015faat\u0131 6 ayda bitecek\" alt=\"ASM ve 112 \u0130stasyonu in\u015faat\u0131 6 ayda bitecek\" style=\"width: 246px; height: 185px;\" \/> <\/a> <\/div> <\/div> <!-- close group --> <\/div> <!-- close row --> <\/div><\/p>\n","protected":false},"excerpt":{"rendered":"<p>D\u00dcZCE MERKEZ KALICI KONUTLAR B\u00d6LGES\u0130NDE YAPIMI PLANLANAN A\u0130LE SA\u011eLI\u011eI MERKEZ\u0130 (ASM) VE 112 \u0130STASYONUNUN YAPIM \u0130\u015e\u0130 \u00c7ALI\u015eMALARI BA\u015eLADI.<\/p>\n","protected":false},"author":1,"featured_media":22089,"comment_status":"closed","ping_status":"open","sticky":false,"template":"","format":"standard","meta":{"jetpack_post_was_ever_published":false,"_jetpack_newsletter_access":"","_jetpack_dont_email_post_to_subs":false,"_jetpack_newsletter_tier_id":0,"_jetpack_memberships_contains_paywalled_content":false,"_jetpack_memberships_contains_paid_content":false,"footnotes":"","jetpack_publicize_message":"","jetpack_publicize_feature_enabled":true,"jetpack_social_post_already_shared":false,"jetpack_social_options":{"image_generator_settings":{"template":"highway","default_image_id":0,"font":"","enabled":false},"version":2}},"categories":[658],"tags":[4072,9497,1164,9499,5674,9498],"class_list":["post-22088","post","type-post","status-publish","format-standard","has-post-thumbnail","hentry","category-saglik","tag-4072","tag-asm","tag-ayda","tag-bitecek","tag-insaati","tag-istasyonu"],"jetpack_publicize_connections":[],"jetpack_featured_media_url":"https:\/\/i0.wp.com\/www.tvturk.com\/wp-content\/uploads\/2019\/02\/asm-ve-112-istasyonu-insaati-6-ayda-bitecek_dcc36a0.jpg?fit=1000%2C750","jetpack_sharing_enabled":true,"jetpack_shortlink":"https:\/\/wp.me\/paKIfm-5Kg","_links":{"self":[{"href":"http:\/\/www.tvturk.com\/index.php\/wp-json\/wp\/v2\/posts\/22088","targetHints":{"allow":["GET"]}}],"collection":[{"href":"http:\/\/www.tvturk.com\/index.php\/wp-json\/wp\/v2\/posts"}],"about":[{"href":"http:\/\/www.tvturk.com\/index.php\/wp-json\/wp\/v2\/types\/post"}],"author":[{"embeddable":true,"href":"http:\/\/www.tvturk.com\/index.php\/wp-json\/wp\/v2\/users\/1"}],"replies":[{"embeddable":true,"href":"http:\/\/www.tvturk.com\/index.php\/wp-json\/wp\/v2\/comments?post=22088"}],"version-history":[{"count":1,"href":"http:\/\/www.tvturk.com\/index.php\/wp-json\/wp\/v2\/posts\/22088\/revisions"}],"predecessor-version":[{"id":22092,"href":"http:\/\/www.tvturk.com\/index.php\/wp-json\/wp\/v2\/posts\/22088\/revisions\/22092"}],"wp:featuredmedia":[{"embeddable":true,"href":"http:\/\/www.tvturk.com\/index.php\/wp-json\/wp\/v2\/media\/22089"}],"wp:attachment":[{"href":"http:\/\/www.tvturk.com\/index.php\/wp-json\/wp\/v2\/media?parent=22088"}],"wp:term":[{"taxonomy":"category","embeddable":true,"href":"http:\/\/www.tvturk.com\/index.php\/wp-json\/wp\/v2\/categories?post=22088"},{"taxonomy":"post_tag","embeddable":true,"href":"http:\/\/www.tvturk.com\/index.php\/wp-json\/wp\/v2\/tags?post=22088"}],"curies":[{"name":"wp","href":"https:\/\/api.w.org\/{rel}","templated":true}]}}