{"id":220914,"date":"2019-10-28T11:33:18","date_gmt":"2019-10-28T08:33:18","guid":{"rendered":"http:\/\/www.tvturk.com\/index.php\/sahika-ercumen-gilindire-magarasinda-dunya-rekoru-kirdi\/"},"modified":"2019-10-28T11:33:18","modified_gmt":"2019-10-28T08:33:18","slug":"sahika-ercumen-gilindire-magarasinda-dunya-rekoru-kirdi","status":"publish","type":"post","link":"http:\/\/www.tvturk.com\/index.php\/sahika-ercumen-gilindire-magarasinda-dunya-rekoru-kirdi\/","title":{"rendered":"\u015eahika Erc\u00fcmen, Gilindire Ma\u011faras\u0131\u2019nda d\u00fcnya rekoru k\u0131rd\u0131"},"content":{"rendered":"<p>D\u00fcnya dal\u0131\u015f rekortmeni \u015eahika Erc\u00fcmen, Mersin\u2019de buzul d\u00f6neminden kal\u0131nt\u0131lar ta\u015f\u0131yan Gilindire Ma\u011faras\u0131\u2019na dal\u0131\u015f yaparak, ma\u011fara dal\u0131\u015f\u0131nda kad\u0131nlar paletsiz d\u00fcnya rekorunu k\u0131rd\u0131.<\/p>\n<p>Gilindire Ma\u011faras\u0131\u2019nda, \u2019Paletsiz Kategori\u2019de rekor denemesi ger\u00e7ekle\u015ftiren milli sporcu \u015eahika Erc\u00fcmen, bu alanda kad\u0131nlar paletsiz d\u00fcnya rekoru olan 90 metre s\u0131n\u0131r\u0131n\u0131 a\u015farak d\u00fcnyada ilk kez bir ma\u011farada, tek nefeste 100 metre su alt\u0131ndan gitmeyi ba\u015fard\u0131.<\/p>\n","protected":false},"excerpt":{"rendered":"<p>\u015eAH\u0130KA ERC\u00dcMEN, G\u0130L\u0130ND\u0130RE MA\u011eARASI&#8217;NDA D\u00dcNYA REKORU KIRDI<\/p>\n","protected":false},"author":1,"featured_media":220915,"comment_status":"closed","ping_status":"open","sticky":false,"template":"","format":"standard","meta":{"jetpack_post_was_ever_published":false,"_jetpack_newsletter_access":"","_jetpack_dont_email_post_to_subs":false,"_jetpack_newsletter_tier_id":0,"_jetpack_memberships_contains_paywalled_content":false,"_jetpack_memberships_contains_paid_content":false,"footnotes":"","jetpack_publicize_message":"","jetpack_publicize_feature_enabled":true,"jetpack_social_post_already_shared":true,"jetpack_social_options":{"image_generator_settings":{"template":"highway","default_image_id":0,"font":"","enabled":false},"version":2}},"categories":[657],"tags":[349,53231,54607,1588,32096,6268,53188],"class_list":["post-220914","post","type-post","status-publish","format-standard","has-post-thumbnail","hentry","category-spor","tag-dunya","tag-ercumen","tag-gilindire","tag-kirdi","tag-magarasinda","tag-rekoru","tag-sahika"],"jetpack_publicize_connections":[],"jetpack_featured_media_url":"https:\/\/i0.wp.com\/www.tvturk.com\/wp-content\/uploads\/2019\/10\/sahika-ercumen-gilindire-magarasinda-dunya-rekoru-kirdi_453e28e.jpg?fit=1000%2C562","jetpack_sharing_enabled":true,"jetpack_shortlink":"https:\/\/wp.me\/paKIfm-Vt8","_links":{"self":[{"href":"http:\/\/www.tvturk.com\/index.php\/wp-json\/wp\/v2\/posts\/220914","targetHints":{"allow":["GET"]}}],"collection":[{"href":"http:\/\/www.tvturk.com\/index.php\/wp-json\/wp\/v2\/posts"}],"about":[{"href":"http:\/\/www.tvturk.com\/index.php\/wp-json\/wp\/v2\/types\/post"}],"author":[{"embeddable":true,"href":"http:\/\/www.tvturk.com\/index.php\/wp-json\/wp\/v2\/users\/1"}],"replies":[{"embeddable":true,"href":"http:\/\/www.tvturk.com\/index.php\/wp-json\/wp\/v2\/comments?post=220914"}],"version-history":[{"count":0,"href":"http:\/\/www.tvturk.com\/index.php\/wp-json\/wp\/v2\/posts\/220914\/revisions"}],"wp:featuredmedia":[{"embeddable":true,"href":"http:\/\/www.tvturk.com\/index.php\/wp-json\/wp\/v2\/media\/220915"}],"wp:attachment":[{"href":"http:\/\/www.tvturk.com\/index.php\/wp-json\/wp\/v2\/media?parent=220914"}],"wp:term":[{"taxonomy":"category","embeddable":true,"href":"http:\/\/www.tvturk.com\/index.php\/wp-json\/wp\/v2\/categories?post=220914"},{"taxonomy":"post_tag","embeddable":true,"href":"http:\/\/www.tvturk.com\/index.php\/wp-json\/wp\/v2\/tags?post=220914"}],"curies":[{"name":"wp","href":"https:\/\/api.w.org\/{rel}","templated":true}]}}