{"id":221144,"date":"2019-10-28T18:32:54","date_gmt":"2019-10-28T15:32:54","guid":{"rendered":"http:\/\/www.tvturk.com\/index.php\/erol-bulut-kupada-gidebildigimiz-yere-kadar-gitmek-istiyoruz\/"},"modified":"2019-10-28T18:32:54","modified_gmt":"2019-10-28T15:32:54","slug":"erol-bulut-kupada-gidebildigimiz-yere-kadar-gitmek-istiyoruz","status":"publish","type":"post","link":"http:\/\/www.tvturk.com\/index.php\/erol-bulut-kupada-gidebildigimiz-yere-kadar-gitmek-istiyoruz\/","title":{"rendered":"Erol Bulut: \u201cKupada gidebildi\u011fimiz yere kadar gitmek istiyoruz\u201d"},"content":{"rendered":"<p>S\u00fcper Lig ekiplerinden Aytemiz Alanyaspor, Ziraat T\u00fcrkiye Kupas\u0131\u2019nda yar\u0131n sahas\u0131nda kar\u015f\u0131la\u015faca\u011f\u0131 \u0130neg\u00f6lspor ma\u00e7\u0131 haz\u0131rl\u0131klar\u0131n\u0131 tamamlad\u0131. \u0130dman \u00f6ncesi konu\u015fan Teknik Direkt\u00f6r Erol Bulut, \u201cKupada gidebildi\u011fimiz yere kadar gitmek istiyoruz. S\u00fcper Lig ma\u00e7\u0131 gibi yar\u0131nki ma\u00e7\u0131 da ciddiye alarak kazan\u0131p tur atlamak istiyoruz\u201d dedi.<\/p>\n<p>S\u00fcper Lig\u2019in 9\u2019uncu haftas\u0131n ma\u00e7\u0131nda konuk oldu\u011fu Gaziantep FK ile 1-1\u2019lik skorla berabere ayr\u0131lan Aytemiz Alanyaspor, Ziraat T\u00fcrkiye Kupas\u0131 4\u2019\u00fcnc\u00fc Tur\u2019da yar\u0131n \u0130neg\u00f6lspor ile yapaca\u011f\u0131 ma\u00e7\u0131n haz\u0131rl\u0131klar\u0131n\u0131 yapt\u0131\u011f\u0131 idmanla tamamlad\u0131.<\/p>\n<p>Teknik Direkt\u00f6r Erol Bulut g\u00f6zetiminde bu ak\u015fam Alanyaspor Cengiz Aydo\u011fan Tesislerinde yap\u0131lan antrenman ya\u011fmur alt\u0131nda ger\u00e7ekle\u015ftirildi. Antrenman\u0131n bas\u0131na a\u00e7\u0131k b\u00f6l\u00fcm\u00fcnde turuncu ye\u015filli ekip \u0131s\u0131nma ve 3 grup halinde 5\u2019e 2 top kapma \u00e7al\u0131\u015fmalar\u0131 yapt\u0131. Futbolcular kalan b\u00f6l\u00fcm\u00fcnde ise taktik i\u00e7erikli \u00e7al\u0131\u015fmalar antrenman\u0131 tamamlad\u0131. \u0130dmana sakal\u0131\u011f\u0131 bulunan Lokman ve Juanfran kat\u0131lmad\u0131.<\/p>\n<p>\u0130dman \u00f6ncesi gazetecilerin sorular\u0131n\u0131 yan\u0131tlayan Aytemiz Alanyaspor Teknik Direkt\u00f6r\u00fc Erol Bulut, S\u00fcper Lig\u2019in 9\u2019uncu haftas\u0131nda deplasmanda Gaziantep FK ile 1-1\u2019lik skorla berabere kald\u0131klar\u0131 ma\u00e7\u0131 de\u011ferlendirdi.<\/p>\n<p>\u201cOlmayan bir faulden yedi\u011fimiz bir gol var\u201d<\/p>\n<p>Teknik adam Bulut, \u201dAsl\u0131nda sezon ba\u015f\u0131ndan beri bakt\u0131\u011f\u0131m\u0131zda deplasmanda oynad\u0131\u011f\u0131m\u0131z ma\u00e7larla evimizde oynad\u0131\u011f\u0131m\u0131z ma\u00e7lar aras\u0131nda farkl\u0131l\u0131klar var. Evimizde oynad\u0131\u011f\u0131m\u0131z ma\u00e7larda h\u00fccuma y\u00f6nelik daha agresif ve istedi\u011fimiz gibi oynuyoruz. Deplasman ma\u00e7lar\u0131nda bu verimi ise futbolculardan net alam\u0131yoruz. Futbolcularla konu\u015fup nedenlerini \u00f6\u011frenmemiz laz\u0131m. Bunu zaten \u00f6n\u00fcm\u00fczdeki g\u00fcnlerde yapaca\u011f\u0131z. Konu\u015faca\u011f\u0131m\u0131z birka\u00e7 arkada\u015f\u0131m\u0131z var. Oyunun geneline bakt\u0131\u011f\u0131m\u0131zda yakalad\u0131\u011f\u0131m\u0131z 4-5 pozisyon var. Asl\u0131nda kazanmam\u0131z gereken bir ma\u00e7t\u0131. Tabii olmayan bir faulden yedi\u011fimiz bir gol var. Bu bizi daha \u00e7ok \u00fcz\u00fcyor. Rakip bask\u0131l\u0131 oynad\u0131 2. yar\u0131 ama maalesef buna biz izin verdik. Ma\u00e7 esnas\u0131nda ne kadar futbolcular\u0131ma seslenerek \u00f6nde rakibi kar\u015f\u0131lay\u0131n desek de maalesef futbol psikolojisinde bazen bunlar oluyor. Kendi b\u00f6lgemizde defans yaparak oyunu koruruz d\u00fc\u015f\u00fcnmesi oluyor ama bu b\u00f6yle de\u011fil. Tak\u0131m\u0131 geri \u00e7ekti\u011finizde kendi birinci b\u00f6lgenizde rakibi tutup skoru sabitlemeye \u00e7al\u0131\u015f\u0131rsan\u0131z \u00f6yle veya b\u00f6yle bir hatadan gol gelebiliyor. Asl\u0131nda 3\u2019\u00fcnc\u00fc b\u00f6lge ve 2\u2019inci b\u00f6lgede rakibimizi kar\u015f\u0131lam\u0131\u015f olabilseydik zaten o pozisyonda olmazd\u0131. \u015eans\u0131m\u0131z vard\u0131 s\u00f6yledi\u011fim gibi onlar\u0131 de\u011ferlendirmi\u015f olsayd\u0131k, bug\u00fcn burada 3 puan alm\u0131\u015f bir tak\u0131m olarak  daha farkl\u0131 konu\u015furduk. Tabii ki ma\u00e7\u0131 kazanm\u0131\u015f olsak bile benim konu\u015fmam tak\u0131m\u0131n performans\u0131 ile de\u011fi\u015fmeyecekti. Sonu\u00e7ta iyi oynamad\u0131\u011f\u0131m\u0131z bir oyun. Ger\u00e7ekleri g\u00f6rmeniz laz\u0131m. Ma\u00e7\u0131 kazand\u0131\u011f\u0131n\u0131zda bu demek de\u011fildir iyi oynayarak ma\u00e7 kazand\u0131n\u0131z. Bazen iyi oynamayarak ma\u00e7 kazana biliyorsun\u201d dedi.<\/p>\n<p>\u201cYedek kul\u00fcbesinde ayn\u0131 performans\u0131 sergileyecek futbolcular\u0131m\u0131z var\u201d<\/p>\n<p>Kart cezas\u0131 olan futbolculara da de\u011finen Bulut, s\u0131n\u0131rda olan 4 futbolcular\u0131n\u0131n oldu\u011funu ifade etti. Bulut, &#8220;Ama yedek kul\u00fcbesinde de oyunu de\u011fi\u015ftire bilecek ve ayn\u0131 performans\u0131 sergileyecek futbolcular\u0131m\u0131z var. Cezal\u0131lar\u0131n yerine ba\u015fkalar\u0131 oynayacakt\u0131r. Onlarda ayn\u0131 performans\u0131 vererek tak\u0131ma katk\u0131 sa\u011flayacaklard\u0131r. Evet \u00f6n\u00fcm\u00fczde Ba\u015fak\u015fehir ve Trabzonspor ma\u00e7\u0131 var. \u0130kisi de zor ma\u00e7 ama zor ma\u00e7lara daha iyi konsantre olan bir tak\u0131m\u0131z. Bunu da g\u00f6sterdik bug\u00fcne kadar. \u0130n\u015fallah bu 2 ma\u00e7ta ayn\u0131 d\u00fczeyde konsantrasyonumuzu sa\u011flay\u0131p performans\u0131m\u0131z\u0131 y\u00fckselterek devam ederiz. \u0130n\u015fallah umdu\u011fumuz gibi olur\u201d diye konu\u015ftu.<\/p>\n<p>\u201cS\u00fcper Lig ma\u00e7\u0131 gibi yar\u0131nki ma\u00e7\u0131 da ciddiye alaca\u011f\u0131z\u201d<\/p>\n<p>Kupa ma\u00e7\u0131n\u0131 da de\u011ferlendiren Bulut \u015funlar\u0131 s\u00f6yledi:<\/p>\n<p>\u201cKupada gidebildi\u011fimiz yere kadar gitmek istiyoruz. Yar\u0131n da bunun ba\u015flang\u0131c\u0131, bu demek de\u011fildir ki rakibimiz \u0130neg\u00f6l\u00fc k\u00fc\u00e7\u00fcms\u00fcyoruz. \u0130neg\u00f6l oynayan iyi bir tak\u0131m. S\u00fcper Lig ma\u00e7\u0131 gibi yar\u0131nki ma\u00e7\u0131 da ciddiye alarak kazan\u0131p, tur atlamak istiyoruz\u201d ifadelerini kulland\u0131.<\/p>\n","protected":false},"excerpt":{"rendered":"<p>S\u00dcPER L\u0130G EK\u0130PLER\u0130NDEN AYTEM\u0130Z ALANYASPOR, Z\u0130RAAT T\u00dcRK\u0130YE KUPASI&#8217;NDA YARIN SAHASINDA KAR\u015eILA\u015eACA\u011eI \u0130NEG\u00d6LSPOR MA\u00c7I HAZIRLIKLARINI TAMAMLADI. \u0130DMAN \u00d6NCES\u0130 KONU\u015eAN TEKN\u0130K D\u0130REKT\u00d6R EROL BULUT, \u201cKUPADA G\u0130DEB\u0130LD\u0130\u011e\u0130M\u0130Z YERE KADAR G\u0130TMEK \u0130ST\u0130YORUZ. S\u00dcPER L\u0130G MA\u00c7I G\u0130B\u0130 YARINK\u0130 MA\u00c7I DA C\u0130DD\u0130YE ALARAK KAZANIP TUR ATLAMAK \u0130ST\u0130YORUZ\u201d DED\u0130.<\/p>\n","protected":false},"author":1,"featured_media":221145,"comment_status":"closed","ping_status":"open","sticky":false,"template":"","format":"standard","meta":{"jetpack_post_was_ever_published":false,"_jetpack_newsletter_access":"","_jetpack_dont_email_post_to_subs":false,"_jetpack_newsletter_tier_id":0,"_jetpack_memberships_contains_paywalled_content":false,"_jetpack_memberships_contains_paid_content":false,"footnotes":"","jetpack_publicize_message":"","jetpack_publicize_feature_enabled":true,"jetpack_social_post_already_shared":true,"jetpack_social_options":{"image_generator_settings":{"template":"highway","default_image_id":0,"font":"","enabled":false},"version":2}},"categories":[657],"tags":[8519,8518,52057,7375,2674,3702,779,1048],"class_list":["post-221144","post","type-post","status-publish","format-standard","has-post-thumbnail","hentry","category-spor","tag-bulut","tag-erol","tag-gidebildigimiz","tag-gitmek","tag-istiyoruz","tag-kadar","tag-kupada","tag-yere"],"jetpack_publicize_connections":[],"jetpack_featured_media_url":"https:\/\/i0.wp.com\/www.tvturk.com\/wp-content\/uploads\/2019\/10\/erol-bulut-kupada-gidebildigimiz-yere-kadar-gitmek-istiyoruz_76ce894.jpg?fit=1000%2C666","jetpack_sharing_enabled":true,"jetpack_shortlink":"https:\/\/wp.me\/paKIfm-VwQ","_links":{"self":[{"href":"http:\/\/www.tvturk.com\/index.php\/wp-json\/wp\/v2\/posts\/221144","targetHints":{"allow":["GET"]}}],"collection":[{"href":"http:\/\/www.tvturk.com\/index.php\/wp-json\/wp\/v2\/posts"}],"about":[{"href":"http:\/\/www.tvturk.com\/index.php\/wp-json\/wp\/v2\/types\/post"}],"author":[{"embeddable":true,"href":"http:\/\/www.tvturk.com\/index.php\/wp-json\/wp\/v2\/users\/1"}],"replies":[{"embeddable":true,"href":"http:\/\/www.tvturk.com\/index.php\/wp-json\/wp\/v2\/comments?post=221144"}],"version-history":[{"count":0,"href":"http:\/\/www.tvturk.com\/index.php\/wp-json\/wp\/v2\/posts\/221144\/revisions"}],"wp:featuredmedia":[{"embeddable":true,"href":"http:\/\/www.tvturk.com\/index.php\/wp-json\/wp\/v2\/media\/221145"}],"wp:attachment":[{"href":"http:\/\/www.tvturk.com\/index.php\/wp-json\/wp\/v2\/media?parent=221144"}],"wp:term":[{"taxonomy":"category","embeddable":true,"href":"http:\/\/www.tvturk.com\/index.php\/wp-json\/wp\/v2\/categories?post=221144"},{"taxonomy":"post_tag","embeddable":true,"href":"http:\/\/www.tvturk.com\/index.php\/wp-json\/wp\/v2\/tags?post=221144"}],"curies":[{"name":"wp","href":"https:\/\/api.w.org\/{rel}","templated":true}]}}